{"id":148081,"date":"2025-10-09T10:38:13","date_gmt":"2025-10-09T13:38:13","guid":{"rendered":"https:\/\/diariodamanhapelotas.com.br\/site\/?p=148081"},"modified":"2025-10-09T10:38:13","modified_gmt":"2025-10-09T13:38:13","slug":"grupo-nobre-tamboreiro-chega-as-cidades-do-extremo-sul-em-circulacao-pelo-estado","status":"publish","type":"post","link":"https:\/\/diariodamanhapelotas.com.br\/site\/grupo-nobre-tamboreiro-chega-as-cidades-do-extremo-sul-em-circulacao-pelo-estado\/","title":{"rendered":"Grupo Nobre Tamboreiro chega \u00e0s cidades do Extremo Sul em circula\u00e7\u00e3o pelo Estado"},"content":{"rendered":"<h3 style=\"text-align: center;\"><em>O grupo acumula um legado art\u00edstico de mais de uma d\u00e9cada de intensa produ\u00e7\u00e3o musical<\/em><\/h3>\n<p>Contemplado no Edital da SEDAC RS com recursos da Pol\u00edtica Nacional Aldir Blanc, o projeto e espet\u00e1culo musical<i> <\/i>NOBRE TAMBOREIRO PACHAMAM\u00c1FRICA ir\u00e1 circular contemplando os locais atingidos pela trag\u00e9dia clim\u00e1tica de maio de 2024, passando ao todo, por 12 cidades do estado. Integram ainda a programa\u00e7\u00e3o do projeto, duas atividades formativas e de interc\u00e2mbio.<\/p>\n<p>NOBRE TAMBOREIRO \u00e9 a tradu\u00e7\u00e3o do ioruba para l\u00edngua portuguesa do<span class=\"Apple-converted-space\">\u00a0 <\/span>termo Alab\u00ea \u00d4ni, antigo nome do grupo formado para o Projeto Sonora Brasil do SESC em 2012, que ficou ativo com esta nomenclatura at\u00e9 2023. A partir de agora e com nova forma\u00e7\u00e3o \u2013 com a participa\u00e7\u00e3o dos m\u00fasicos Richard Serraria, Mimmo Ferreira e Tuti Rodrigues &#8211; o grupo optou por usar a tradu\u00e7\u00e3o do seu nome para este novo ciclo de exist\u00eancia.<span class=\"Apple-converted-space\">\u00a0<\/span><\/p>\n<p>O grupo acumula um legado art\u00edstico de mais de uma d\u00e9cada de intensa produ\u00e7\u00e3o musical, formativa e tamb\u00e9m perform\u00e1tica, tendo promovido a circula\u00e7\u00e3o de seu repert\u00f3rio e compartilhado atividades formativas para o p\u00fablico por todo pa\u00eds.<span class=\"Apple-converted-space\">\u00a0<\/span><\/p>\n<p>Este projeto, \u00e9 a continuidade, amplia\u00e7\u00e3o e consolida\u00e7\u00e3o desta rica trajet\u00f3ria que ir\u00e1 circular pelo Rio Grande do Sul.<\/p>\n<h4 style=\"text-align: center;\"><b>Dias 14,15 e 16 de outubro \u00e9 a vez do Sul do estado receber este projeto com atividades gratuitas e abertas a todos os p\u00fablicos com int\u00e9rprete de Libras.<\/b><\/h4>\n<p><b><i>Oficina de forma\u00e7\u00e3o em tambores<\/i><\/b><i> \u2013 <\/i>Esta atividade se trata de<i> <\/i>uma oficina de forma\u00e7\u00e3o em tambores para o p\u00fablico em geral, oferecendo uma oportunidade \u00fanica de frui\u00e7\u00e3o e partilha de saberes te\u00f3ricos e pr\u00e1ticos sobre a hist\u00f3ria, diversidade e contribui\u00e7\u00e3o dos tambores para a constru\u00e7\u00e3o de nossa mem\u00f3ria social e cultural.<\/p>\n<p><b><i>Roda de interc\u00e2mbio com artistas e agentes culturais locais<\/i><\/b><i> \u2013 <\/i>Este momento<i>, <\/i>denominado roda de interc\u00e2mbio acontece com artistas e agentes culturais locais, para discuss\u00e3o e trocas a cerca de uma Economia Criativa a partir e, no entorno dos tambores e o fortalecimento de uma rede estadual de tamboreiros.<\/p>\n<h4 style=\"text-align: center;\"><b>Programa\u00e7\u00e3o por cidade<\/b><\/h4>\n<p>Circuito Litoral Sul:<\/p>\n<ul>\n<li>S\u00e3o Jos\u00e9 do Norte<\/li>\n<\/ul>\n<p>Dia: 14\/10<br \/>\nLocal: Casar\u00e3o do Saber e da Inova\u00e7\u00e3o<br \/>\nRua J\u00falio de Castilhos, 33<br \/>\n16h \u2013 Oficina<br \/>\n19h &#8211; Espet\u00e1culo + Roda de Conversa<\/p>\n<ul>\n<li>Rio Grande<\/li>\n<\/ul>\n<p>Dia 15\/10<br \/>\nLocal: CCMar (Centro de Conv\u00edvio dos Jovens do Mar)<br \/>\nRua Visconde de Parangu\u00e1, 24<span class=\"Apple-converted-space\">\u00a0<\/span><\/p>\n<p>* as atividades no CCMar ser\u00e3o internas para os estudantes da institui\u00e7\u00e3o<br \/>\n14h &#8211; Oficina<br \/>\n15h -Espet\u00e1culo +Roda de Conversa<\/p>\n<p>&#8212;&#8212;&#8212;&#8212;&#8212;&#8211;\u2010<\/p>\n<ul>\n<li>Pelotas<\/li>\n<\/ul>\n<p>Dia: 16\/10 \u2013 Pelotas<br \/>\nLocal: OtroPorto<br \/>\nRua Benjamin Constant, 701\u00aa<br \/>\n15h \u2013 Oficina<br \/>\n18h -Espet\u00e1culo + Roda de conversa<\/p>\n<p><b>Ficha t\u00e9cnica<\/b><\/p>\n<p>Tuti Rodrigues- M\u00fasico e Coordenador Geral<\/p>\n<p>Richard Serraria \u2013 M\u00fasico e Produtor executivo<\/p>\n<p>Mimmo Ferreira \u2013 M\u00fasico<\/p>\n<p>Leandro Alves da Silva \u2013 Orienta\u00e7\u00e3o C\u00eanica<\/p>\n<p>Produ\u00e7\u00e3o local Circuito Sul \u2013 Renata Pinhatti<br \/>\nAssessoria de Comunica\u00e7\u00e3o Circuito Sul \u2013 Joana Bendjouya<\/p>\n<p><b>Conhe\u00e7a o trabalho<\/b><\/p>\n<p>Instagram <a href=\"https:\/\/www.instagram.com\/nobretamboreiro\/\">https:\/\/www.instagram.com\/nobretamboreiro\/<\/a><span class=\"Apple-converted-space\">\u00a0<\/span><\/p>\n<p>Youtube <a href=\"https:\/\/www.youtube.com\/@nobretamboreiro\">https:\/\/www.youtube.com\/@nobretamboreiro<\/a><span class=\"Apple-converted-space\">\u00a0<\/span><\/p>\n<p>Facebook <a href=\"https:\/\/www.facebook.com\/nobretamboreiro\">https:\/\/www.facebook.com\/nobretamboreiro<\/a><span class=\"Apple-converted-space\">\u00a0<\/span><\/p>\n","protected":false},"excerpt":{"rendered":"<p>O grupo acumula um legado art\u00edstico de mais de uma d\u00e9cada de intensa produ\u00e7\u00e3o musical Contemplado no Edital da SEDAC RS com recursos da Pol\u00edtica Nacional Aldir Blanc, o projeto<\/p>\n","protected":false},"author":34,"featured_media":148082,"comment_status":"closed","ping_status":"closed","sticky":false,"template":"","format":"standard","meta":[],"categories":[305,32],"tags":[],"_links":{"self":[{"href":"https:\/\/diariodamanhapelotas.com.br\/site\/wp-json\/wp\/v2\/posts\/148081"}],"collection":[{"href":"https:\/\/diariodamanhapelotas.com.br\/site\/wp-json\/wp\/v2\/posts"}],"about":[{"href":"https:\/\/diariodamanhapelotas.com.br\/site\/wp-json\/wp\/v2\/types\/post"}],"author":[{"embeddable":true,"href":"https:\/\/diariodamanhapelotas.com.br\/site\/wp-json\/wp\/v2\/users\/34"}],"replies":[{"embeddable":true,"href":"https:\/\/diariodamanhapelotas.com.br\/site\/wp-json\/wp\/v2\/comments?post=148081"}],"version-history":[{"count":2,"href":"https:\/\/diariodamanhapelotas.com.br\/site\/wp-json\/wp\/v2\/posts\/148081\/revisions"}],"predecessor-version":[{"id":148084,"href":"https:\/\/diariodamanhapelotas.com.br\/site\/wp-json\/wp\/v2\/posts\/148081\/revisions\/148084"}],"wp:featuredmedia":[{"embeddable":true,"href":"https:\/\/diariodamanhapelotas.com.br\/site\/wp-json\/wp\/v2\/media\/148082"}],"wp:attachment":[{"href":"https:\/\/diariodamanhapelotas.com.br\/site\/wp-json\/wp\/v2\/media?parent=148081"}],"wp:term":[{"taxonomy":"category","embeddable":true,"href":"https:\/\/diariodamanhapelotas.com.br\/site\/wp-json\/wp\/v2\/categories?post=148081"},{"taxonomy":"post_tag","embeddable":true,"href":"https:\/\/diariodamanhapelotas.com.br\/site\/wp-json\/wp\/v2\/tags?post=148081"}],"curies":[{"name":"wp","href":"https:\/\/api.w.org\/{rel}","templated":true}]}}