{"id":148085,"date":"2025-10-09T10:51:24","date_gmt":"2025-10-09T13:51:24","guid":{"rendered":"https:\/\/diariodamanhapelotas.com.br\/site\/?p=148085"},"modified":"2025-10-09T18:43:11","modified_gmt":"2025-10-09T21:43:11","slug":"amp-reuni-medicos-da-cidade-para-torneio-inedito","status":"publish","type":"post","link":"https:\/\/diariodamanhapelotas.com.br\/site\/amp-reuni-medicos-da-cidade-para-torneio-inedito\/","title":{"rendered":"AMP reuni m\u00e9dicos da cidade para torneio in\u00e9dito"},"content":{"rendered":"<h3 style=\"text-align: center;\"><i>1\u00ba Torneio de T\u00eanis AMP \u2013 marcar\u00e1 os 85 anos da entidade<\/i><\/h3>\n<p style=\"text-align: left;\">No dia\u00a0<b>25 de outubro<\/b>, Pelotas ser\u00e1 palco da primeira edi\u00e7\u00e3o do <b>Torneio de T\u00eanis AMP<\/b>, um torneio promovido para m\u00e9dicos e m\u00e9dicas, s\u00f3cios da Associa\u00e7\u00e3o M\u00e9dica de Pelotas \u2013 AMP, que pretende unir promo\u00e7\u00e3o de sa\u00fade, qualidade de vida, esporte e integra\u00e7\u00e3o.<span class=\"Apple-converted-space\">\u00a0 <\/span><i>\u201cEstamos muito felizes em promover e incentivar essa experi\u00eancia in\u00e9dita para a AMP, um evento esportivo e tamb\u00e9m comemorativo por todos esses anos de atua\u00e7\u00e3o da Associa\u00e7\u00e3o\u201d<\/i>, comenta o m\u00e9dico Silvio Lu\u00eds Souza do Reis, referindo-se aos 85 anos de atua\u00e7\u00e3o da AMP, tendo o torneio como uma das atividades alusivas ao anivers\u00e1rio.<\/p>\n<p><img loading=\"lazy\" class=\"alignright wp-image-148087\" src=\"https:\/\/diariodamanhapelotas.com.br\/site\/wp-content\/uploads\/2025\/10\/whatsapp-image-2025-10-08-at-104825-240x300.jpeg\" alt=\"\" width=\"300\" height=\"375\" srcset=\"https:\/\/diariodamanhapelotas.com.br\/site\/wp-content\/uploads\/2025\/10\/whatsapp-image-2025-10-08-at-104825-240x300.jpeg 240w, https:\/\/diariodamanhapelotas.com.br\/site\/wp-content\/uploads\/2025\/10\/whatsapp-image-2025-10-08-at-104825-120x150.jpeg 120w, https:\/\/diariodamanhapelotas.com.br\/site\/wp-content\/uploads\/2025\/10\/whatsapp-image-2025-10-08-at-104825.jpeg 480w\" sizes=\"(max-width: 300px) 100vw, 300px\" \/><\/p>\n<p style=\"text-align: left;\">Mais do que uma disputa esportiva, o evento busca valorizar o bem-estar, a qualidade de vida e o esp\u00edrito de confraterniza\u00e7\u00e3o entre colegas de profiss\u00e3o, que ir\u00e3o trocar o consult\u00f3rio pelas quadras de t\u00eanis.<\/p>\n<p style=\"text-align: left;\">A competi\u00e7\u00e3o ser\u00e1 realizada no Dunas Clube, no formato de duplas, aonde cada associado da AMP poder\u00e1 convidar um n\u00e3o s\u00f3cio, para compor a sua dupla.<\/p>\n<p style=\"text-align: left;\">O s\u00e1bado come\u00e7ar\u00e1 com uma calorosa recep\u00e7\u00e3o pela manh\u00e3 e sorteio das duplas, seguido com os jogos, churrasco ao meio dia e a tarde segue com os jogos finalistas.<\/p>\n<p style=\"text-align: left;\">O evento promete trazer uma importante troca de experi\u00eancias e fortalecimento da rela\u00e7\u00e3o entre medicina e esporte, conforme saliente a m\u00e9dica pediatra Carmem Cec\u00edlia Mattar Riemke, uma das organizadoras do torneio. <i>\u201cEu acredito muito na import\u00e2ncia da pratica de esportes, sempre, as m\u00e3es dos meus pacientes sabem bem disto, para mim t\u00eam a mesma import\u00e2ncia dos estudos, precisamos dar esse exemplo e criar essa rotina em nossas vidas\u201d, <\/i>salienta C\u00e1rmem, que est\u00e1 frente a organiza\u00e7\u00e3o, junto com o tamb\u00e9m m\u00e9dico, o cardiologista Alan Castro D&#8217;Avila.<\/p>\n<p style=\"text-align: left;\">Para participar, basta ser s\u00f3cio da AMP e entrar em contato com a secretaria da entidade, pelo telefone: 53-<a href=\"tel:5332223522\">3222-3522<\/a><br \/>\nou whatsApp: 53-981240347<\/p>\n<p>O prazo para as inscri\u00e7\u00f5es \u00e9 at\u00e9 o dia 20 de outubro e cada s\u00f3cio da AMP poder\u00e1 convidar um n\u00e3o s\u00f3cio para fazer parte da sua dupla, com valores diferenciados na inscri\u00e7\u00e3o.<\/p>\n<h4 style=\"text-align: center;\"><b>Hist\u00f3ria &#8211; AMP<span class=\"Apple-converted-space\">\u00a0<\/span><\/b><\/h4>\n<p>Fundada em 7 de novembro de 1940 por um grupo de sonhadores, a Associa\u00e7\u00e3o M\u00e9dica de Pelotas tem na sua hist\u00f3ria a semente dos cursos de medicina da Universidade Federal de Pelotas (UFPel) e Universidade Cat\u00f3lica de Pelotas (UCPel). Ao longo da sua trajet\u00f3ria protagonizou importantes conquistas, sempre promovendo o conhecimento m\u00e9dico-cient\u00edfico. A entidade representa os interesses da categoria junto aos demais \u00f3rg\u00e3os que regulam a \u00e1rea.<\/p>\n<p>Hoje a AMP \u00e9 uma entidade consolidada e reconhecida na \u00e1rea de sa\u00fade nos mais diversos p\u00fablicos. Constantemente atualizada, procura estar cada vez mais presente na vida de seus associados, estimulando a interatividade e fomentando o exerc\u00edcio da boa medicina.<\/p>\n<h4 style=\"text-align: center;\"><b>Servi\u00e7o<\/b><\/h4>\n<p><b>Torneio de T\u00eanis AMP de duplas<\/b><\/p>\n<p><b>Quando?<br \/>\n<\/b>25 de outubro<br \/>\n<b><\/b><\/p>\n<p><b>Aonde?<br \/>\n<\/b>Dunas Clube<\/p>\n<p><b>Quanto?<\/b><br \/>\nR$70,00 &#8211; S\u00f3cio AMP<\/p>\n<p>R$100,00 \u2013 N\u00e3o S\u00f3cio AMP<\/p>\n<p>Para participar, basta ser s\u00f3cio da AMP e entrar em contato com a secretaria da entidade, pelo telefone: 53-<a href=\"tel:5332223522\">3222-3522<\/a><br \/>\nou whatsApp: 53-981240347<\/p>\n","protected":false},"excerpt":{"rendered":"<p>1\u00ba Torneio de T\u00eanis AMP \u2013 marcar\u00e1 os 85 anos da entidade No dia\u00a025 de outubro, Pelotas ser\u00e1 palco da primeira edi\u00e7\u00e3o do Torneio de T\u00eanis AMP, um torneio promovido<\/p>\n","protected":false},"author":34,"featured_media":127469,"comment_status":"closed","ping_status":"closed","sticky":false,"template":"","format":"standard","meta":[],"categories":[305,149],"tags":[],"_links":{"self":[{"href":"https:\/\/diariodamanhapelotas.com.br\/site\/wp-json\/wp\/v2\/posts\/148085"}],"collection":[{"href":"https:\/\/diariodamanhapelotas.com.br\/site\/wp-json\/wp\/v2\/posts"}],"about":[{"href":"https:\/\/diariodamanhapelotas.com.br\/site\/wp-json\/wp\/v2\/types\/post"}],"author":[{"embeddable":true,"href":"https:\/\/diariodamanhapelotas.com.br\/site\/wp-json\/wp\/v2\/users\/34"}],"replies":[{"embeddable":true,"href":"https:\/\/diariodamanhapelotas.com.br\/site\/wp-json\/wp\/v2\/comments?post=148085"}],"version-history":[{"count":5,"href":"https:\/\/diariodamanhapelotas.com.br\/site\/wp-json\/wp\/v2\/posts\/148085\/revisions"}],"predecessor-version":[{"id":148127,"href":"https:\/\/diariodamanhapelotas.com.br\/site\/wp-json\/wp\/v2\/posts\/148085\/revisions\/148127"}],"wp:featuredmedia":[{"embeddable":true,"href":"https:\/\/diariodamanhapelotas.com.br\/site\/wp-json\/wp\/v2\/media\/127469"}],"wp:attachment":[{"href":"https:\/\/diariodamanhapelotas.com.br\/site\/wp-json\/wp\/v2\/media?parent=148085"}],"wp:term":[{"taxonomy":"category","embeddable":true,"href":"https:\/\/diariodamanhapelotas.com.br\/site\/wp-json\/wp\/v2\/categories?post=148085"},{"taxonomy":"post_tag","embeddable":true,"href":"https:\/\/diariodamanhapelotas.com.br\/site\/wp-json\/wp\/v2\/tags?post=148085"}],"curies":[{"name":"wp","href":"https:\/\/api.w.org\/{rel}","templated":true}]}}