{"id":148090,"date":"2025-10-09T11:16:32","date_gmt":"2025-10-09T14:16:32","guid":{"rendered":"https:\/\/diariodamanhapelotas.com.br\/site\/?p=148090"},"modified":"2025-10-09T11:16:32","modified_gmt":"2025-10-09T14:16:32","slug":"noite-historica-conselho-aprova-proposta-para-transformar-o-brasil-em-saf","status":"publish","type":"post","link":"https:\/\/diariodamanhapelotas.com.br\/site\/noite-historica-conselho-aprova-proposta-para-transformar-o-brasil-em-saf\/","title":{"rendered":"Noite hist\u00f3rica: Conselho aprova proposta para transformar o Brasil em SAF"},"content":{"rendered":"<h3 style=\"text-align: center;\"><em>A pr\u00f3xima etapa \u00e9 a realiza\u00e7\u00e3o de consulta aos s\u00f3cios do Clube por meio de Assembleia Geral<\/em><\/h3>\n<p>Na noite de quarta-feira (8), o Conselho Deliberativo do Gr\u00eamio Esportivo Brasil aprovou por unanimidade a Proposta Vinculante da SAF em reuni\u00e3o extraordin\u00e1ria. A pr\u00f3xima etapa \u00e9 a realiza\u00e7\u00e3o de consulta aos s\u00f3cios do Clube por meio de Assembleia Geral. A vota\u00e7\u00e3o foi realizada no Sal\u00e3o de Honras do Bento Freitas.<\/p>\n<div id=\"attachment_148092\" style=\"width: 377px\" class=\"wp-caption alignleft\"><img aria-describedby=\"caption-attachment-148092\" loading=\"lazy\" class=\"wp-image-148092\" src=\"https:\/\/diariodamanhapelotas.com.br\/site\/wp-content\/uploads\/2025\/10\/561261869-18537439867017307-3645605732218467097-n.jpg\" alt=\"\" width=\"367\" height=\"294\" srcset=\"https:\/\/diariodamanhapelotas.com.br\/site\/wp-content\/uploads\/2025\/10\/561261869-18537439867017307-3645605732218467097-n.jpg 749w, https:\/\/diariodamanhapelotas.com.br\/site\/wp-content\/uploads\/2025\/10\/561261869-18537439867017307-3645605732218467097-n-300x240.jpg 300w, https:\/\/diariodamanhapelotas.com.br\/site\/wp-content\/uploads\/2025\/10\/561261869-18537439867017307-3645605732218467097-n-150x120.jpg 150w\" sizes=\"(max-width: 367px) 100vw, 367px\" \/><p id=\"caption-attachment-148092\" class=\"wp-caption-text\">Laura Quevedo Jurgina, Presidente do Conselho Deliberativo<\/p><\/div>\n<p data-start=\"99\" data-end=\"401\">Com a aprova\u00e7\u00e3o, o pr\u00f3ximo passo ser\u00e1 a convoca\u00e7\u00e3o de uma Assembleia Geral, na qual os s\u00f3cios decidir\u00e3o se concordam com a mudan\u00e7a. A convoca\u00e7\u00e3o deve ocorrer na quinta-feira (9), para a realiza\u00e7\u00e3o da Assembleia no dia 14 de outubro, seguindo o estatuto do clube, que prev\u00ea cinco dias de anteced\u00eancia.<\/p>\n<p data-start=\"403\" data-end=\"596\">Est\u00e3o aptos a votar todos os associados que estejam em dia h\u00e1, pelo menos, um ano ininterrupto. Caso aprovada, o Brasil ser\u00e1 o primeiro clube ga\u00facho a trocar o modelo associativo pelo de SAF.<\/p>\n<p data-start=\"403\" data-end=\"596\">Na ocasi\u00e3o, Emerson Rosa, integrante do grupo de investidores do Cons\u00f3rcio Xavante, mandou um recado especial e de otimismo aos conselheiros do clube.<\/p>\n<p>Fotos: Gabriel Costa\/GEB<\/p>\n","protected":false},"excerpt":{"rendered":"<p>A pr\u00f3xima etapa \u00e9 a realiza\u00e7\u00e3o de consulta aos s\u00f3cios do Clube por meio de Assembleia Geral Na noite de quarta-feira (8), o Conselho Deliberativo do Gr\u00eamio Esportivo Brasil aprovou<\/p>\n","protected":false},"author":34,"featured_media":148091,"comment_status":"closed","ping_status":"closed","sticky":false,"template":"","format":"standard","meta":[],"categories":[868,305,29],"tags":[],"_links":{"self":[{"href":"https:\/\/diariodamanhapelotas.com.br\/site\/wp-json\/wp\/v2\/posts\/148090"}],"collection":[{"href":"https:\/\/diariodamanhapelotas.com.br\/site\/wp-json\/wp\/v2\/posts"}],"about":[{"href":"https:\/\/diariodamanhapelotas.com.br\/site\/wp-json\/wp\/v2\/types\/post"}],"author":[{"embeddable":true,"href":"https:\/\/diariodamanhapelotas.com.br\/site\/wp-json\/wp\/v2\/users\/34"}],"replies":[{"embeddable":true,"href":"https:\/\/diariodamanhapelotas.com.br\/site\/wp-json\/wp\/v2\/comments?post=148090"}],"version-history":[{"count":2,"href":"https:\/\/diariodamanhapelotas.com.br\/site\/wp-json\/wp\/v2\/posts\/148090\/revisions"}],"predecessor-version":[{"id":148094,"href":"https:\/\/diariodamanhapelotas.com.br\/site\/wp-json\/wp\/v2\/posts\/148090\/revisions\/148094"}],"wp:featuredmedia":[{"embeddable":true,"href":"https:\/\/diariodamanhapelotas.com.br\/site\/wp-json\/wp\/v2\/media\/148091"}],"wp:attachment":[{"href":"https:\/\/diariodamanhapelotas.com.br\/site\/wp-json\/wp\/v2\/media?parent=148090"}],"wp:term":[{"taxonomy":"category","embeddable":true,"href":"https:\/\/diariodamanhapelotas.com.br\/site\/wp-json\/wp\/v2\/categories?post=148090"},{"taxonomy":"post_tag","embeddable":true,"href":"https:\/\/diariodamanhapelotas.com.br\/site\/wp-json\/wp\/v2\/tags?post=148090"}],"curies":[{"name":"wp","href":"https:\/\/api.w.org\/{rel}","templated":true}]}}