{"id":148095,"date":"2025-10-09T13:51:29","date_gmt":"2025-10-09T16:51:29","guid":{"rendered":"https:\/\/diariodamanhapelotas.com.br\/site\/?p=148095"},"modified":"2025-10-09T13:51:29","modified_gmt":"2025-10-09T16:51:29","slug":"casa-do-trabalhador-recebe-seminario-sobre-transformacoes-no-mundo-do-trabalho","status":"publish","type":"post","link":"https:\/\/diariodamanhapelotas.com.br\/site\/casa-do-trabalhador-recebe-seminario-sobre-transformacoes-no-mundo-do-trabalho\/","title":{"rendered":"Casa do Trabalhador recebe semin\u00e1rio sobre transforma\u00e7\u00f5es no mundo do trabalho"},"content":{"rendered":"<h3 style=\"text-align: center;\"><em><strong>Evento tamb\u00e9m discutiu <\/strong>os desafios enfrentados pelo movimento sindical diante das mudan\u00e7as econ\u00f4micas, tecnol\u00f3gicas e sociais<\/em><\/h3>\n<p>A Casa do Trabalhador de Pelotas, em parceria com o Minist\u00e9rio P\u00fablico do Trabalho (MPT), realizou nesta ter\u00e7a-feira (8) o I Semin\u00e1rio Intermunicipal da Zona Sul do Rio Grande do Sul, com o tema\u00a0<em>\u201cMundo do Trabalho em Transforma\u00e7\u00e3o: desafios e perspectivas sindicais\u201d<\/em>. O evento reuniu mais de 200 participantes, entre representantes de sindicatos urbanos e rurais da regi\u00e3o sul e de outras regi\u00f5es do estado.<\/p>\n<p>Realizado na sede da Casa do Trabalhador, na Rua Santa Cruz, 2454, o encontro teve como objetivo aprofundar o debate sobre as transforma\u00e7\u00f5es no mercado de trabalho e os desafios enfrentados pelo movimento sindical diante das mudan\u00e7as econ\u00f4micas, tecnol\u00f3gicas e sociais.<\/p>\n<p><img loading=\"lazy\" class=\" wp-image-148096 aligncenter\" src=\"https:\/\/diariodamanhapelotas.com.br\/site\/wp-content\/uploads\/2025\/10\/carla-cassais-lucas-fernandes-lair-de-mattos-e-joao-monson.jpg\" alt=\"\" width=\"645\" height=\"376\" srcset=\"https:\/\/diariodamanhapelotas.com.br\/site\/wp-content\/uploads\/2025\/10\/carla-cassais-lucas-fernandes-lair-de-mattos-e-joao-monson.jpg 800w, https:\/\/diariodamanhapelotas.com.br\/site\/wp-content\/uploads\/2025\/10\/carla-cassais-lucas-fernandes-lair-de-mattos-e-joao-monson-300x175.jpg 300w, https:\/\/diariodamanhapelotas.com.br\/site\/wp-content\/uploads\/2025\/10\/carla-cassais-lucas-fernandes-lair-de-mattos-e-joao-monson-150x87.jpg 150w, https:\/\/diariodamanhapelotas.com.br\/site\/wp-content\/uploads\/2025\/10\/carla-cassais-lucas-fernandes-lair-de-mattos-e-joao-monson-768x447.jpg 768w\" sizes=\"(max-width: 645px) 100vw, 645px\" \/><\/p>\n<p style=\"text-align: center;\"><em>Carla Cassais, Lucas Fernandes, Lair de Mattos e Jo\u00e3o Monson &#8211; F<span data-olk-copy-source=\"MessageBody\">otos: Vitor Valente\/Seebpe<\/span><\/em><\/p>\n<p>A programa\u00e7\u00e3o contou com momentos de exposi\u00e7\u00e3o e di\u00e1logo. Ap\u00f3s o credenciamento e o caf\u00e9 de boas-vindas, a abertura oficial destacou a import\u00e2ncia do di\u00e1logo e da coopera\u00e7\u00e3o entre os sindicatos e o Minist\u00e9rio P\u00fablico do Trabalho. A abertura cultural teve apresenta\u00e7\u00e3o art\u00edstica do Mestre Gri\u00f4 Dilermando Freitas.<\/p>\n<p>O semin\u00e1rio contou com dois pain\u00e9is tem\u00e1ticos. O painel de abertura,\u00a0<em>\u201cPerspectivas atuais do mundo do trabalho e autocomposi\u00e7\u00e3o\u201d<\/em>, teve a participa\u00e7\u00e3o de Lair de Mattos, representando a Casa do Trabalhador, Carla Cassais, representando a Prefeitura Municipal de Pelotas, Lucas Fernandes, representante do MPT e idealizador do evento, e Jo\u00e3o Monson, auditor fiscal do trabalho.<\/p>\n<p>Em seguida, o painel\u00a0<em>\u201cDesafios trabalhistas e sindicais na atualidade\u201d<\/em>\u00a0trouxe reflex\u00f5es sobre os principais obst\u00e1culos enfrentados pelo movimento sindical nos dias de hoje. A etapa foi conduzida pelas procuradoras do trabalho do MPT, Cristina Benedetti e M\u00f4nica Pasetto. Ao final, houve espa\u00e7o para que diferentes representantes sindicais compartilhassem experi\u00eancias e estrat\u00e9gias para fortalecer a organiza\u00e7\u00e3o dos trabalhadores. O evento foi encerrado com um caf\u00e9 de confraterniza\u00e7\u00e3o.<\/p>\n","protected":false},"excerpt":{"rendered":"<p>Evento tamb\u00e9m discutiu os desafios enfrentados pelo movimento sindical diante das mudan\u00e7as econ\u00f4micas, tecnol\u00f3gicas e sociais A Casa do Trabalhador de Pelotas, em parceria com o Minist\u00e9rio P\u00fablico do Trabalho<\/p>\n","protected":false},"author":3,"featured_media":148097,"comment_status":"closed","ping_status":"closed","sticky":false,"template":"","format":"standard","meta":[],"categories":[305,149],"tags":[],"_links":{"self":[{"href":"https:\/\/diariodamanhapelotas.com.br\/site\/wp-json\/wp\/v2\/posts\/148095"}],"collection":[{"href":"https:\/\/diariodamanhapelotas.com.br\/site\/wp-json\/wp\/v2\/posts"}],"about":[{"href":"https:\/\/diariodamanhapelotas.com.br\/site\/wp-json\/wp\/v2\/types\/post"}],"author":[{"embeddable":true,"href":"https:\/\/diariodamanhapelotas.com.br\/site\/wp-json\/wp\/v2\/users\/3"}],"replies":[{"embeddable":true,"href":"https:\/\/diariodamanhapelotas.com.br\/site\/wp-json\/wp\/v2\/comments?post=148095"}],"version-history":[{"count":1,"href":"https:\/\/diariodamanhapelotas.com.br\/site\/wp-json\/wp\/v2\/posts\/148095\/revisions"}],"predecessor-version":[{"id":148098,"href":"https:\/\/diariodamanhapelotas.com.br\/site\/wp-json\/wp\/v2\/posts\/148095\/revisions\/148098"}],"wp:featuredmedia":[{"embeddable":true,"href":"https:\/\/diariodamanhapelotas.com.br\/site\/wp-json\/wp\/v2\/media\/148097"}],"wp:attachment":[{"href":"https:\/\/diariodamanhapelotas.com.br\/site\/wp-json\/wp\/v2\/media?parent=148095"}],"wp:term":[{"taxonomy":"category","embeddable":true,"href":"https:\/\/diariodamanhapelotas.com.br\/site\/wp-json\/wp\/v2\/categories?post=148095"},{"taxonomy":"post_tag","embeddable":true,"href":"https:\/\/diariodamanhapelotas.com.br\/site\/wp-json\/wp\/v2\/tags?post=148095"}],"curies":[{"name":"wp","href":"https:\/\/api.w.org\/{rel}","templated":true}]}}