{"id":148099,"date":"2025-10-09T14:05:32","date_gmt":"2025-10-09T17:05:32","guid":{"rendered":"https:\/\/diariodamanhapelotas.com.br\/site\/?p=148099"},"modified":"2025-10-09T14:05:32","modified_gmt":"2025-10-09T17:05:32","slug":"mais-da-metade-das-criancas-com-5-anos-de-idade-estao-livres-de-carie-apontam-estatisticas-oficiais","status":"publish","type":"post","link":"https:\/\/diariodamanhapelotas.com.br\/site\/mais-da-metade-das-criancas-com-5-anos-de-idade-estao-livres-de-carie-apontam-estatisticas-oficiais\/","title":{"rendered":"Mais da metade das crian\u00e7as com 5 anos de idade est\u00e3o livres de c\u00e1rie, apontam estat\u00edsticas oficiais"},"content":{"rendered":"<h3 style=\"text-align: center;\"><em>Sistema Conselhos de Odontologia, composto pelo Conselho Federal de Odontologia (CFO) e os 27 Conselhos Regionais de Odontologia (CROs) de todo pa\u00eds, destaca a import\u00e2ncia da preserva\u00e7\u00e3o dos sorrisos durante a inf\u00e2ncia<\/em><\/h3>\n<p>Mais da metade das crian\u00e7as brasileiras, um total de 53,17%, chegam aos 5 anos de idade completamente livres da doen\u00e7a c\u00e1rie, conforme indicou a mais recente edi\u00e7\u00e3o da Pesquisa Nacional de Sa\u00fade Bucal (SB Brasil), conduzida pelo Minist\u00e9rio da Sa\u00fade no ano de 2023. O n\u00famero representa um avan\u00e7o em rela\u00e7\u00e3o ao levantamento de 2010, quando 46,6% das crian\u00e7as nessa faixa et\u00e1ria tinham a totalidade dos dentes sem les\u00f5es cariosas no pa\u00eds.<\/p>\n<p>Embora o atual \u00edndice ainda esteja distante do ideal, a redu\u00e7\u00e3o de 6,5 pontos percentuais deve ser comemorada, uma vez que reflete a amplia\u00e7\u00e3o de pol\u00edticas p\u00fablicas de preven\u00e7\u00e3o em Sa\u00fade Bucal, como a fluoreta\u00e7\u00e3o das \u00e1guas, a\u00e7\u00f5es de educa\u00e7\u00e3o dentro das escolas e ainda amplia\u00e7\u00e3o do atendimento preventivo na rede prim\u00e1ria de atendimento. Por este motivo, nesta Semana da Crian\u00e7a, o Conselho Federal de Odontologia destaca a import\u00e2ncia da preserva\u00e7\u00e3o dos sorrisos durante a inf\u00e2ncia.<\/p>\n<p>\u201cA doen\u00e7a c\u00e1rie na inf\u00e2ncia \u00e9 evit\u00e1vel, sendo fundamental para isso a\u00e7\u00f5es de preven\u00e7\u00e3o e conscientiza\u00e7\u00e3o dos cuidadores, assim como das pr\u00f3prias crian\u00e7as, sobre a import\u00e2ncia da Sa\u00fade Bucal. A visita a um cirurgi\u00e3o-dentista deve come\u00e7ar antes de o beb\u00ea completar o primeiro ano de vida, com a erup\u00e7\u00e3o dos primeiros dentinhos\u201d, destaca o secret\u00e1rio do CFO, Roberto de Sousa Pires, especialista em Sa\u00fade P\u00fablica pela Universidade Estadual do Par\u00e1 (UEPA).<\/p>\n<h4 style=\"text-align: center;\"><strong>Cuidados essenciais<\/strong><\/h4>\n<p>Apesar de as estat\u00edsticas apontarem para a redu\u00e7\u00e3o da c\u00e1rie entre as crian\u00e7as brasileiras, ela ainda est\u00e1 entre as doen\u00e7as mais comuns na inf\u00e2ncia. Dados da SB Brasil 2023, mostraram que, entre as crian\u00e7as com experi\u00eancia de c\u00e1rie, a m\u00e9dia \u00e9 de 2,14 dentes cariados. Al\u00e9m disso, 37,17% das crian\u00e7as de 5 anos nunca foram ao dentista e 45,85% n\u00e3o procuraram atendimento odontol\u00f3gico no ano que antecedeu a pesquisa.<\/p>\n<p>Por esse motivo, o CFO refor\u00e7a a import\u00e2ncia das a\u00e7\u00f5es de educa\u00e7\u00e3o em Sa\u00fade Bucal junto \u00e0 primeira inf\u00e2ncia, impactando tamb\u00e9m familiares e cuidadores, que s\u00e3o os respons\u00e1veis pela rotina de higieniza\u00e7\u00e3o. A recomenda\u00e7\u00e3o \u00e9 que a escova\u00e7\u00e3o seja realizada por um adulto at\u00e9 5 a 6 anos e, depois, passe a ser monitorada at\u00e9 pelo menos os 8 a 9 anos. Estas idades est\u00e3o relacionadas ao completo desenvolvimento da motricidade fina, que \u00e9 exigida para escova\u00e7\u00e3o dental.<\/p>\n<p>Entre os principais cuidados recomendados est\u00e3o:<\/p>\n<p>&#8211; In\u00edcio do acompanhamento odontol\u00f3gico: o ideal \u00e9 levar o beb\u00ea ao cirurgi\u00e3o-dentista ap\u00f3s o nascimento ou at\u00e9 a erup\u00e7\u00e3o do primeiro dentinho, antes de completar o primeiro ano de vida;<\/p>\n<p>&#8211; Higiene oral na inf\u00e2ncia: ap\u00f3s o nascimento dos primeiros dentes, recomenda-se o uso de escova de dentes infantil com cerdas macias e cabe\u00e7a pequena. A escova\u00e7\u00e3o deve ser feita por um adulto, pelo menos duas vezes ao dia, sendo uma delas preferencialmente antes de dormir;<\/p>\n<p>&#8211; Uso adequado do creme dental: O creme dental fluoretado deve ser introduzido a partir da erup\u00e7\u00e3o do primeiro dentinho, sendo utilizado em uma pequena quantidade de acordo com a faixa et\u00e1ria recomendada, para prevenir a c\u00e1rie de forma eficaz.<\/p>\n<p>&#8211; Alimenta\u00e7\u00e3o saud\u00e1vel: as crian\u00e7as devem manter bons h\u00e1bitos alimentares, sendo que o a\u00e7\u00facar n\u00e3o deve ser oferecido antes de dois anos de idade para combate ao desenvolvimento da c\u00e1rie.<\/p>\n<p>&#8211; Acompanhamento odontol\u00f3gico peri\u00f3dico: visitas regulares ao cirurgi\u00e3o-dentista garantem a correta orienta\u00e7\u00e3o para cada faixa et\u00e1ria e permitem o diagn\u00f3stico precoce de problemas bucais.<\/p>\n<h4 style=\"text-align: center;\"><strong>A import\u00e2ncia da Odontopediatria<\/strong><\/h4>\n<p>A Odontopediatria, especialidade da Odontologia voltada ao atendimento de beb\u00eas, crian\u00e7as e adolescentes, tem papel fundamental na preven\u00e7\u00e3o de problemas bucais. Muito mais do que a realiza\u00e7\u00e3o dos tratamentos, o odontopediatra atua na preven\u00e7\u00e3o, orienta\u00e7\u00e3o e promo\u00e7\u00e3o da sa\u00fade bucal desde os primeiros anos de vida, garantindo n\u00e3o apenas a sa\u00fade do sorriso, mas tamb\u00e9m o correto desenvolvimento das fun\u00e7\u00f5es orofaciais, como a mastiga\u00e7\u00e3o, degluti\u00e7\u00e3o, respira\u00e7\u00e3o e fala.<\/p>\n<p>O conselheiro do Conselho Federal de Odontologia e odontopediatra Ata\u00edde Mendes Aires destaca que entre os benef\u00edcios do acompanhamento com o odontopediatra est\u00e3o o monitoramento do crescimento dos maxilares, da troca dos dentes e de poss\u00edveis problemas ortod\u00f4nticos. Al\u00e9m disso, o profissional atua na orienta\u00e7\u00e3o sobre a import\u00e2ncia da higiene oral e de h\u00e1bitos saud\u00e1veis que tendem a durar por toda a vida.<\/p>\n<p>\u201cO cirurgi\u00e3o-dentista odontopediatra \u00e9 especializado em lidar com o p\u00fablico infantil, utilizando t\u00e9cnicas que tornam a consulta uma experi\u00eancia positiva e que ajudam a criar na crian\u00e7a uma cultura de bons h\u00e1bitos de higiene oral. Ao garantir sorrisos mais saud\u00e1veis na inf\u00e2ncia, o profissional tamb\u00e9m assegura que esse paciente se torne um adulto com melhores condi\u00e7\u00f5es de sa\u00fade bucal e, portanto, com mais qualidade de vida\u201d, afirma.<\/p>\n","protected":false},"excerpt":{"rendered":"<p>Sistema Conselhos de Odontologia, composto pelo Conselho Federal de Odontologia (CFO) e os 27 Conselhos Regionais de Odontologia (CROs) de todo pa\u00eds, destaca a import\u00e2ncia da preserva\u00e7\u00e3o dos sorrisos durante<\/p>\n","protected":false},"author":3,"featured_media":148100,"comment_status":"closed","ping_status":"closed","sticky":false,"template":"","format":"standard","meta":[],"categories":[305,150],"tags":[],"_links":{"self":[{"href":"https:\/\/diariodamanhapelotas.com.br\/site\/wp-json\/wp\/v2\/posts\/148099"}],"collection":[{"href":"https:\/\/diariodamanhapelotas.com.br\/site\/wp-json\/wp\/v2\/posts"}],"about":[{"href":"https:\/\/diariodamanhapelotas.com.br\/site\/wp-json\/wp\/v2\/types\/post"}],"author":[{"embeddable":true,"href":"https:\/\/diariodamanhapelotas.com.br\/site\/wp-json\/wp\/v2\/users\/3"}],"replies":[{"embeddable":true,"href":"https:\/\/diariodamanhapelotas.com.br\/site\/wp-json\/wp\/v2\/comments?post=148099"}],"version-history":[{"count":1,"href":"https:\/\/diariodamanhapelotas.com.br\/site\/wp-json\/wp\/v2\/posts\/148099\/revisions"}],"predecessor-version":[{"id":148101,"href":"https:\/\/diariodamanhapelotas.com.br\/site\/wp-json\/wp\/v2\/posts\/148099\/revisions\/148101"}],"wp:featuredmedia":[{"embeddable":true,"href":"https:\/\/diariodamanhapelotas.com.br\/site\/wp-json\/wp\/v2\/media\/148100"}],"wp:attachment":[{"href":"https:\/\/diariodamanhapelotas.com.br\/site\/wp-json\/wp\/v2\/media?parent=148099"}],"wp:term":[{"taxonomy":"category","embeddable":true,"href":"https:\/\/diariodamanhapelotas.com.br\/site\/wp-json\/wp\/v2\/categories?post=148099"},{"taxonomy":"post_tag","embeddable":true,"href":"https:\/\/diariodamanhapelotas.com.br\/site\/wp-json\/wp\/v2\/tags?post=148099"}],"curies":[{"name":"wp","href":"https:\/\/api.w.org\/{rel}","templated":true}]}}