{"id":148113,"date":"2025-10-09T14:38:42","date_gmt":"2025-10-09T17:38:42","guid":{"rendered":"https:\/\/diariodamanhapelotas.com.br\/site\/?p=148113"},"modified":"2025-10-09T14:38:42","modified_gmt":"2025-10-09T17:38:42","slug":"caixa-preve-financiar-80-mil-moradias-com-novo-programa-imobiliario","status":"publish","type":"post","link":"https:\/\/diariodamanhapelotas.com.br\/site\/caixa-preve-financiar-80-mil-moradias-com-novo-programa-imobiliario\/","title":{"rendered":"Caixa prev\u00ea financiar 80 mil moradias com novo programa imobili\u00e1rio"},"content":{"rendered":"<h3 style=\"text-align: center;\"><em>Nova pol\u00edtica deve ser anunciada nesta sexta-feira (10) pelo governo<\/em><\/h3>\n<p>O ministro das Cidades, Jader Barbalho Filho, disse hoje (9)\u00a0em S\u00e3o Paulo\u00a0que a nova pol\u00edtica do governo federal &#8211; e que dever\u00e1 ser anunciada amanh\u00e3 (10) pelo presidente Luiz In\u00e1cio Lula da Silva \u2013 dever\u00e1 fazer com que a Caixa Econ\u00f4mica Federal financie mais 80 mil novas moradias at\u00e9 2026.<\/p>\n<p>De acordo com o governo federal, a\u00a0nova pol\u00edtica prev\u00ea uma reforma estrutural no uso da poupan\u00e7a para alavancar o cr\u00e9dito habitacional, modernizando as regras de direcionamento do Sistema Brasileiro de Poupan\u00e7a e Empr\u00e9stimo (SBPE), com\u00a0o objetivo de tornar o uso da poupan\u00e7a mais eficiente e ampliar a oferta de cr\u00e9dito imobili\u00e1rio.<\/p>\n<p>\u201cA previs\u00e3o \u00e9 que s\u00f3 a Caixa Econ\u00f4mica Federal possa ter mais 80 mil novos financiamentos at\u00e9 2026. Vamos come\u00e7ar isso imediatamente, agora. Ent\u00e3o, s\u00f3 na Caixa est\u00e3o previstos mais 80 mil novas habita\u00e7\u00f5es financiadas\u201d, disse o ministro, que participou do evento Incorpora 2025, um dos maiores do setor e que re\u00fane\u00a0autoridades p\u00fablicas, CEOs das maiores incorporadoras do pa\u00eds,\u00a0 representantes de institui\u00e7\u00f5es financeiras e especialistas para discutir os desafios e oportunidades do setor imobili\u00e1rio no Brasil.<\/p>\n<p>Embora n\u00e3o tenha dado muitos detalhes sobre o\u00a0novo modelo de cr\u00e9dito imobili\u00e1rio\u00a0\u201cpara n\u00e3o furar o an\u00fancio\u201d que ser\u00e1 feito pelo presidente Lula\u00a0amanh\u00e3\u00a0na capital paulista, o ministro afirmou que a\u00a0medida foi trabalhada entre o Minist\u00e9rio das Cidades, a Caixa Econ\u00f4mica Federal, o Minist\u00e9rio da Fazenda e o Banco Central e que o governo federal est\u00e1 preocupado em oferecer uma alternativa de financiamento para a classe m\u00e9dia, principalmente entre as fam\u00edlias que ganham de\u00a0R$12 mil a\u00a0R$ 20 mil.<\/p>\n<p>\u201cN\u00f3s temos em boa parte da nossa sociedade fam\u00edlias que ganham mais ou menos entre R$ 12 mil e at\u00e9 R$ 20 mil e que est\u00e3o hoje numa situa\u00e7\u00e3o de n\u00e3o ter nenhuma fonte de financiamento ou apenas fontes de financiamento que n\u00f3s temos hoje. N\u00f3s queremos ampliar isso\u201d, disse J\u00e1der Filho\u00a0durante o evento.<\/p>\n<p>Mais tarde, em entrevista, ele\u00a0ressaltou a grande car\u00eancia de financiamento imobili\u00e1rio para essa faixa da popula\u00e7\u00e3o.<\/p>\n<p>\u201cAquelas fam\u00edlias que v\u00e3o de R$ 12 mil a\u00a0R$ 20 mil estavam desatendidas. E isso, obviamente, nos incomodava profundamente. Antes da cria\u00e7\u00e3o do programa Minha Casa, Minha Vida da classe m\u00e9dia, esse problema ainda era maior porque as fam\u00edlias acima de R$ 9,6 mil n\u00e3o eram atendidas. O que buscamos com essas altera\u00e7\u00f5es que v\u00e3o ser anunciadas pelo presidente Lula \u00e9 dar mais financiamento, mais recursos para que as fam\u00edlias todas que queiram realizar o sonho da casa pr\u00f3pria \u2013 e n\u00e3o s\u00f3 as das classes mais baixas \u2013 que se elas forem a uma institui\u00e7\u00e3o banc\u00e1ria, encontrem uma alternativa e um financiamento que caiba no seu bolso\u201d.<\/p>\n<p>Para o presidente da Associa\u00e7\u00e3o Brasileira de Incorporadoras Imobili\u00e1rias (Abrainc), Luiz Fran\u00e7a, o novo modelo do governo federal dever\u00e1 impulsionar o setor.<\/p>\n<p>\u201cN\u00e3o d\u00e1 para ter\u00a0uma expectativa em n\u00famero de valores, mas o que o governo federal, junto com o Banco Central, est\u00e1 fazendo \u00e9 uma f\u00f3rmula muito inteligente de poder trazer mais recursos para o mercado, no momento em que todos est\u00e3o vendo que h\u00e1 uma redu\u00e7\u00e3o dos volumes da carteira de poupan\u00e7a. Ent\u00e3o, isso vai fazer com que venha mais volume para o mercado. E vindo mais volume, naturalmente\u00a0as pessoas v\u00e3o ter acesso ao financiamento, e isso \u00e9 o que\u00a0n\u00f3s precisamos para que tenham capacidade de\u00a0adquirir seus im\u00f3veis. Ent\u00e3o, isso vai em dire\u00e7\u00e3o ao que \u00e9 necess\u00e1rio para o mercado\u201d, disse ele a jornalistas.<\/p>\n<h4 style=\"text-align: center;\"><strong>Ajustes<\/strong><\/h4>\n<p>Na entrevista, o ministro informou ainda\u00a0que o governo\u00a0est\u00e1 estudando ajustes nas tr\u00eas primeiras faixas do programa Minha Casa Minha Vida.<\/p>\n<p>\u201cA quest\u00e3o do teto de im\u00f3veis, eu tive ontem um di\u00e1logo com o ministro Rui Costa, da Casa Civil, e foi determinado que, em algumas faixas de renda, vamos sim fazer o ajuste do teto dos im\u00f3veis. Existe um processo de discuss\u00e3o, inclusive um pedido que foi feito por parte da Abrainc e de outros segmentos, de fazer tamb\u00e9m um ajuste no teto da renda. Isso \u00e9 uma coisa que estamos estudando conjuntamente com a Abrainc e nossa equipe t\u00e9cnica dentro do Minist\u00e9rio das Cidades, mas \u00e9 prov\u00e1vel que fa\u00e7amos tamb\u00e9m um ajuste no teto da renda\u201d.<\/p>\n<p>Ag\u00eancia Brasil<\/p>\n","protected":false},"excerpt":{"rendered":"<p>Nova pol\u00edtica deve ser anunciada nesta sexta-feira (10) pelo governo O ministro das Cidades, Jader Barbalho Filho, disse hoje (9)\u00a0em S\u00e3o Paulo\u00a0que a nova pol\u00edtica do governo federal &#8211; e<\/p>\n","protected":false},"author":3,"featured_media":138337,"comment_status":"closed","ping_status":"closed","sticky":false,"template":"","format":"standard","meta":[],"categories":[305,27],"tags":[],"_links":{"self":[{"href":"https:\/\/diariodamanhapelotas.com.br\/site\/wp-json\/wp\/v2\/posts\/148113"}],"collection":[{"href":"https:\/\/diariodamanhapelotas.com.br\/site\/wp-json\/wp\/v2\/posts"}],"about":[{"href":"https:\/\/diariodamanhapelotas.com.br\/site\/wp-json\/wp\/v2\/types\/post"}],"author":[{"embeddable":true,"href":"https:\/\/diariodamanhapelotas.com.br\/site\/wp-json\/wp\/v2\/users\/3"}],"replies":[{"embeddable":true,"href":"https:\/\/diariodamanhapelotas.com.br\/site\/wp-json\/wp\/v2\/comments?post=148113"}],"version-history":[{"count":1,"href":"https:\/\/diariodamanhapelotas.com.br\/site\/wp-json\/wp\/v2\/posts\/148113\/revisions"}],"predecessor-version":[{"id":148114,"href":"https:\/\/diariodamanhapelotas.com.br\/site\/wp-json\/wp\/v2\/posts\/148113\/revisions\/148114"}],"wp:featuredmedia":[{"embeddable":true,"href":"https:\/\/diariodamanhapelotas.com.br\/site\/wp-json\/wp\/v2\/media\/138337"}],"wp:attachment":[{"href":"https:\/\/diariodamanhapelotas.com.br\/site\/wp-json\/wp\/v2\/media?parent=148113"}],"wp:term":[{"taxonomy":"category","embeddable":true,"href":"https:\/\/diariodamanhapelotas.com.br\/site\/wp-json\/wp\/v2\/categories?post=148113"},{"taxonomy":"post_tag","embeddable":true,"href":"https:\/\/diariodamanhapelotas.com.br\/site\/wp-json\/wp\/v2\/tags?post=148113"}],"curies":[{"name":"wp","href":"https:\/\/api.w.org\/{rel}","templated":true}]}}