{"id":148128,"date":"2025-10-10T00:07:39","date_gmt":"2025-10-10T03:07:39","guid":{"rendered":"https:\/\/diariodamanhapelotas.com.br\/site\/?p=148128"},"modified":"2025-10-10T00:07:39","modified_gmt":"2025-10-10T03:07:39","slug":"seis-atividades-movimentam-pelotas-de-sexta-a-domingo","status":"publish","type":"post","link":"https:\/\/diariodamanhapelotas.com.br\/site\/seis-atividades-movimentam-pelotas-de-sexta-a-domingo\/","title":{"rendered":"Seis atividades movimentam Pelotas de sexta a domingo"},"content":{"rendered":"<h3 style=\"text-align: center;\"><em>Feiras de rua, roda de samba e atividades f\u00edsicas acontecem na Pra\u00e7a Coronel Pedro Os\u00f3rio, no Largo do Mercado, na Esplanada e no Centro Hist\u00f3rico<\/em><\/h3>\n<p dir=\"auto\">A Secretaria de Cultura (Secult) informa a programa\u00e7\u00e3o cultural prevista para a cidade de Pelotas nesta sexta-feira (10), s\u00e1bado (11) e domingo (12). Pelotenses e visitantes ter\u00e3o duas feiras de rua, uma roda de samba com Mercado Samba Clube, no p\u00e1tio do Mercado Central, e eventos de iniciativa do Centro de Aten\u00e7\u00e3o Psicossocial Infantil (CAPSi), Coletivo Corre Preto Pelotas (corrida e caminhada) e Servi\u00e7o Social do Com\u00e9rcio (Sesc) (maratona). Acompanhe:<\/p>\n<h4 dir=\"auto\" style=\"text-align: center;\"><strong>Sexta-feira (10)<\/strong><\/h4>\n<ul>\n<li dir=\"auto\"><strong>Feira Artesanato na Rua<\/strong> \u2013 comercializa objetos decorativos e artesanato em geral, produzidos por artes\u00e3os locais, suculentas e tamb\u00e9m oferece op\u00e7\u00f5es gastron\u00f4micas. Realizada pela Associa\u00e7\u00e3o Pelotense de Artes\u00e3os (Aspelart) em parceria com a Prefeitura de Pelotas\/Secult. Das 9h \u00e0s 17h, na Pra\u00e7a Coronel Pedro Os\u00f3rio.<\/li>\n<li dir=\"auto\"><strong>CAPSi na Rua<\/strong> \u2013 Atividades de promo\u00e7\u00e3o \u00e0 sa\u00fade mental sob responsabilidade do CAPSi Canguru (integra a Semana de Sa\u00fade Mental), das 13h30 \u00e0s 17h30, na Pra\u00e7a Cel. Pedro Os\u00f3rio.<\/li>\n<\/ul>\n<h4 dir=\"auto\" style=\"text-align: center;\"><strong>S\u00e1bado (11) <\/strong><\/h4>\n<ul>\n<li dir=\"auto\"><strong>Feira Cultural Projeto Girass\u00f3is<\/strong> \u2013 artesanato em geral, arte digital, brech\u00f3s, biscuits, etc.; das 9h \u00e0s 17h, na Pra\u00e7a Cel. Pedro Os\u00f3rio.<\/li>\n<li dir=\"auto\"><strong>Coletivo Corre Preto Pelotas <\/strong>&#8211; treino de corrida e caminhada de tr\u00eas quil\u00f4metros de dist\u00e2ncia; concentra\u00e7\u00e3o na Esplanada Ber\u00ea Fuhro Souto (frente do Theatro Sete de Abril), na Pra\u00e7a Coronel Pedro Os\u00f3rio, a partir das 8h.<\/li>\n<\/ul>\n<p dir=\"auto\">Cronograma \u2013 Corre Preto Pelotas<\/p>\n<p dir=\"auto\">\u2022\u2060 \u20608h \u2013 In\u00edcio do evento\/Recep\u00e7\u00e3o<\/p>\n<p dir=\"auto\">\u2022\u2060 \u20608h45 \u2013 Apresenta\u00e7\u00e3o cultural de abertura<\/p>\n<p dir=\"auto\">\u2022\u2060 \u20609h05 \u2013 Alongamento e aquecimento coletivo<\/p>\n<p dir=\"auto\">\u2022\u2060 \u20609h20 \u2013 Corrida e caminhada (3km) &#8211; trajeto: Pra\u00e7a Cel. Pedro Os\u00f3rio \u2013 F\u00e9lix da Cunha (at\u00e9 a Catedral Metropolitana S\u00e3o Francisco de Paula) \u2013 Padre Anchieta \u2013 Pra\u00e7a Cel. Pedro Os\u00f3rio.<\/p>\n<p dir=\"auto\">\u2022\u2060 \u206010h \u2013 Momento comunit\u00e1rio (hidrata\u00e7\u00e3o, frutas, fotos coletivas, agradecimentos)<\/p>\n<p dir=\"auto\">\u2022\u2060 \u206010h15 &#8211; Corre Pretinho<\/p>\n<p dir=\"auto\">\u2022\u2060 \u206010h30 \u00e0s 11h10 \u2013 Set do DJ<\/p>\n<p dir=\"auto\">\u2022\u2060 \u206011h10 \u00e0s 11h50 \u2013 Roda de Samba<\/p>\n<p dir=\"auto\">\u2022\u2060 \u206012h \u2013 Encerramento.<\/p>\n<ul>\n<li dir=\"auto\"><strong>Roda de Samba com Mercado Samba Clube<\/strong> \u2013 das 11h \u00e0s 14h, no P\u00e1tio Sirley Amaro, do Mercado Central.<\/li>\n<\/ul>\n<h4 dir=\"auto\" style=\"text-align: center;\"><strong>Domingo (12) <\/strong><\/h4>\n<ul>\n<li dir=\"auto\"><strong>3\u00aa<\/strong> <strong>Maratona SESC de Pelotas<\/strong> \u2013 42 km, 21 km, 10 km e 5 km e caminhada de 2,7 km; inscri\u00e7\u00f5es pagas pelo site do ecommerce, conforme a prova. Largada do Largo Edmar Fetter (Mercado Central), \u00e0s 6h30 (42km e 21 km), \u00e0s 9h (10km e 5 km) e \u00e0s 10h (caminhada).<\/li>\n<\/ul>\n","protected":false},"excerpt":{"rendered":"<p>Feiras de rua, roda de samba e atividades f\u00edsicas acontecem na Pra\u00e7a Coronel Pedro Os\u00f3rio, no Largo do Mercado, na Esplanada e no Centro Hist\u00f3rico A Secretaria de Cultura (Secult)<\/p>\n","protected":false},"author":34,"featured_media":140541,"comment_status":"closed","ping_status":"closed","sticky":false,"template":"","format":"standard","meta":[],"categories":[305,149],"tags":[],"_links":{"self":[{"href":"https:\/\/diariodamanhapelotas.com.br\/site\/wp-json\/wp\/v2\/posts\/148128"}],"collection":[{"href":"https:\/\/diariodamanhapelotas.com.br\/site\/wp-json\/wp\/v2\/posts"}],"about":[{"href":"https:\/\/diariodamanhapelotas.com.br\/site\/wp-json\/wp\/v2\/types\/post"}],"author":[{"embeddable":true,"href":"https:\/\/diariodamanhapelotas.com.br\/site\/wp-json\/wp\/v2\/users\/34"}],"replies":[{"embeddable":true,"href":"https:\/\/diariodamanhapelotas.com.br\/site\/wp-json\/wp\/v2\/comments?post=148128"}],"version-history":[{"count":1,"href":"https:\/\/diariodamanhapelotas.com.br\/site\/wp-json\/wp\/v2\/posts\/148128\/revisions"}],"predecessor-version":[{"id":148129,"href":"https:\/\/diariodamanhapelotas.com.br\/site\/wp-json\/wp\/v2\/posts\/148128\/revisions\/148129"}],"wp:featuredmedia":[{"embeddable":true,"href":"https:\/\/diariodamanhapelotas.com.br\/site\/wp-json\/wp\/v2\/media\/140541"}],"wp:attachment":[{"href":"https:\/\/diariodamanhapelotas.com.br\/site\/wp-json\/wp\/v2\/media?parent=148128"}],"wp:term":[{"taxonomy":"category","embeddable":true,"href":"https:\/\/diariodamanhapelotas.com.br\/site\/wp-json\/wp\/v2\/categories?post=148128"},{"taxonomy":"post_tag","embeddable":true,"href":"https:\/\/diariodamanhapelotas.com.br\/site\/wp-json\/wp\/v2\/tags?post=148128"}],"curies":[{"name":"wp","href":"https:\/\/api.w.org\/{rel}","templated":true}]}}