{"id":148130,"date":"2025-10-10T00:16:34","date_gmt":"2025-10-10T03:16:34","guid":{"rendered":"https:\/\/diariodamanhapelotas.com.br\/site\/?p=148130"},"modified":"2025-10-10T00:16:34","modified_gmt":"2025-10-10T03:16:34","slug":"prefeito-marroni-assina-termo-de-compromisso-pela-primeira-infancia","status":"publish","type":"post","link":"https:\/\/diariodamanhapelotas.com.br\/site\/prefeito-marroni-assina-termo-de-compromisso-pela-primeira-infancia\/","title":{"rendered":"Prefeito Marroni assina termo de compromisso pela Primeira Inf\u00e2ncia"},"content":{"rendered":"<h3 style=\"text-align: center;\"><em>O ato ocorreu durante encontro do TCE-RS em Rio Grande<\/em><\/h3>\n<p>O prefeito Fernando Marroni participou na manh\u00e3 desta quinta-feira (9) do 15\u00ba Encontro Regional de Controle e Orienta\u00e7\u00e3o (Erco) do Tribunal de Contas do Estado do Rio Grande do Sul (TCE-RS). No evento, realizado nas depend\u00eancias da Universidade Federal do Rio Grande (Furg), o chefe do Executivo assinou um Termo de Compromisso pela Primeira Inf\u00e2ncia.<\/p>\n<p><img loading=\"lazy\" class=\"alignright wp-image-148132 size-medium\" src=\"https:\/\/diariodamanhapelotas.com.br\/site\/wp-content\/uploads\/2025\/10\/9617e615d6e1f0adf09c05fdcd8854ffaaa99b58-200x300.jpeg\" alt=\"\" width=\"200\" height=\"300\" srcset=\"https:\/\/diariodamanhapelotas.com.br\/site\/wp-content\/uploads\/2025\/10\/9617e615d6e1f0adf09c05fdcd8854ffaaa99b58-200x300.jpeg 200w, https:\/\/diariodamanhapelotas.com.br\/site\/wp-content\/uploads\/2025\/10\/9617e615d6e1f0adf09c05fdcd8854ffaaa99b58-100x150.jpeg 100w, https:\/\/diariodamanhapelotas.com.br\/site\/wp-content\/uploads\/2025\/10\/9617e615d6e1f0adf09c05fdcd8854ffaaa99b58.jpeg 400w\" sizes=\"(max-width: 200px) 100vw, 200px\" \/><\/p>\n<p dir=\"auto\">Com 12 t\u00f3picos, o pacto assinado pelo prefeito refor\u00e7a o comprometimento da Prefeitura com a ado\u00e7\u00e3o de pol\u00edticas p\u00fablicas no sentido de reduzir desigualdades, romper ciclos de pobreza, aumentar a escolaridade, diminuir a viol\u00eancia e contribuir com a sa\u00fade f\u00edsica e mental das crian\u00e7as. A Primeira Inf\u00e2ncia compreende o per\u00edodo da gesta\u00e7\u00e3o at\u00e9 os seis anos de idade.<\/p>\n<blockquote dir=\"auto\"><p>\u201cInvestir na Primeira Inf\u00e2ncia \u00e9 investir no futuro. \u00c9 assegurar que cada crian\u00e7a tenha oportunidades reais de se desenvolver plenamente e construir um amanh\u00e3 mais justo e humano para todos, [o fato de] aderirmos ao Termo de Compromisso proposto pelo TCE refor\u00e7a o empenho de Pelotas em garantir \u00e0s nossas crian\u00e7as um in\u00edcio de vida com sa\u00fade, educa\u00e7\u00e3o, afeto e prote\u00e7\u00e3o\u201d, disse o prefeito.<\/p><\/blockquote>\n<p dir=\"auto\">O chefe do Executivo municipal tamb\u00e9m qualificou a participa\u00e7\u00e3o no evento como uma oportunidade fundamental de di\u00e1logo e coopera\u00e7\u00e3o entre o poder p\u00fablico municipal e o \u00f3rg\u00e3o de controle. Voltado a prefeitos, vereadores, secret\u00e1rios municipais, servidores p\u00fablicos e comissionados de Pelotas, Rio Grande e demais cidades da regi\u00e3o, o Erco teve como objetivo contribuir para o aprimoramento da gest\u00e3o p\u00fablica municipal no Estado por meio de 18 oficinas tem\u00e1ticas que abordaram diferentes \u00e1reas da administra\u00e7\u00e3o p\u00fablica.<\/p>\n","protected":false},"excerpt":{"rendered":"<p>O ato ocorreu durante encontro do TCE-RS em Rio Grande O prefeito Fernando Marroni participou na manh\u00e3 desta quinta-feira (9) do 15\u00ba Encontro Regional de Controle e Orienta\u00e7\u00e3o (Erco) do<\/p>\n","protected":false},"author":34,"featured_media":148131,"comment_status":"closed","ping_status":"closed","sticky":false,"template":"","format":"standard","meta":[],"categories":[305,149],"tags":[],"_links":{"self":[{"href":"https:\/\/diariodamanhapelotas.com.br\/site\/wp-json\/wp\/v2\/posts\/148130"}],"collection":[{"href":"https:\/\/diariodamanhapelotas.com.br\/site\/wp-json\/wp\/v2\/posts"}],"about":[{"href":"https:\/\/diariodamanhapelotas.com.br\/site\/wp-json\/wp\/v2\/types\/post"}],"author":[{"embeddable":true,"href":"https:\/\/diariodamanhapelotas.com.br\/site\/wp-json\/wp\/v2\/users\/34"}],"replies":[{"embeddable":true,"href":"https:\/\/diariodamanhapelotas.com.br\/site\/wp-json\/wp\/v2\/comments?post=148130"}],"version-history":[{"count":1,"href":"https:\/\/diariodamanhapelotas.com.br\/site\/wp-json\/wp\/v2\/posts\/148130\/revisions"}],"predecessor-version":[{"id":148133,"href":"https:\/\/diariodamanhapelotas.com.br\/site\/wp-json\/wp\/v2\/posts\/148130\/revisions\/148133"}],"wp:featuredmedia":[{"embeddable":true,"href":"https:\/\/diariodamanhapelotas.com.br\/site\/wp-json\/wp\/v2\/media\/148131"}],"wp:attachment":[{"href":"https:\/\/diariodamanhapelotas.com.br\/site\/wp-json\/wp\/v2\/media?parent=148130"}],"wp:term":[{"taxonomy":"category","embeddable":true,"href":"https:\/\/diariodamanhapelotas.com.br\/site\/wp-json\/wp\/v2\/categories?post=148130"},{"taxonomy":"post_tag","embeddable":true,"href":"https:\/\/diariodamanhapelotas.com.br\/site\/wp-json\/wp\/v2\/tags?post=148130"}],"curies":[{"name":"wp","href":"https:\/\/api.w.org\/{rel}","templated":true}]}}