{"id":148151,"date":"2025-10-10T16:51:04","date_gmt":"2025-10-10T19:51:04","guid":{"rendered":"https:\/\/diariodamanhapelotas.com.br\/site\/?p=148151"},"modified":"2025-10-10T16:51:04","modified_gmt":"2025-10-10T19:51:04","slug":"em-dois-dias-prefeitura-recolhe-670-toneladas-de-lixo-irregular-em-pelotas","status":"publish","type":"post","link":"https:\/\/diariodamanhapelotas.com.br\/site\/em-dois-dias-prefeitura-recolhe-670-toneladas-de-lixo-irregular-em-pelotas\/","title":{"rendered":"Em dois dias, Prefeitura recolhe 670 toneladas de lixo irregular em Pelotas"},"content":{"rendered":"<h3 style=\"text-align: center;\"><em>Per\u00edodo coincide com o novo contrato em vigor para o servi\u00e7o de limpeza urbana. N\u00famero \u00e9 superior ao que o Sanep coleta regularmente de lixo dom\u00e9stico no mesmo per\u00edodo\u00a0<\/em><\/h3>\n<p>Em apenas dois dias, ter\u00e7a e quarta-feira (7 e 8) desta semana, a Prefeitura, por meio das equipes coordenadas pela Secretaria de Servi\u00e7os Urbanos e Infraestrutura (Ssui), recolheu 96 cargas de lixo descartado irregularmente. O per\u00edodo coincide com o novo contrato em vigor com a empresa vencedora da licita\u00e7\u00e3o para presta\u00e7\u00e3o de servi\u00e7os de limpeza urbana no munic\u00edpio. Estimativa da Secretaria \u00e9 de que as 96 cargas correspondam a 672 toneladas de res\u00edduos.<\/p>\n<p>A quantidade impressiona. Para efeito de compara\u00e7\u00e3o: diariamente, o Sanep recolhe em m\u00e9dia 300 toneladas de lixo dom\u00e9stico no munic\u00edpio. Em dois dias, portanto, foi recolhido um volume maior de res\u00edduo irregular do que a coleta di\u00e1ria, que disp\u00f5e de hor\u00e1rios, trajeto e agenda definidos.<\/p>\n<p>\u201c\u00c9 preocupante recolhermos mais res\u00edduos que o Sanep\u201d, afirma o titular da Ssui, Mateus Consen. Apesar disso, o secret\u00e1rio est\u00e1 otimista quanto \u00e0 evolu\u00e7\u00e3o do servi\u00e7o, principalmente quanto ao lixo descartado de forma irregular. Consen acredita que com o novo contrato, em que a atual gest\u00e3o imp\u00f4s um novo padr\u00e3o de zeladoria, com planejamento visando empregar maior efici\u00eancia e otimiza\u00e7\u00e3o, deve diminuir a incid\u00eancia de descarte e lix\u00f5es. O secret\u00e1rio afirma que mais m\u00e1quinas est\u00e3o sendo empregadas e acredita que a popula\u00e7\u00e3o vai perceber em curto espa\u00e7o de tempo que a cidade estar\u00e1 mais limpa. \u201c\u00c9 o principal efeito do novo contrato no recolhimento de entulhos, conforme avan\u00e7armos deve diminuir [lix\u00f5es e descarte de lixo irregular] &#8211; agora os servi\u00e7os de zeladoria t\u00eam a nossa cara\u201d. disse.<\/p>\n<p>Quanto ao aspecto de sujeira, que promove impacto negativo de ordem ambiental e est\u00e9tica na cidade, o secret\u00e1rio de Servi\u00e7os Urbanos e Infraestrutura adota um tom mais cauteloso. \u201cSe a popula\u00e7\u00e3o n\u00e3o tiver consci\u00eancia de que qualquer lixo descartado de forma irregular gera impacto negativo na cidade, ser\u00e1 um desafio muito grande n\u00e3o apenas para a nossa gest\u00e3o, mas para qualquer outra imprimir um aspecto de cuidado e zelo com a limpeza urbana\u201d, avalia. Ele prossegue: \u201cA prefeitura recolhe, esse \u00e9 o nosso papel, mas em hip\u00f3tese alguma deve ser normalizado que as pessoas possam descartar lixo irregular na rua.\u201d<\/p>\n<p>As regi\u00f5es do Areal e do S\u00e3o Gon\u00e7alo foram as que mais registraram incid\u00eancia de descarte irregular de lixo nos primeiros dois dias sob o novo contrato. M\u00f3veis, restos de obra, galha\u00e7\u00e3o e lixo dom\u00e9stico foram os res\u00edduos mais encontrados pelas equipes coordenadas pela Ssui.<\/p>\n","protected":false},"excerpt":{"rendered":"<p>Per\u00edodo coincide com o novo contrato em vigor para o servi\u00e7o de limpeza urbana. N\u00famero \u00e9 superior ao que o Sanep coleta regularmente de lixo dom\u00e9stico no mesmo per\u00edodo\u00a0 Em<\/p>\n","protected":false},"author":3,"featured_media":148153,"comment_status":"closed","ping_status":"closed","sticky":false,"template":"","format":"standard","meta":[],"categories":[305,149],"tags":[],"_links":{"self":[{"href":"https:\/\/diariodamanhapelotas.com.br\/site\/wp-json\/wp\/v2\/posts\/148151"}],"collection":[{"href":"https:\/\/diariodamanhapelotas.com.br\/site\/wp-json\/wp\/v2\/posts"}],"about":[{"href":"https:\/\/diariodamanhapelotas.com.br\/site\/wp-json\/wp\/v2\/types\/post"}],"author":[{"embeddable":true,"href":"https:\/\/diariodamanhapelotas.com.br\/site\/wp-json\/wp\/v2\/users\/3"}],"replies":[{"embeddable":true,"href":"https:\/\/diariodamanhapelotas.com.br\/site\/wp-json\/wp\/v2\/comments?post=148151"}],"version-history":[{"count":1,"href":"https:\/\/diariodamanhapelotas.com.br\/site\/wp-json\/wp\/v2\/posts\/148151\/revisions"}],"predecessor-version":[{"id":148154,"href":"https:\/\/diariodamanhapelotas.com.br\/site\/wp-json\/wp\/v2\/posts\/148151\/revisions\/148154"}],"wp:featuredmedia":[{"embeddable":true,"href":"https:\/\/diariodamanhapelotas.com.br\/site\/wp-json\/wp\/v2\/media\/148153"}],"wp:attachment":[{"href":"https:\/\/diariodamanhapelotas.com.br\/site\/wp-json\/wp\/v2\/media?parent=148151"}],"wp:term":[{"taxonomy":"category","embeddable":true,"href":"https:\/\/diariodamanhapelotas.com.br\/site\/wp-json\/wp\/v2\/categories?post=148151"},{"taxonomy":"post_tag","embeddable":true,"href":"https:\/\/diariodamanhapelotas.com.br\/site\/wp-json\/wp\/v2\/tags?post=148151"}],"curies":[{"name":"wp","href":"https:\/\/api.w.org\/{rel}","templated":true}]}}