{"id":148157,"date":"2025-10-10T17:01:23","date_gmt":"2025-10-10T20:01:23","guid":{"rendered":"https:\/\/diariodamanhapelotas.com.br\/site\/?p=148157"},"modified":"2025-10-10T17:01:23","modified_gmt":"2025-10-10T20:01:23","slug":"ufpel-lanca-processo-seletivo-simplificado-para-contratacao-de-docentes","status":"publish","type":"post","link":"https:\/\/diariodamanhapelotas.com.br\/site\/ufpel-lanca-processo-seletivo-simplificado-para-contratacao-de-docentes\/","title":{"rendered":"UFPel lan\u00e7a processo seletivo simplificado para contrata\u00e7\u00e3o de docentes"},"content":{"rendered":"<h3 style=\"text-align: center;\"><em>As\u00a0inscri\u00e7\u00f5es, abertas at\u00e9\u00a023 de outubro, s\u00e3o recebidas exclusivamente pela internet<\/em><\/h3>\n<p>A\u00a0Universidade Federal de Pelotas\u00a0(UFPel) publicou edital para contrata\u00e7\u00e3o por tempo determinado de\u00a0professoras e professores substitutos, com\u00a027 vagas, distribu\u00eddas em 26 \u00e1reas. As\u00a0inscri\u00e7\u00f5es, abertas at\u00e9\u00a023 de outubro, s\u00e3o recebidas exclusivamente\u00a0<a href=\"https:\/\/ces.ufpel.edu.br\/conctecadmed0025_2025\/formulario.php\" target=\"_blank\" rel=\"noopener noreferrer\">pela Internet<\/a>.<\/p>\n<p>As informa\u00e7\u00f5es sobre \u00e1reas, requisitos, provas, reserva de vagas, carga hor\u00e1ria, remunera\u00e7\u00e3o e demais procedimentos para inscri\u00e7\u00e3o est\u00e3o detalhadas no\u00a0<a href=\"https:\/\/ces.ufpel.edu.br\/conctecadmed0025_2025\/download\/2025\/Edital%20252025.pdf\" target=\"_blank\" rel=\"noopener noreferrer\">Edital<\/a>. Os documentos est\u00e3o dispon\u00edveis\u00a0<a href=\"https:\/\/ces.ufpel.edu.br\/conctecadmed0025_2025\/\" target=\"_blank\" rel=\"noopener noreferrer\">na p\u00e1gina<\/a>\u00a0do N\u00facleo de Gerenciamento de Concursos e Vagas da UFPel (<a href=\"https:\/\/concursos.ufpel.edu.br\/\" target=\"_blank\" rel=\"noopener noreferrer\">https:\/\/concursos.ufpel.edu.br\/<\/a>).<\/p>\n<p>O Processo Seletivo abrange, para o regime de 40h, as \u00e1reas de Design ou Publicidade; Farm\u00e1cia; Qu\u00edmica Inorg\u00e2nica; Turismo; Redes de Computadores e Comunica\u00e7\u00e3o de Dados; Engenharia do Produto ou Ger\u00eancia de Produ\u00e7\u00e3o; L\u00edngua Espanhola ou Lingu\u00edstica Aplicada; L\u00edngua Francesa; Tradu\u00e7\u00e3o Espanhol-Portugu\u00eas; L\u00edngua Brasileira de Sinais; L\u00edngua Portuguesa e Latim; Teoria do Direito ou Direitos Especiais; Silvicultura; Filosofia, Hist\u00f3ria ou Sociologia da Educa\u00e7\u00e3o; Patologia; Aten\u00e7\u00e3o B\u00e1sica \u00e0 Sa\u00fade; Terapia Ocupacional; Sa\u00fade Bucal Coletiva; Periodontia; Anatomia Humana; Ecologia; Antropologia; Teoria Econ\u00f4mica; Ci\u00eancia da Conserva\u00e7\u00e3o; J\u00e1 para o regime de trabalho de 20h, h\u00e1 vagas para Cl\u00ednica M\u00e9dica e Oftalmologia.<\/p>\n<h4 style=\"text-align: center;\"><strong>Isen\u00e7\u00e3o<\/strong><\/h4>\n<p>O pagamento da taxa de inscri\u00e7\u00e3o poder\u00e1 ser dispensado nos casos de inscri\u00e7\u00e3o ativa no Cadastro \u00danico para Programas Sociais do Governo Federal (<a href=\"https:\/\/www.gov.br\/pt-br\/servicos\/inscrever-se-no-cadastro-unico-para-programas-sociais-do-governo-federal\" target=\"_blank\" rel=\"noopener noreferrer\">Cad\u00danico<\/a>). O registro engloba situa\u00e7\u00f5es de renda familiar, por pessoa, igual ou inferior a meio sal\u00e1rio m\u00ednimo.<\/p>\n<p>O benef\u00edcio tamb\u00e9m \u00e9 extensivo a candidatas e candidatos doadores de medula \u00f3ssea, em entidades reconhecidas pelo Minist\u00e9rio da Sa\u00fade. A solicita\u00e7\u00e3o de isen\u00e7\u00e3o deve ser realizada por\u00a0<a href=\"https:\/\/forms.gle\/SD9jBU1bm6RCkXUm8\" target=\"_blank\" rel=\"noopener noreferrer\">formul\u00e1rio eletr\u00f4nico<\/a>, at\u00e9 13 de outubro.<\/p>\n<h4 style=\"text-align: center;\"><strong>A\u00e7\u00f5es Afirmativas<\/strong><\/h4>\n<p>O processo seletivo prev\u00ea reserva de vagas para pessoas com defici\u00eancia (PCD), em 5%. Para pessoas negras, ind\u00edgenas e quilombolas ser\u00e3o destinados 30%.<\/p>\n<h4 style=\"text-align: center;\"><strong>Cronograma<\/strong><\/h4>\n<p>O per\u00edodo prov\u00e1vel de realiza\u00e7\u00e3o das provas ser\u00e1 de 1\u00ba a 14 de dezembro. O Processo Seletivo consiste em prova did\u00e1tica, em car\u00e1ter eliminat\u00f3rio e classificat\u00f3rio, e exame de t\u00edtulos, de natureza classificat\u00f3ria.<\/p>\n<p><a href=\"https:\/\/ces.ufpel.edu.br\/conctecadmed0025_2025\/download\/2025\/Edital%20252025.pdf\" target=\"_blank\" rel=\"noopener noreferrer\">Confira o Edital<\/a><\/p>\n","protected":false},"excerpt":{"rendered":"<p>As\u00a0inscri\u00e7\u00f5es, abertas at\u00e9\u00a023 de outubro, s\u00e3o recebidas exclusivamente pela internet A\u00a0Universidade Federal de Pelotas\u00a0(UFPel) publicou edital para contrata\u00e7\u00e3o por tempo determinado de\u00a0professoras e professores substitutos, com\u00a027 vagas, distribu\u00eddas em 26<\/p>\n","protected":false},"author":3,"featured_media":148158,"comment_status":"closed","ping_status":"closed","sticky":false,"template":"","format":"standard","meta":[],"categories":[305,30],"tags":[],"_links":{"self":[{"href":"https:\/\/diariodamanhapelotas.com.br\/site\/wp-json\/wp\/v2\/posts\/148157"}],"collection":[{"href":"https:\/\/diariodamanhapelotas.com.br\/site\/wp-json\/wp\/v2\/posts"}],"about":[{"href":"https:\/\/diariodamanhapelotas.com.br\/site\/wp-json\/wp\/v2\/types\/post"}],"author":[{"embeddable":true,"href":"https:\/\/diariodamanhapelotas.com.br\/site\/wp-json\/wp\/v2\/users\/3"}],"replies":[{"embeddable":true,"href":"https:\/\/diariodamanhapelotas.com.br\/site\/wp-json\/wp\/v2\/comments?post=148157"}],"version-history":[{"count":1,"href":"https:\/\/diariodamanhapelotas.com.br\/site\/wp-json\/wp\/v2\/posts\/148157\/revisions"}],"predecessor-version":[{"id":148159,"href":"https:\/\/diariodamanhapelotas.com.br\/site\/wp-json\/wp\/v2\/posts\/148157\/revisions\/148159"}],"wp:featuredmedia":[{"embeddable":true,"href":"https:\/\/diariodamanhapelotas.com.br\/site\/wp-json\/wp\/v2\/media\/148158"}],"wp:attachment":[{"href":"https:\/\/diariodamanhapelotas.com.br\/site\/wp-json\/wp\/v2\/media?parent=148157"}],"wp:term":[{"taxonomy":"category","embeddable":true,"href":"https:\/\/diariodamanhapelotas.com.br\/site\/wp-json\/wp\/v2\/categories?post=148157"},{"taxonomy":"post_tag","embeddable":true,"href":"https:\/\/diariodamanhapelotas.com.br\/site\/wp-json\/wp\/v2\/tags?post=148157"}],"curies":[{"name":"wp","href":"https:\/\/api.w.org\/{rel}","templated":true}]}}