{"id":148160,"date":"2025-10-10T17:03:49","date_gmt":"2025-10-10T20:03:49","guid":{"rendered":"https:\/\/diariodamanhapelotas.com.br\/site\/?p=148160"},"modified":"2025-10-10T17:03:49","modified_gmt":"2025-10-10T20:03:49","slug":"prefeitura-divulga-inscricoes-e-matriculas-da-etapa-creche-na-rede-municipal","status":"publish","type":"post","link":"https:\/\/diariodamanhapelotas.com.br\/site\/prefeitura-divulga-inscricoes-e-matriculas-da-etapa-creche-na-rede-municipal\/","title":{"rendered":"Prefeitura divulga inscri\u00e7\u00f5es e matr\u00edculas da Etapa Creche na Rede Municipal"},"content":{"rendered":"<h3 style=\"text-align: center;\"><em>Rematr\u00edculas devem ser realizadas diretamente nas escola e novas inscri\u00e7\u00f5es no site da Prefeitura<\/em><\/h3>\n<p>A Prefeitura de Pelotas, por meio da Secretaria de Educa\u00e7\u00e3o (SME), divulgou o cronograma de inscri\u00e7\u00f5es e matr\u00edculas para a Etapa Creche (0 a 3 anos) da Educa\u00e7\u00e3o Infantil da Rede Municipal de Ensino.<\/p>\n<p>As rematr\u00edculas devem ser realizadas diretamente nas escolas at\u00e9 o dia 14 de outubro. J\u00e1 o per\u00edodo para matr\u00edculas antecipadas e transfer\u00eancias ocorre entre os dias 16 e 22 de outubro, tamb\u00e9m nas unidades escolares.<\/p>\n<p>As novas inscri\u00e7\u00f5es para a Etapa Creche dever\u00e3o ser feitas exclusivamente no site da Prefeitura, pelo link <a href=\"https:\/\/pelotas.com.br\/educacao\/selecao-alunos\" target=\"_blank\" rel=\"noopener noreferrer\">https:\/\/pelotas.com.br\/educacao\/selecao-alunos<\/a>, entre os dias 22 de outubro e 7 de novembro.<\/p>\n<p>A divulga\u00e7\u00e3o dos resultados est\u00e1 prevista para o dia 3 de dezembro, no mesmo site. Ap\u00f3s essa etapa, os respons\u00e1veis dever\u00e3o realizar a efetiva\u00e7\u00e3o da matr\u00edcula nas escolas entre os dias 8 e 19 de dezembro.<\/p>\n","protected":false},"excerpt":{"rendered":"<p>Rematr\u00edculas devem ser realizadas diretamente nas escola e novas inscri\u00e7\u00f5es no site da Prefeitura A Prefeitura de Pelotas, por meio da Secretaria de Educa\u00e7\u00e3o (SME), divulgou o cronograma de inscri\u00e7\u00f5es<\/p>\n","protected":false},"author":3,"featured_media":148161,"comment_status":"closed","ping_status":"closed","sticky":false,"template":"","format":"standard","meta":[],"categories":[305,30],"tags":[],"_links":{"self":[{"href":"https:\/\/diariodamanhapelotas.com.br\/site\/wp-json\/wp\/v2\/posts\/148160"}],"collection":[{"href":"https:\/\/diariodamanhapelotas.com.br\/site\/wp-json\/wp\/v2\/posts"}],"about":[{"href":"https:\/\/diariodamanhapelotas.com.br\/site\/wp-json\/wp\/v2\/types\/post"}],"author":[{"embeddable":true,"href":"https:\/\/diariodamanhapelotas.com.br\/site\/wp-json\/wp\/v2\/users\/3"}],"replies":[{"embeddable":true,"href":"https:\/\/diariodamanhapelotas.com.br\/site\/wp-json\/wp\/v2\/comments?post=148160"}],"version-history":[{"count":1,"href":"https:\/\/diariodamanhapelotas.com.br\/site\/wp-json\/wp\/v2\/posts\/148160\/revisions"}],"predecessor-version":[{"id":148162,"href":"https:\/\/diariodamanhapelotas.com.br\/site\/wp-json\/wp\/v2\/posts\/148160\/revisions\/148162"}],"wp:featuredmedia":[{"embeddable":true,"href":"https:\/\/diariodamanhapelotas.com.br\/site\/wp-json\/wp\/v2\/media\/148161"}],"wp:attachment":[{"href":"https:\/\/diariodamanhapelotas.com.br\/site\/wp-json\/wp\/v2\/media?parent=148160"}],"wp:term":[{"taxonomy":"category","embeddable":true,"href":"https:\/\/diariodamanhapelotas.com.br\/site\/wp-json\/wp\/v2\/categories?post=148160"},{"taxonomy":"post_tag","embeddable":true,"href":"https:\/\/diariodamanhapelotas.com.br\/site\/wp-json\/wp\/v2\/tags?post=148160"}],"curies":[{"name":"wp","href":"https:\/\/api.w.org\/{rel}","templated":true}]}}