{"id":148163,"date":"2025-10-13T09:14:35","date_gmt":"2025-10-13T12:14:35","guid":{"rendered":"https:\/\/diariodamanhapelotas.com.br\/site\/?p=148163"},"modified":"2025-10-13T09:14:57","modified_gmt":"2025-10-13T12:14:57","slug":"prf-apreende-20-quilos-de-maconha-em-pelotas","status":"publish","type":"post","link":"https:\/\/diariodamanhapelotas.com.br\/site\/prf-apreende-20-quilos-de-maconha-em-pelotas\/","title":{"rendered":"PRF apreende 20 quilos de maconha em Pelotas"},"content":{"rendered":"<h3 style=\"text-align: center;\"><em>Jovem de 19 anos, natural de Florian\u00f3polis\/SC, foi presa<\/em><\/h3>\n<p>Na manh\u00e3 deste domingo (12), a Pol\u00edcia Rodovi\u00e1ria Federal apreendeu 20 quilos de maconha e prendeu uma mulher em Pelotas. A a\u00e7\u00e3o ocorreu na BR-116, durante fiscaliza\u00e7\u00e3o de combate ao crime.<\/p>\n<p>Os policiais abordaram um \u00f4nibus que fazia a linha Porto Alegre\u2013Pelotas e, durante a inspe\u00e7\u00e3o da mala de uma mulher de 19 anos, encontraram a droga.<\/p>\n<p>A mulher, natural de Florian\u00f3polis (SC), informou que havia embarcado em Lages (SC) e levaria a droga at\u00e9 Pelotas. Ela n\u00e3o possu\u00eda ocorr\u00eancias anteriores. A presa e a droga foram encaminhadas \u00e0 Pol\u00edcia Judici\u00e1ria.<\/p>\n","protected":false},"excerpt":{"rendered":"<p>Jovem de 19 anos, natural de Florian\u00f3polis\/SC, foi presa Na manh\u00e3 deste domingo (12), a Pol\u00edcia Rodovi\u00e1ria Federal apreendeu 20 quilos de maconha e prendeu uma mulher em Pelotas. A<\/p>\n","protected":false},"author":3,"featured_media":148164,"comment_status":"closed","ping_status":"closed","sticky":false,"template":"","format":"standard","meta":[],"categories":[305,33],"tags":[],"_links":{"self":[{"href":"https:\/\/diariodamanhapelotas.com.br\/site\/wp-json\/wp\/v2\/posts\/148163"}],"collection":[{"href":"https:\/\/diariodamanhapelotas.com.br\/site\/wp-json\/wp\/v2\/posts"}],"about":[{"href":"https:\/\/diariodamanhapelotas.com.br\/site\/wp-json\/wp\/v2\/types\/post"}],"author":[{"embeddable":true,"href":"https:\/\/diariodamanhapelotas.com.br\/site\/wp-json\/wp\/v2\/users\/3"}],"replies":[{"embeddable":true,"href":"https:\/\/diariodamanhapelotas.com.br\/site\/wp-json\/wp\/v2\/comments?post=148163"}],"version-history":[{"count":2,"href":"https:\/\/diariodamanhapelotas.com.br\/site\/wp-json\/wp\/v2\/posts\/148163\/revisions"}],"predecessor-version":[{"id":148166,"href":"https:\/\/diariodamanhapelotas.com.br\/site\/wp-json\/wp\/v2\/posts\/148163\/revisions\/148166"}],"wp:featuredmedia":[{"embeddable":true,"href":"https:\/\/diariodamanhapelotas.com.br\/site\/wp-json\/wp\/v2\/media\/148164"}],"wp:attachment":[{"href":"https:\/\/diariodamanhapelotas.com.br\/site\/wp-json\/wp\/v2\/media?parent=148163"}],"wp:term":[{"taxonomy":"category","embeddable":true,"href":"https:\/\/diariodamanhapelotas.com.br\/site\/wp-json\/wp\/v2\/categories?post=148163"},{"taxonomy":"post_tag","embeddable":true,"href":"https:\/\/diariodamanhapelotas.com.br\/site\/wp-json\/wp\/v2\/tags?post=148163"}],"curies":[{"name":"wp","href":"https:\/\/api.w.org\/{rel}","templated":true}]}}