{"id":148181,"date":"2025-10-13T09:37:46","date_gmt":"2025-10-13T12:37:46","guid":{"rendered":"https:\/\/diariodamanhapelotas.com.br\/site\/?p=148181"},"modified":"2025-10-13T09:37:46","modified_gmt":"2025-10-13T12:37:46","slug":"prefeitura-divulga-vacinas-disponiveis-na-campanha-de-multivacinacao","status":"publish","type":"post","link":"https:\/\/diariodamanhapelotas.com.br\/site\/prefeitura-divulga-vacinas-disponiveis-na-campanha-de-multivacinacao\/","title":{"rendered":"Prefeitura divulga vacinas dispon\u00edveis na campanha de multivacina\u00e7\u00e3o"},"content":{"rendered":"<h3 style=\"text-align: center;\"><em>Dia D est\u00e1 confirmado para s\u00e1bado (18), mas unidades de sa\u00fade aplicam as doses diariamente<\/em><\/h3>\n<p><span style=\"font-size: 12.0pt; line-height: 150%; font-family: 'Arial','sans-serif'; color: black; mso-fareast-language: PT-BR;\">A Prefeitura de Pelotas confirma para s\u00e1bado (18) o Dia D de Multivacina\u00e7\u00e3o. No entanto, a campanha para que os p\u00fablicos-alvo atualizem suas imuniza\u00e7\u00f5es prossegue at\u00e9 o dia 31 deste m\u00eas. Todas as unidades de sa\u00fade disponibilizam as doses diariamente. As vacinas s\u00e3o gratuitas e, para tirar d\u00favidas da popula\u00e7\u00e3o, a Secretaria Municipal de Sa\u00fade (SMS) divulga para quem e quais as doses s\u00e3o necess\u00e1rias.<\/span><\/p>\n<p><span style=\"font-size: 12.0pt; line-height: 150%; font-family: 'Arial','sans-serif'; color: black; mso-fareast-language: PT-BR;\">No Dia D de Multivacina\u00e7\u00e3o, dia 18, todas as Unidades B\u00e1sicas de Sa\u00fade (UBSs), zonas rural e urbana, atender\u00e3o os p\u00fablicos. Na col\u00f4nia, os postos funcionar\u00e3o das 9 \u00c0s 12h. Na cidade, os atendimentos ser\u00e3o das 8 \u00e0s 17h e, al\u00e9m das UBSs, tamb\u00e9m haver\u00e1 vacina\u00e7\u00e3o no ambulat\u00f3rio da Universidade Cat\u00f3lica, \u00e0 avenida Fernando Os\u00f3rio, 1.586, na Casa da Vacina, \u00e0 rua Gon\u00e7alves Chaves, 437, no Pop Center, das 8h30min \u00c0s 18h, e no Shopping Pelotas, das 10 \u00e0s 18h, sujeito \u00e0 confirma\u00e7\u00e3o.<\/span><\/p>\n<h4 style=\"text-align: center;\"><span style=\"font-size: 12.0pt; line-height: 150%; font-family: 'Arial','sans-serif'; color: black; mso-fareast-language: PT-BR;\">P\u00fablicos-alvo, vacinas e documenta\u00e7\u00e3o<\/span><\/h4>\n<p><span style=\"font-size: 12.0pt; line-height: 150%; font-family: 'Arial','sans-serif'; color: black; mso-fareast-language: PT-BR;\">&#8211; P\u00fablico-alvo: crian\u00e7as e adolescentes menores de 15 anos (14 anos, 11 meses e 29 dias)<\/span><\/p>\n<p><span style=\"font-size: 12.0pt; line-height: 150%; font-family: 'Arial','sans-serif'; color: black; mso-fareast-language: PT-BR;\">* Vacinas dispon\u00edveis: BCG,\u00a0<\/span><span style=\"font-size: 12.0pt; line-height: 150%; font-family: 'Arial','sans-serif'; mso-fareast-font-family: 'Times New Roman'; mso-font-kerning: 0pt; mso-ansi-language: #0016; mso-fareast-language: PT-BR;\">Hepatite B, Pentavalente, DTP, VIP, Pneumo 10, Rotav\u00edrus, Meningo C, Meningo ACWY, Febre Amarela, Tr\u00edplice Viral, Tetra Viral, Varicela, Hepatite A, Covid-19, dT, HPV e dTpa. Todas conforme avalia\u00e7\u00e3o da carteira de vacina\u00e7\u00e3o, pelo profissional de sa\u00fade.<\/span><\/p>\n<p><span style=\"font-size: 12.0pt; line-height: 150%; font-family: 'Arial','sans-serif'; mso-fareast-font-family: 'Times New Roman'; mso-font-kerning: 0pt; mso-ansi-language: #0016; mso-fareast-language: PT-BR;\">* Documentos necess\u00e1rios: CPF ou Cart\u00e3o SUS e carteira de vacina\u00e7\u00e3o.<\/span><\/p>\n<p><span style=\"font-size: 12.0pt; line-height: 150%; font-family: 'Arial','sans-serif'; mso-fareast-font-family: 'Times New Roman'; mso-font-kerning: 0pt; mso-ansi-language: #0016; mso-fareast-language: PT-BR;\">&#8211; P\u00fablico-alvo: pessoas de 12 meses de idade at\u00e9 59 anos<\/span><\/p>\n<p><span style=\"font-size: 12.0pt; line-height: 150%; font-family: 'Arial','sans-serif'; mso-fareast-font-family: 'Times New Roman'; mso-font-kerning: 0pt; mso-ansi-language: #0016; mso-fareast-language: PT-BR;\">* Vacina dispon\u00edvel: Tr\u00edplice Viral (prote\u00e7\u00e3o contra o Sarampo), conforme avalia\u00e7\u00e3o da carteira de vacina\u00e7\u00e3o, pelo profissional de sa\u00fade.<\/span><\/p>\n<p><span style=\"font-size: 12.0pt; line-height: 150%; font-family: 'Arial','sans-serif'; mso-fareast-font-family: 'Times New Roman'; mso-font-kerning: 0pt; mso-ansi-language: #0016; mso-fareast-language: PT-BR;\">* Documentos necess\u00e1rios: CPF ou Cart\u00e3o SUS e carteira de vacina\u00e7\u00e3o.<\/span><\/p>\n<h4 style=\"text-align: center;\"><strong><span style=\"font-style: inherit;\">Resgate de HPV<\/span><\/strong><\/h4>\n<p><span style=\"font-size: 12.0pt; line-height: 150%; font-family: 'Arial','sans-serif'; mso-fareast-font-family: 'Times New Roman'; mso-font-kerning: 0pt; mso-ansi-language: #0016; mso-fareast-language: PT-BR;\">&#8211; P\u00fablico-alvo: adolescentes de 15 anos at\u00e9 19 anos de idade.<\/span><\/p>\n<p><span style=\"font-size: 12.0pt; line-height: 150%; font-family: 'Arial','sans-serif'; mso-fareast-font-family: 'Times New Roman'; mso-font-kerning: 0pt; mso-ansi-language: #0016; mso-fareast-language: PT-BR;\">* Vacina dispon\u00edvel: HPV, para quem n\u00e3o possui nenhuma dose dessa vacina, conforme avalia\u00e7\u00e3o da carteira de vacina\u00e7\u00e3o, pelo profissional de sa\u00fade.<\/span><\/p>\n<p><span style=\"font-size: 12.0pt; line-height: 150%; font-family: 'Arial','sans-serif'; mso-fareast-font-family: 'Times New Roman'; mso-font-kerning: 0pt; mso-ansi-language: #0016; mso-fareast-language: PT-BR;\">* Documentos necess\u00e1rios: CPF ou Cart\u00e3o SUS e carteira de vacina\u00e7\u00e3o.<\/span><\/p>\n","protected":false},"excerpt":{"rendered":"<p>Dia D est\u00e1 confirmado para s\u00e1bado (18), mas unidades de sa\u00fade aplicam as doses diariamente A Prefeitura de Pelotas confirma para s\u00e1bado (18) o Dia D de Multivacina\u00e7\u00e3o. No entanto,<\/p>\n","protected":false},"author":3,"featured_media":87882,"comment_status":"closed","ping_status":"closed","sticky":false,"template":"","format":"standard","meta":[],"categories":[305,150],"tags":[],"_links":{"self":[{"href":"https:\/\/diariodamanhapelotas.com.br\/site\/wp-json\/wp\/v2\/posts\/148181"}],"collection":[{"href":"https:\/\/diariodamanhapelotas.com.br\/site\/wp-json\/wp\/v2\/posts"}],"about":[{"href":"https:\/\/diariodamanhapelotas.com.br\/site\/wp-json\/wp\/v2\/types\/post"}],"author":[{"embeddable":true,"href":"https:\/\/diariodamanhapelotas.com.br\/site\/wp-json\/wp\/v2\/users\/3"}],"replies":[{"embeddable":true,"href":"https:\/\/diariodamanhapelotas.com.br\/site\/wp-json\/wp\/v2\/comments?post=148181"}],"version-history":[{"count":1,"href":"https:\/\/diariodamanhapelotas.com.br\/site\/wp-json\/wp\/v2\/posts\/148181\/revisions"}],"predecessor-version":[{"id":148182,"href":"https:\/\/diariodamanhapelotas.com.br\/site\/wp-json\/wp\/v2\/posts\/148181\/revisions\/148182"}],"wp:featuredmedia":[{"embeddable":true,"href":"https:\/\/diariodamanhapelotas.com.br\/site\/wp-json\/wp\/v2\/media\/87882"}],"wp:attachment":[{"href":"https:\/\/diariodamanhapelotas.com.br\/site\/wp-json\/wp\/v2\/media?parent=148181"}],"wp:term":[{"taxonomy":"category","embeddable":true,"href":"https:\/\/diariodamanhapelotas.com.br\/site\/wp-json\/wp\/v2\/categories?post=148181"},{"taxonomy":"post_tag","embeddable":true,"href":"https:\/\/diariodamanhapelotas.com.br\/site\/wp-json\/wp\/v2\/tags?post=148181"}],"curies":[{"name":"wp","href":"https:\/\/api.w.org\/{rel}","templated":true}]}}