{"id":148250,"date":"2025-10-15T14:09:23","date_gmt":"2025-10-15T17:09:23","guid":{"rendered":"https:\/\/diariodamanhapelotas.com.br\/site\/?p=148250"},"modified":"2025-10-15T14:09:23","modified_gmt":"2025-10-15T17:09:23","slug":"plenaria-do-bioma-pampa-para-cupula-dos-povos-prepara-documento","status":"publish","type":"post","link":"https:\/\/diariodamanhapelotas.com.br\/site\/plenaria-do-bioma-pampa-para-cupula-dos-povos-prepara-documento\/","title":{"rendered":"Plen\u00e1ria do Bioma Pampa para C\u00fapula dos Povos prepara documento"},"content":{"rendered":"<h3 style=\"text-align: center;\"><em>Prefeitura discutiu os desafios impostos pela emerg\u00eancia clim\u00e1tica na regi\u00e3o. Pelo menos 48 entidades foram representadas<\/em><\/h3>\n<p>A plen\u00e1ria do Bioma Pampa no extremo Sul do Rio Grande do Sul prepara documento que ser\u00e1 entregue \u00e0 delega\u00e7\u00e3o ga\u00facha que vai participar da C\u00fapula dos Povos, evento paralelo \u00e0 COP 30, m\u00eas que vem em Bel\u00e9m (PA). A plen\u00e1ria, que contou com a participa\u00e7\u00e3o de mais de 60 pessoas, representando 48 entidades diferentes de munic\u00edpios como Pelotas, Rio Grande, S\u00e3o Jos\u00e9 do Norte e S\u00e3o Louren\u00e7o do Sul, ocorreu s\u00e1bado (11), no Sindicato da Alimenta\u00e7\u00e3o. A Prefeitura, por meio das secretarias de Urbanismo (Seurb) e Planejamento e Gest\u00e3o (Seplag), foi uma das organizadoras.<\/p>\n<p>\u201cO envolvimento de diferentes grupos sociais evidencia que a pauta ambiental est\u00e1 disseminada em todos os campos e mobiliza as pessoas a atuarem em seus territ\u00f3rios, o que \u00e9 muito bem-vindo, porque s\u00e3o pessoas que sofrem com enchentes, secas, escassez de alimentos, entre outros problemas graves provocados pela emerg\u00eancia clim\u00e1tica\u201d, disse o prefeito Fernando Marroni, que esteve presente na plen\u00e1ria, uma das seis realizadas no Rio Grande do Sul no \u00e2mbito da C\u00fapula dos Povos.<\/p>\n<p>Dentre os setores representados na agenda, participaram lideran\u00e7as de movimentos sindicais, ambientalistas, comunidades tradicionais pesqueiras, quilombolas, ind\u00edgenas, catadores, feminista, negro, LGBTQIA+ e de estudantes. Dentre esses, pescadores do Arroio do Inhome e quilombolas da Vila Nova, do interior de S\u00e3o Jos\u00e9 do Norte, bem como representante de comunidade quilombola de S\u00e3o Louren\u00e7o do Sul, e de comunidade ind\u00edgena do interior de Pelotas. \u201cIsso demonstra a capilaridade do evento, capaz de reunir pessoas com pap\u00e9is representativos do campo e da cidade em torno da pauta\u201d, disse a chefe de gabinete da Seurb e integrante da organiza\u00e7\u00e3o do evento, Fabiane Fonseca.<\/p>\n<p>Os participantes foram divididos em quatro Grupos de Trabalho para debater quest\u00f5es como o impacto das mudan\u00e7as clim\u00e1ticas na regi\u00e3o, a estrat\u00e9gia que os movimentos populares t\u00eam constru\u00eddo e quais as demandas que os governos em diferentes esferas precisam adotar para construir uma transi\u00e7\u00e3o energ\u00e9tica considerada justa em termos clim\u00e1ticos, ambientais e sociais nos territ\u00f3rios.<\/p>\n<p>A C\u00fapula dos Povos re\u00fane grupos sociais, movimentos populares e povos tradicionais que se articulam politicamente para incidir em grandes eventos, como a COP 30. A primeira edi\u00e7\u00e3o foi realizada em 1992, no Rio de Janeiro, durante a Rio 92. Atualmente est\u00e3o sendo realizadas plen\u00e1rias em todo o Pa\u00eds, com objetivo de alcan\u00e7ar todos os biomas para construir diagn\u00f3sticos socioambientais participativos dos territ\u00f3rios, com objetivo de exercer press\u00e3o nas discuss\u00f5es no \u00e2mbito da COP 30, vista como espa\u00e7o limitado para a participa\u00e7\u00e3o popular efetiva.<\/p>\n<p>Foto: Volmer Perez<\/p>\n","protected":false},"excerpt":{"rendered":"<p>Prefeitura discutiu os desafios impostos pela emerg\u00eancia clim\u00e1tica na regi\u00e3o. Pelo menos 48 entidades foram representadas A plen\u00e1ria do Bioma Pampa no extremo Sul do Rio Grande do Sul prepara<\/p>\n","protected":false},"author":3,"featured_media":148251,"comment_status":"closed","ping_status":"closed","sticky":false,"template":"","format":"standard","meta":[],"categories":[305,149],"tags":[],"_links":{"self":[{"href":"https:\/\/diariodamanhapelotas.com.br\/site\/wp-json\/wp\/v2\/posts\/148250"}],"collection":[{"href":"https:\/\/diariodamanhapelotas.com.br\/site\/wp-json\/wp\/v2\/posts"}],"about":[{"href":"https:\/\/diariodamanhapelotas.com.br\/site\/wp-json\/wp\/v2\/types\/post"}],"author":[{"embeddable":true,"href":"https:\/\/diariodamanhapelotas.com.br\/site\/wp-json\/wp\/v2\/users\/3"}],"replies":[{"embeddable":true,"href":"https:\/\/diariodamanhapelotas.com.br\/site\/wp-json\/wp\/v2\/comments?post=148250"}],"version-history":[{"count":1,"href":"https:\/\/diariodamanhapelotas.com.br\/site\/wp-json\/wp\/v2\/posts\/148250\/revisions"}],"predecessor-version":[{"id":148252,"href":"https:\/\/diariodamanhapelotas.com.br\/site\/wp-json\/wp\/v2\/posts\/148250\/revisions\/148252"}],"wp:featuredmedia":[{"embeddable":true,"href":"https:\/\/diariodamanhapelotas.com.br\/site\/wp-json\/wp\/v2\/media\/148251"}],"wp:attachment":[{"href":"https:\/\/diariodamanhapelotas.com.br\/site\/wp-json\/wp\/v2\/media?parent=148250"}],"wp:term":[{"taxonomy":"category","embeddable":true,"href":"https:\/\/diariodamanhapelotas.com.br\/site\/wp-json\/wp\/v2\/categories?post=148250"},{"taxonomy":"post_tag","embeddable":true,"href":"https:\/\/diariodamanhapelotas.com.br\/site\/wp-json\/wp\/v2\/tags?post=148250"}],"curies":[{"name":"wp","href":"https:\/\/api.w.org\/{rel}","templated":true}]}}