{"id":148604,"date":"2025-10-28T14:36:49","date_gmt":"2025-10-28T17:36:49","guid":{"rendered":"https:\/\/diariodamanhapelotas.com.br\/site\/?p=148604"},"modified":"2025-10-28T14:36:49","modified_gmt":"2025-10-28T17:36:49","slug":"mobilizacao-de-servidores-paralisa-atividades-da-prefeitura-nesta-quarta","status":"publish","type":"post","link":"https:\/\/diariodamanhapelotas.com.br\/site\/mobilizacao-de-servidores-paralisa-atividades-da-prefeitura-nesta-quarta\/","title":{"rendered":"Mobiliza\u00e7\u00e3o de servidores paralisa atividades da Prefeitura nesta quarta"},"content":{"rendered":"<h3 style=\"text-align: center;\"><em>SIMP divulga ades\u00e3o \u00e0 paralisa\u00e7\u00e3o contra reforma administrativa que tramita na C\u00e2mara Federal<\/em><\/h3>\n<p><span style=\"font-style: inherit; font-weight: inherit;\"><span style=\"font-size: medium;\">A Prefeitura poder\u00e1 ter altera\u00e7\u00f5es na rotina de suas reparti\u00e7\u00f5es nesta quarta-feira (29). O Sindicato dos Municip\u00e1rios de Pelotas (Simp), por meio de divulga\u00e7\u00e3o, informa que haver\u00e1 paralisa\u00e7\u00e3o da classe, pela manh\u00e3, tarde e noite, contra a reforma administrativa que tramita na C\u00e2mara Federal. \u00c0s 16h, haver\u00e1 ato no Largo do Mercado Central, em conjunto com entidades sindicais, movimentos sociais e estudantis.<\/span><\/span><\/p>\n<p><span style=\"font-style: inherit; font-weight: inherit;\"><span style=\"font-size: medium;\">Devido \u00e0 paralisa\u00e7\u00e3o, algumas Unidades B\u00e1sicas de Sa\u00fade (UBSs) e setores que prestam servi\u00e7os ou atendimento direto ao p\u00fablico poder\u00e3o ter altera\u00e7\u00f5es no funcionamento.<\/span><\/span><\/p>\n<p><span style=\"font-style: inherit; font-weight: inherit;\"><span style=\"font-size: medium;\">A posi\u00e7\u00e3o da Secretaria de Educa\u00e7\u00e3o \u00e9 de respeitar a Lei Org\u00e2nica Municipal no que diz respeito ao direito da participa\u00e7\u00e3o dos servidores em atividades chamadas e organizadas pelo Simp. Ap\u00f3s o evento, ser\u00e1 feito levantamento e orienta\u00e7\u00e3o para a necessidade de recupera\u00e7\u00e3o das aulas nas unidades envolvidas na paralisa\u00e7\u00e3o.<\/span><\/span><\/p>\n","protected":false},"excerpt":{"rendered":"<p>SIMP divulga ades\u00e3o \u00e0 paralisa\u00e7\u00e3o contra reforma administrativa que tramita na C\u00e2mara Federal A Prefeitura poder\u00e1 ter altera\u00e7\u00f5es na rotina de suas reparti\u00e7\u00f5es nesta quarta-feira (29). O Sindicato dos Municip\u00e1rios<\/p>\n","protected":false},"author":3,"featured_media":20374,"comment_status":"closed","ping_status":"closed","sticky":false,"template":"","format":"standard","meta":[],"categories":[305,149],"tags":[],"_links":{"self":[{"href":"https:\/\/diariodamanhapelotas.com.br\/site\/wp-json\/wp\/v2\/posts\/148604"}],"collection":[{"href":"https:\/\/diariodamanhapelotas.com.br\/site\/wp-json\/wp\/v2\/posts"}],"about":[{"href":"https:\/\/diariodamanhapelotas.com.br\/site\/wp-json\/wp\/v2\/types\/post"}],"author":[{"embeddable":true,"href":"https:\/\/diariodamanhapelotas.com.br\/site\/wp-json\/wp\/v2\/users\/3"}],"replies":[{"embeddable":true,"href":"https:\/\/diariodamanhapelotas.com.br\/site\/wp-json\/wp\/v2\/comments?post=148604"}],"version-history":[{"count":1,"href":"https:\/\/diariodamanhapelotas.com.br\/site\/wp-json\/wp\/v2\/posts\/148604\/revisions"}],"predecessor-version":[{"id":148605,"href":"https:\/\/diariodamanhapelotas.com.br\/site\/wp-json\/wp\/v2\/posts\/148604\/revisions\/148605"}],"wp:featuredmedia":[{"embeddable":true,"href":"https:\/\/diariodamanhapelotas.com.br\/site\/wp-json\/wp\/v2\/media\/20374"}],"wp:attachment":[{"href":"https:\/\/diariodamanhapelotas.com.br\/site\/wp-json\/wp\/v2\/media?parent=148604"}],"wp:term":[{"taxonomy":"category","embeddable":true,"href":"https:\/\/diariodamanhapelotas.com.br\/site\/wp-json\/wp\/v2\/categories?post=148604"},{"taxonomy":"post_tag","embeddable":true,"href":"https:\/\/diariodamanhapelotas.com.br\/site\/wp-json\/wp\/v2\/tags?post=148604"}],"curies":[{"name":"wp","href":"https:\/\/api.w.org\/{rel}","templated":true}]}}