{"id":148606,"date":"2025-10-28T14:59:39","date_gmt":"2025-10-28T17:59:39","guid":{"rendered":"https:\/\/diariodamanhapelotas.com.br\/site\/?p=148606"},"modified":"2025-10-28T14:59:39","modified_gmt":"2025-10-28T17:59:39","slug":"camara-aprova-projeto-que-preve-licenca-menstrual-de-ate-dois-dias","status":"publish","type":"post","link":"https:\/\/diariodamanhapelotas.com.br\/site\/camara-aprova-projeto-que-preve-licenca-menstrual-de-ate-dois-dias\/","title":{"rendered":"C\u00e2mara aprova projeto que prev\u00ea licen\u00e7a menstrual de at\u00e9 dois dias"},"content":{"rendered":"<h3 style=\"text-align: center;\"><em>A trabalhadora precisar\u00e1 apresentar laudo m\u00e9dico para comprovar a necessidade de afastamento; o texto segue para o Senado<\/em><\/h3>\n<p>A C\u00e2mara dos Deputados aprovou nesta ter\u00e7a-feira (28) o projeto de lei que prev\u00ea licen\u00e7a de at\u00e9 dois dias consecutivos por m\u00eas para mulheres que sofrem com sintomas graves associados ao fluxo menstrual. A proposta segue para an\u00e1lise do Senado.<\/p>\n<p>Para virar lei, a proposta precisa ser aprovada pela C\u00e2mara e pelo Senado.<\/p>\n<h4 style=\"text-align: center;\"><strong>Laudo m\u00e9dico<\/strong><\/h4>\n<p>Para ter direito ao afastamento remunerado, a trabalhadora precisar\u00e1 apresentar laudo m\u00e9dico que comprove as condi\u00e7\u00f5es debilitantes que a impe\u00e7am temporariamente de exercer as atividades. A medida valer\u00e1 para trabalhadoras com carteira assinada, estagi\u00e1rias e empregadas dom\u00e9sticas.<\/p>\n<h4 style=\"text-align: center;\"><strong>Mudan\u00e7as no texto original<\/strong><\/h4>\n<p>O texto aprovado \u00e9 a vers\u00e3o da relatora, deputada Professora Marcivania (PCdoB-AP), para o <a href=\"https:\/\/www.camara.leg.br\/noticias\/878508-projeto-garante-licenca-de-tres-dias-por-mes-para-mulheres-com-sintomas-graves-no-periodo-menstrual\">Projeto de Lei 1249\/22<\/a>, da deputada Jandira Feghali (PCdoB-RJ).<\/p>\n<p>A relatora unificou a proposta original com textos apensados e com sugest\u00f5es das comiss\u00f5es de Defesa dos Direitos da Mulher; e de Administra\u00e7\u00e3o e Servi\u00e7o P\u00fablico.<\/p>\n<p>\u201cO substitutivo traz relevante contribui\u00e7\u00e3o \u00e0 legisla\u00e7\u00e3o trabalhista brasileira, historicamente concebida sob uma l\u00f3gica masculina que pouco incorporou as especificidades das mulheres\u201d, afirmou Professora Marcivania.\u00a0Segundo ela, a proposta \u00e9 um instrumento de equidade e de preven\u00e7\u00e3o em sa\u00fade ocupacional.<\/p>\n<h4 style=\"text-align: center;\"><strong>Licen\u00e7a menor<\/strong><\/h4>\n<p>No projeto de lei original, a deputada Jandira Feghali havia sugerido uma licen\u00e7a ainda maior para as trabalhadoras, de at\u00e9 tr\u00eas dias.<\/p>\n<p>\u201cCerca de 15% das mulheres enfrentam sintomas graves, com fortes dores na regi\u00e3o inferior do abd\u00f4men e c\u00f3licas intensas, que chegam, muitas vezes, a prejudicar a rotina\u201d, argumentou Jandira.<\/p>\n<h4 style=\"text-align: center;\"><strong>Legisla\u00e7\u00e3o alterada<\/strong><\/h4>\n<p>A proposta aprovada altera:<\/p>\n<ul>\n<li>a <a href=\"https:\/\/www2.camara.leg.br\/legin\/fed\/declei\/1940-1949\/decreto-lei-5452-1-maio-1943-415500-norma-pe.html\">Consolida\u00e7\u00e3o das Leis do Trabalho (CLT)<\/a>, na parte que trata das faltas justificadas;<\/li>\n<li>a <a href=\"https:\/\/www2.camara.gov.br\/legin\/fed\/lei\/2008\/lei-11788-25-setembro-2008-581200-norma-pl.html\">Lei do Est\u00e1gio<\/a>, para assegurar o direito de afastamento \u00e0s estagi\u00e1rias; e<\/li>\n<li>a <a href=\"https:\/\/www2.camara.leg.br\/legin\/fed\/leicom\/2015\/leicomplementar-150-1-junho-2015-780907-norma-pl.html\">Lei Complementar 150\/15<\/a>, que rege o contrato de trabalho dom\u00e9stico, para incluir o direito \u00e0s empregadas dom\u00e9sticas.<\/li>\n<\/ul>\n<h4 style=\"text-align: center;\"><strong>Prazo de validade do laudo<\/strong><\/h4>\n<p>Conforme o substitutivo, caber\u00e1 ao Poder Executivo definir o prazo de validade do laudo m\u00e9dico, a forma de apresenta\u00e7\u00e3o e a periodicidade de sua renova\u00e7\u00e3o, considerando peculiaridades das atividades exercidas pela mulher.<\/p>\n<p>Ag\u00eancia C\u00e2mara de Not\u00edcias<\/p>\n","protected":false},"excerpt":{"rendered":"<p>A trabalhadora precisar\u00e1 apresentar laudo m\u00e9dico para comprovar a necessidade de afastamento; o texto segue para o Senado A C\u00e2mara dos Deputados aprovou nesta ter\u00e7a-feira (28) o projeto de lei<\/p>\n","protected":false},"author":3,"featured_media":148608,"comment_status":"closed","ping_status":"closed","sticky":false,"template":"","format":"standard","meta":[],"categories":[305,27],"tags":[],"_links":{"self":[{"href":"https:\/\/diariodamanhapelotas.com.br\/site\/wp-json\/wp\/v2\/posts\/148606"}],"collection":[{"href":"https:\/\/diariodamanhapelotas.com.br\/site\/wp-json\/wp\/v2\/posts"}],"about":[{"href":"https:\/\/diariodamanhapelotas.com.br\/site\/wp-json\/wp\/v2\/types\/post"}],"author":[{"embeddable":true,"href":"https:\/\/diariodamanhapelotas.com.br\/site\/wp-json\/wp\/v2\/users\/3"}],"replies":[{"embeddable":true,"href":"https:\/\/diariodamanhapelotas.com.br\/site\/wp-json\/wp\/v2\/comments?post=148606"}],"version-history":[{"count":1,"href":"https:\/\/diariodamanhapelotas.com.br\/site\/wp-json\/wp\/v2\/posts\/148606\/revisions"}],"predecessor-version":[{"id":148609,"href":"https:\/\/diariodamanhapelotas.com.br\/site\/wp-json\/wp\/v2\/posts\/148606\/revisions\/148609"}],"wp:featuredmedia":[{"embeddable":true,"href":"https:\/\/diariodamanhapelotas.com.br\/site\/wp-json\/wp\/v2\/media\/148608"}],"wp:attachment":[{"href":"https:\/\/diariodamanhapelotas.com.br\/site\/wp-json\/wp\/v2\/media?parent=148606"}],"wp:term":[{"taxonomy":"category","embeddable":true,"href":"https:\/\/diariodamanhapelotas.com.br\/site\/wp-json\/wp\/v2\/categories?post=148606"},{"taxonomy":"post_tag","embeddable":true,"href":"https:\/\/diariodamanhapelotas.com.br\/site\/wp-json\/wp\/v2\/tags?post=148606"}],"curies":[{"name":"wp","href":"https:\/\/api.w.org\/{rel}","templated":true}]}}