{"id":148612,"date":"2025-10-28T17:07:35","date_gmt":"2025-10-28T20:07:35","guid":{"rendered":"https:\/\/diariodamanhapelotas.com.br\/site\/?p=148612"},"modified":"2025-10-28T17:07:35","modified_gmt":"2025-10-28T20:07:35","slug":"na-famurs-entidades-articulam-proximos-passos-por-socorro-a-agricultores-endividados-no-rs","status":"publish","type":"post","link":"https:\/\/diariodamanhapelotas.com.br\/site\/na-famurs-entidades-articulam-proximos-passos-por-socorro-a-agricultores-endividados-no-rs\/","title":{"rendered":"Na Famurs, entidades articulam pr\u00f3ximos passos por socorro a agricultores endividados no RS"},"content":{"rendered":"<h3 style=\"text-align: center;\"><em>Reuni\u00e3o de trabalho definiu agendas estrat\u00e9gicas para as pr\u00f3ximas semanas em busca de alternativas para superar a crise no campo<\/em><\/h3>\n<p><span style=\"font-style: inherit; font-weight: inherit;\">Entidades do setor prim\u00e1rio, parlamentares e produtores rurais se reuniram, nesta segunda-feira (27), no audit\u00f3rio da Famurs, em Porto Alegre, para alinhar os pr\u00f3ximos passos do movimento apartid\u00e1rio que busca solu\u00e7\u00f5es para o elevado endividamento dos agricultores ga\u00fachos ap\u00f3s sucessivas perdas de safra. A mobiliza\u00e7\u00e3o tamb\u00e9m pressiona pela aplica\u00e7\u00e3o integral da Pol\u00edtica Nacional de Cr\u00e9dito Rural, uma vez que produtores de todo o estado v\u00eam relatando restri\u00e7\u00f5es ao cr\u00e9dito e descumprimento de normas legais pelas institui\u00e7\u00f5es financeiras, que deveriam prorrogar d\u00e9bitos em caso de frustra\u00e7\u00e3o de colheita por fatores clim\u00e1ticos.<\/span><\/p>\n<p><span style=\"font-style: inherit; font-weight: inherit;\">Ao final do encontro, ficou definido que o grupo marcar\u00e1 uma nova reuni\u00e3o com o governador Eduardo Leite para tratar do tema nos pr\u00f3ximos dias. Junto ao governo do Estado, os principais objetivos s\u00e3o pleitear a amplia\u00e7\u00e3o do Programa Opera\u00e7\u00e3o Terra Forte para contemplar os produtores atendidos pelo Pronamp e o refor\u00e7o da mobiliza\u00e7\u00e3o do Rio Grande do Sul em Bras\u00edlia na defesa dos agricultores.<\/span><\/p>\n<p><span style=\"font-style: inherit; font-weight: inherit;\">No Congresso, a expectativa \u00e9 de que a bancada ga\u00facha articule uma reuni\u00e3o com o presidente do Senado, Davi Alcolumbre, para pressionar pela vota\u00e7\u00e3o do Projeto de Lei 5122\/2023, que autoriza o uso de recursos do Fundo Social do Pr\u00e9-Sal para criar uma linha especial de financiamento aos produtores rurais afetados por eventos clim\u00e1ticos. A proposta passou pela C\u00e2mara dos Deputados em julho e, desde agosto, est\u00e1 pendente de an\u00e1lise no Senado.<\/span><\/p>\n<p><span style=\"font-style: inherit; font-weight: inherit;\">Outro encaminhamento dado pelas entidades \u00e9 a proposi\u00e7\u00e3o de uma agenda com o Tribunal de Justi\u00e7a do Rio Grande do Sul para demandar a cria\u00e7\u00e3o de uma inst\u00e2ncia de media\u00e7\u00e3o. A inten\u00e7\u00e3o \u00e9 evitar execu\u00e7\u00f5es, buscas e apreens\u00f5es que v\u00eam ocorrendo em propriedades de produtores rurais que n\u00e3o conseguiram honrar as d\u00edvidas, mas desejam renegociar os d\u00e9bitos com as institui\u00e7\u00f5es financeiras.<\/span><\/p>\n<p><span style=\"font-style: inherit; font-weight: inherit;\">\u201cOs prefeitos e as prefeitas do Rio Grande do Sul s\u00e3o solid\u00e1rios, enxergam e sentem diariamente o sofrimento que o agricultor ga\u00facho vem passando. O impacto tamb\u00e9m \u00e9 percebido nas receitas dos munic\u00edpios, que dependem da produ\u00e7\u00e3o de alimentos para sustentar o desenvolvimento e a presta\u00e7\u00e3o de servi\u00e7os \u00e0s comunidades. Nos \u00faltimos meses, nos mobilizamos, cobramos, estivemos em Bras\u00edlia, mas a verdade \u00e9 que ainda n\u00e3o tivemos uma resposta \u00e0 altura da crise no campo. Vivemos um per\u00edodo de grandes incertezas, mas a Famurs seguir\u00e1 sempre ao lado dos produtores rurais, em busca de di\u00e1logo e alternativas&#8221;, enfatiza a presidente da Famurs e prefeita de Nonoai, Adriane Perin de Oliveira.<\/span><\/p>\n<h4 style=\"text-align: center;\"><span style=\"font-style: inherit;\"><strong>Mobiliza\u00e7\u00e3o<\/strong><\/span><\/h4>\n<p><span style=\"font-style: inherit; font-weight: inherit;\">Nos discursos, os representantes da Associa\u00e7\u00e3o dos Produtores de Soja do Rio Grande (Aprosoja-RS), da Associa\u00e7\u00e3o dos Produtores e Empres\u00e1rios Rurais (APER) e da Federa\u00e7\u00e3o da Agricultura do Rio Grande do Sul (Farsul) concordaram que a Medida Provis\u00f3ria que libera R$ 12 bilh\u00f5es para socorrer o setor, anunciada pelo governo federal em setembro, \u00e9 insuficiente para o tamanho do passivo acumulado. Os dirigentes ressaltaram que \u00e9 preciso manter a mobiliza\u00e7\u00e3o para alcan\u00e7ar uma proposta abrangente, que contemple os agricultores ga\u00fachos e de outros estados afetados por intemp\u00e9ries.\u00a0<\/span><\/p>\n<p><span style=\"font-style: inherit; font-weight: inherit;\">\u201cEstamos caminhando para um colapso financeiro geral da agricultura do RS. O que n\u00f3s estamos pedindo \u00e9 parcelamento com juro adequado, ningu\u00e9m pede perd\u00e3o de d\u00edvida. Temos muitos produtores que ainda n\u00e3o t\u00eam fertilizante para plantar. O pessoal n\u00e3o est\u00e1 plantando, todo mundo est\u00e1 preocupado\u201d, afirmou o prefeito de J\u00falio de Castilhos, Bernardo Dalla Corte, que \u00e9 produtor rural h\u00e1 mais de tr\u00eas d\u00e9cadas.<\/span><\/p>\n<p><span style=\"font-style: inherit; font-weight: inherit;\">\u201cA Farsul tem uma posi\u00e7\u00e3o muito forte e clara em favor da securitiza\u00e7\u00e3o. O nosso foco est\u00e1 no Senado Federal, na expectativa pela aprova\u00e7\u00e3o do PL 5122. Esse \u00e9 o caminho\u201d, argumentou Domingos Velho Lopes, presidente eleito da Farsul.\u00a0<\/span><\/p>\n<p><span style=\"font-style: inherit; font-weight: inherit;\">\u201cA Medida Provis\u00f3ria 1314 \u00e9 insuficiente. Precisamos encontrar uma forma de for\u00e7ar o presidente (Davi) Alcolumbre a pautar (o PL 5122\/2023)\u201d, destacou o presidente da Aprosoja-RS, Ireneu Orth.<\/span><\/p>\n<p><span style=\"font-style: inherit; font-weight: inherit;\">\u201cTemos alternativas, s\u00f3 precisamos que isso seja analisado jur\u00eddica e tecnicamente. N\u00f3s j\u00e1 temos v\u00e1rias fam\u00edlias destru\u00eddas em raz\u00e3o dessa situa\u00e7\u00e3o. Nesses \u00faltimos meses, temos discursado bastante. Agora, precisamos de a\u00e7\u00f5es concretas, que d\u00eaem resultado. Essa \u00e9 uma pauta de todo o Rio Grande do Sul. N\u00e3o estamos falando de ideologia ou partido pol\u00edticos. Atendendo a agricultores, vamos atender ind\u00fastria, com\u00e9rcio e toda a economia ga\u00facha\u201d, complementou o presidente da APER, Arlei Romeiro.<\/span><\/p>\n<p>Foto: Guilherme Pedrotti<\/p>\n","protected":false},"excerpt":{"rendered":"<p>Reuni\u00e3o de trabalho definiu agendas estrat\u00e9gicas para as pr\u00f3ximas semanas em busca de alternativas para superar a crise no campo Entidades do setor prim\u00e1rio, parlamentares e produtores rurais se reuniram,<\/p>\n","protected":false},"author":3,"featured_media":148613,"comment_status":"closed","ping_status":"closed","sticky":false,"template":"","format":"standard","meta":[],"categories":[305,857],"tags":[],"_links":{"self":[{"href":"https:\/\/diariodamanhapelotas.com.br\/site\/wp-json\/wp\/v2\/posts\/148612"}],"collection":[{"href":"https:\/\/diariodamanhapelotas.com.br\/site\/wp-json\/wp\/v2\/posts"}],"about":[{"href":"https:\/\/diariodamanhapelotas.com.br\/site\/wp-json\/wp\/v2\/types\/post"}],"author":[{"embeddable":true,"href":"https:\/\/diariodamanhapelotas.com.br\/site\/wp-json\/wp\/v2\/users\/3"}],"replies":[{"embeddable":true,"href":"https:\/\/diariodamanhapelotas.com.br\/site\/wp-json\/wp\/v2\/comments?post=148612"}],"version-history":[{"count":1,"href":"https:\/\/diariodamanhapelotas.com.br\/site\/wp-json\/wp\/v2\/posts\/148612\/revisions"}],"predecessor-version":[{"id":148614,"href":"https:\/\/diariodamanhapelotas.com.br\/site\/wp-json\/wp\/v2\/posts\/148612\/revisions\/148614"}],"wp:featuredmedia":[{"embeddable":true,"href":"https:\/\/diariodamanhapelotas.com.br\/site\/wp-json\/wp\/v2\/media\/148613"}],"wp:attachment":[{"href":"https:\/\/diariodamanhapelotas.com.br\/site\/wp-json\/wp\/v2\/media?parent=148612"}],"wp:term":[{"taxonomy":"category","embeddable":true,"href":"https:\/\/diariodamanhapelotas.com.br\/site\/wp-json\/wp\/v2\/categories?post=148612"},{"taxonomy":"post_tag","embeddable":true,"href":"https:\/\/diariodamanhapelotas.com.br\/site\/wp-json\/wp\/v2\/tags?post=148612"}],"curies":[{"name":"wp","href":"https:\/\/api.w.org\/{rel}","templated":true}]}}