{"id":148637,"date":"2025-10-30T09:52:35","date_gmt":"2025-10-30T12:52:35","guid":{"rendered":"https:\/\/diariodamanhapelotas.com.br\/site\/?p=148637"},"modified":"2025-10-30T09:52:35","modified_gmt":"2025-10-30T12:52:35","slug":"divulgados-os-selecionados-para-mostra-latino-americana-do-festival-de-cinema-de-jaguarao","status":"publish","type":"post","link":"https:\/\/diariodamanhapelotas.com.br\/site\/divulgados-os-selecionados-para-mostra-latino-americana-do-festival-de-cinema-de-jaguarao\/","title":{"rendered":"Divulgados os selecionados para mostra latino-americana do Festival de Cinema de Jaguar\u00e3o"},"content":{"rendered":"<h3 style=\"text-align: center;\"><em>Os dez f<\/em><em>ilmes que concorrem ao trof\u00e9u Uma Terra S\u00f3 s\u00e3o provenientes do Brasil, Argentina e Cuba <\/em><\/h3>\n<p>A organiza\u00e7\u00e3o do Festival de Cinema de Jaguar\u00e3o divulgou os filmes selecionados para integrar a mostra latino-americana e que estar\u00e3o em exibi\u00e7\u00e3o no Theatro Esperan\u00e7a, entre os dias 12 e 15 de novembro. Dos 880 inscritos, foram escolhidos dez curtas-metragens de fic\u00e7\u00e3o, document\u00e1rio, anima\u00e7\u00e3o ou experimental.<\/p>\n<p>As obras selecionadas s\u00e3o \u201cJeguat\u00e1-Xir\u00ea\u201d, de Alan Alves-Brito, Ana Moura e Marcelo Freire (Porto Alegre\/RS); \u201cPlaneta Fome\u201d, de \u00c9dier William (Porto Velho\/RO); \u201cS\u00edtio dos Vagalumes\u201d, de Eduardo Piotroski (Porto Alegre\/RS); \u201cBijupir\u00e1\u201d, de Eduardo Boccaletti (Salvador\/BA); \u201cDois Nilos\u201d, de Samuel Lobo e Rodrigo de Janeiro (Rio de Janeiro\/RJ); \u201cGirass\u00f3is\u201d, de Jessica Linhares e Miguel Chaves (Rio de Janeiro\/RJ); \u201cDa Aldeia \u00e0 Universidade\u201d, de Leandro de Alc\u00e2ntara e T\u00falio de Melo (Palmas\/TO); \u201cLas Islas Adentro\u201d, de Alexis Cieri (Buenos Aires\/Argentina); \u201cIreal\u201d, de Sergio Garc\u00eda (Quilmes, Buenos Aires\/Argentina); e \u201cMira\u201d, de Julia Rizzo (Havana\/Cuba).<\/p>\n<p>As obras selecionadas na mostra regional e latino-americana ser\u00e3o exibidas em sess\u00f5es presenciais na cidade de Jaguar\u00e3o, no Theatro Esperan\u00e7a, durante o per\u00edodo oficial do Festival. Os participantes das mostras competitivas concorrer\u00e3o ao trof\u00e9u <em>Uma Terra S\u00f3<\/em><em>,<\/em> nas seguintes categorias: melhor filme, melhor dire\u00e7\u00e3o, melhor atriz, melhor ator, melhor dire\u00e7\u00e3o de arte, melhor dire\u00e7\u00e3o de fotografia, melhor roteiro, melhor montagem e melhor trilha sonora. Tamb\u00e9m ser\u00e1 eleito o melhor filme do Festival, a partir da elei\u00e7\u00e3o do j\u00fari popular.<\/p>\n<p>A curadoria teve como base os crit\u00e9rios de originalidade, relev\u00e2ncia tem\u00e1tica, qualidade t\u00e9cnica e art\u00edstica. Para Renata Wotter, produtora executiva do Festival, o trabalho de escolha foi desafiador, frente a qualidade das obras participantes. \u201cAntes mesmo do Festival acontecer entendemos que j\u00e1 se consolida um grande espa\u00e7o de resist\u00eancia do audiovisual, al\u00e9m da constru\u00e7\u00e3o de pontes de integra\u00e7\u00e3o latino-americana\u201d, destaca.<\/p>\n<p>Em contagem regressiva para realiza\u00e7\u00e3o do evento, as equipes trabalham nos preparativos para que Jaguar\u00e3o receba visitantes de todo o Brasil e pa\u00edses vizinhos, em celebra\u00e7\u00e3o \u00e0 integra\u00e7\u00e3o. Os diretores art\u00edsticos do Festival, Alexandre Mattos e Chico Maximila, atuam na prepara\u00e7\u00e3o das exibi\u00e7\u00f5es e extensa agenda de atividades que abrange a comunidade local e estudantes. \u201cEm breve divulgaremos a programa\u00e7\u00e3o cultural e temos certeza de que todos que estiverem por Jaguar\u00e3o estar\u00e3o vivendo dias inesquec\u00edveis\u201d, diz Maximila. As atualiza\u00e7\u00f5es podem ser acessadas atrav\u00e9s do site oficial do evento (festivaldecinemadejaguarao.com.br) ou pelo Instagram (@festivaldecinemadejaguarao_).<\/p>\n<p>O Festival de Cinema de Jaguar\u00e3o \u00e9 financiado pela Lei Paulo Gustavo (LPG), por meio do Edital 14\/2023. O evento \u00e9 uma realiza\u00e7\u00e3o da Sociedade Independente Cultural (SIC), de Jaguar\u00e3o, com produ\u00e7\u00e3o executiva de Renata Wotter, dire\u00e7\u00e3o art\u00edstica de Alexandre Mattos Meireles e Chico Maximila e coordena\u00e7\u00e3o local de Santiago Passos. A assessoria de imprensa \u00e9 da ag\u00eancia Satolep Press, com o design de Valder Valeir\u00e3o e Ana J\u00falia Freitas, que tamb\u00e9m assina a gest\u00e3o de redes sociais.<\/p>\n<p>Foto: Nauro Jr.\/Satolep Press<\/p>\n","protected":false},"excerpt":{"rendered":"<p>Os dez filmes que concorrem ao trof\u00e9u Uma Terra S\u00f3 s\u00e3o provenientes do Brasil, Argentina e Cuba A organiza\u00e7\u00e3o do Festival de Cinema de Jaguar\u00e3o divulgou os filmes selecionados para<\/p>\n","protected":false},"author":3,"featured_media":148638,"comment_status":"closed","ping_status":"closed","sticky":false,"template":"","format":"standard","meta":[],"categories":[305,32],"tags":[],"_links":{"self":[{"href":"https:\/\/diariodamanhapelotas.com.br\/site\/wp-json\/wp\/v2\/posts\/148637"}],"collection":[{"href":"https:\/\/diariodamanhapelotas.com.br\/site\/wp-json\/wp\/v2\/posts"}],"about":[{"href":"https:\/\/diariodamanhapelotas.com.br\/site\/wp-json\/wp\/v2\/types\/post"}],"author":[{"embeddable":true,"href":"https:\/\/diariodamanhapelotas.com.br\/site\/wp-json\/wp\/v2\/users\/3"}],"replies":[{"embeddable":true,"href":"https:\/\/diariodamanhapelotas.com.br\/site\/wp-json\/wp\/v2\/comments?post=148637"}],"version-history":[{"count":1,"href":"https:\/\/diariodamanhapelotas.com.br\/site\/wp-json\/wp\/v2\/posts\/148637\/revisions"}],"predecessor-version":[{"id":148639,"href":"https:\/\/diariodamanhapelotas.com.br\/site\/wp-json\/wp\/v2\/posts\/148637\/revisions\/148639"}],"wp:featuredmedia":[{"embeddable":true,"href":"https:\/\/diariodamanhapelotas.com.br\/site\/wp-json\/wp\/v2\/media\/148638"}],"wp:attachment":[{"href":"https:\/\/diariodamanhapelotas.com.br\/site\/wp-json\/wp\/v2\/media?parent=148637"}],"wp:term":[{"taxonomy":"category","embeddable":true,"href":"https:\/\/diariodamanhapelotas.com.br\/site\/wp-json\/wp\/v2\/categories?post=148637"},{"taxonomy":"post_tag","embeddable":true,"href":"https:\/\/diariodamanhapelotas.com.br\/site\/wp-json\/wp\/v2\/tags?post=148637"}],"curies":[{"name":"wp","href":"https:\/\/api.w.org\/{rel}","templated":true}]}}