{"id":148646,"date":"2025-10-30T13:20:31","date_gmt":"2025-10-30T16:20:31","guid":{"rendered":"https:\/\/diariodamanhapelotas.com.br\/site\/?p=148646"},"modified":"2025-10-30T13:20:31","modified_gmt":"2025-10-30T16:20:31","slug":"educacao-financeira-e-solidariedade-na-feira-do-livro-de-pelotas","status":"publish","type":"post","link":"https:\/\/diariodamanhapelotas.com.br\/site\/educacao-financeira-e-solidariedade-na-feira-do-livro-de-pelotas\/","title":{"rendered":"Educa\u00e7\u00e3o financeira e solidariedade na Feira do Livro de Pelotas"},"content":{"rendered":"<h3 style=\"text-align: center;\"><em>Instituto Unicred e personagem Bel, que j\u00e1 arrecada livros para doa\u00e7\u00e3o, levar\u00e3o atividades \u00e0s crian\u00e7as<\/em><\/h3>\n<p>O programa Vida que Prospera, do Instituto Unicred, e a mascote Bel, uma simp\u00e1tica abelhinha, estar\u00e3o com as crian\u00e7as e suas fam\u00edlias propagando a leitura na 51\u00aa Feira do Livro de Pelotas, que ser\u00e1 realizada de 30 de outubro a 16 de novembro na Pra\u00e7a Coronel Pedro Os\u00f3rio, no Centro da cidade. A mascote levar\u00e1 atividades l\u00fadicas e de muito aprendizado na feira, e j\u00e1 est\u00e1 em campanha de arrecada\u00e7\u00e3o de livros que depois ser\u00e3o repassados \u00e0 comunidade. A Unicred Integra\u00e7\u00e3o \u00e9 uma das patrocinadoras do evento.<\/p>\n<p>Neste m\u00eas de outubro, a mascote est\u00e1 convidando a comunidade a doar livros em bom estado e a oportunizar que mais pessoas tenham acesso ao mundo da literatura e do conhecimento. Basta lev\u00e1-los aos pontos de arrecada\u00e7\u00e3o, nas duas ag\u00eancias da Unicred e nas unidades da Imperatriz Doces Finos.<\/p>\n<p>Al\u00e9m de incentivar o h\u00e1bito da literatura, durante a Feira do Livro Bel estar\u00e1 com os estudantes na oficina <em>\u201cBel e o cofrinho dos Sonhos \u2013 a abelhinha que ensina a realizar desejos\u201d, na <\/em>Alameda das Crian\u00e7as. A atividade est\u00e1 programada para os dias 6 e 7 de novembro, em tr\u00eas hor\u00e1rios: 13h30, 14h30 e 15h30. De forma l\u00fadica e interativa, a mascote levar\u00e1 dicas importantes \u00e0s crian\u00e7as. Ela vai explicar para que serve o dinheiro, como se chama o dinheiro no Brasil e como us\u00e1-lo com intelig\u00eancia.<\/p>\n<p>A presen\u00e7a de Bel na feira faz parte de um trabalho de educa\u00e7\u00e3o financeira desenvolvido pelo Instituto Unicred junto a escolas. A especialista em projetos sociais do Vida que Prospera, Fabr\u00edcia Bisol Finco, lembra que al\u00e9m do bate-papo com a abelhinha na pra\u00e7a, as crian\u00e7as receber\u00e3o a cartilha <em>\u201cMeu primeiro planejamento\u201d<\/em> e o Cofre dos Sonhos, que depois poder\u00e1 ser personalizado. \u201cDurante a feira, queremos mostrar para as crian\u00e7as que falar sobre dinheiro pode ser simples e divertido. Vamos conversar sobre sonhos, sobre o que significa guardar e planejar, sempre de um jeito l\u00fadico e pr\u00f3ximo da realidade delas. A nossa mascote Bel entra nesse momento como uma grande parceira nessa descoberta, ela ajuda a transformar o aprendizado em brincadeira e aproxima as fam\u00edlias desse tema t\u00e3o importante\u201d, conta.<\/p>\n<p>Ainda durante a feira, a Bel estar\u00e1 distribuindo postais para as crian\u00e7as colorirem. A personagem estar\u00e1 na abertura do evento, \u00e0s 18h do dia 31, e tamb\u00e9m nos dias 15 e 16 de novembro, \u00faltimas datas da festa dos livros em Pelotas.<\/p>\n<p>\u201cPara a Unicred, apoiar a Feira do Livro de Pelotas \u00e9 uma forma de retribuir \u00e0 comunidade tudo o que constru\u00edmos juntos. Acreditamos no poder da leitura e da educa\u00e7\u00e3o como caminhos para o crescimento pessoal e coletivo. Acreditamos que a educa\u00e7\u00e3o, seja ela liter\u00e1ria, social ou financeira, \u00e9 um instrumento poderoso de transforma\u00e7\u00e3o, e por isso estamos muito felizes em fazer parte desta edi\u00e7\u00e3o da Feira, levando tamb\u00e9m \u00e0s crian\u00e7as atividades l\u00fadicas sobre sonhos, planejamento e solidariedade\u201d, diz o diretor-executivo Carlos Roberto Medina.<\/p>\n<h4 style=\"text-align: center;\"><strong>Onde fazer a doa\u00e7\u00e3o de livros<\/strong>:<\/h4>\n<p><strong>AG\u00caNCIA PELOTAS LOBO<\/strong><\/p>\n<p>Rua Lobo Da Costa, 1261 B, Centro<\/p>\n<p>Hor\u00e1rio de funcionamento: 9h \u00e0s 15h<\/p>\n<p>Mais informa\u00e7\u00f5es: (53) 3227.7797<\/p>\n<p>&nbsp;<\/p>\n<p><strong>AG\u00caNCIA PELOTAS QUARTIER<\/strong><\/p>\n<p>Rua Albino Brod, 172, Tr\u00eas Vendas,<\/p>\n<p>Hor\u00e1rio de funcionamento: 9h \u00e0s 15h<\/p>\n<p>Mais informa\u00e7\u00f5es: (53) 2310.0105<\/p>\n","protected":false},"excerpt":{"rendered":"<p>Instituto Unicred e personagem Bel, que j\u00e1 arrecada livros para doa\u00e7\u00e3o, levar\u00e3o atividades \u00e0s crian\u00e7as O programa Vida que Prospera, do Instituto Unicred, e a mascote Bel, uma simp\u00e1tica abelhinha,<\/p>\n","protected":false},"author":3,"featured_media":148647,"comment_status":"closed","ping_status":"closed","sticky":false,"template":"","format":"standard","meta":[],"categories":[305,32],"tags":[],"_links":{"self":[{"href":"https:\/\/diariodamanhapelotas.com.br\/site\/wp-json\/wp\/v2\/posts\/148646"}],"collection":[{"href":"https:\/\/diariodamanhapelotas.com.br\/site\/wp-json\/wp\/v2\/posts"}],"about":[{"href":"https:\/\/diariodamanhapelotas.com.br\/site\/wp-json\/wp\/v2\/types\/post"}],"author":[{"embeddable":true,"href":"https:\/\/diariodamanhapelotas.com.br\/site\/wp-json\/wp\/v2\/users\/3"}],"replies":[{"embeddable":true,"href":"https:\/\/diariodamanhapelotas.com.br\/site\/wp-json\/wp\/v2\/comments?post=148646"}],"version-history":[{"count":1,"href":"https:\/\/diariodamanhapelotas.com.br\/site\/wp-json\/wp\/v2\/posts\/148646\/revisions"}],"predecessor-version":[{"id":148648,"href":"https:\/\/diariodamanhapelotas.com.br\/site\/wp-json\/wp\/v2\/posts\/148646\/revisions\/148648"}],"wp:featuredmedia":[{"embeddable":true,"href":"https:\/\/diariodamanhapelotas.com.br\/site\/wp-json\/wp\/v2\/media\/148647"}],"wp:attachment":[{"href":"https:\/\/diariodamanhapelotas.com.br\/site\/wp-json\/wp\/v2\/media?parent=148646"}],"wp:term":[{"taxonomy":"category","embeddable":true,"href":"https:\/\/diariodamanhapelotas.com.br\/site\/wp-json\/wp\/v2\/categories?post=148646"},{"taxonomy":"post_tag","embeddable":true,"href":"https:\/\/diariodamanhapelotas.com.br\/site\/wp-json\/wp\/v2\/tags?post=148646"}],"curies":[{"name":"wp","href":"https:\/\/api.w.org\/{rel}","templated":true}]}}