{"id":148651,"date":"2025-10-30T13:38:54","date_gmt":"2025-10-30T16:38:54","guid":{"rendered":"https:\/\/diariodamanhapelotas.com.br\/site\/?p=148651"},"modified":"2025-10-30T13:38:54","modified_gmt":"2025-10-30T16:38:54","slug":"ufpel-concede-titulos-honorificos-nesta-sexta-feira-31","status":"publish","type":"post","link":"https:\/\/diariodamanhapelotas.com.br\/site\/ufpel-concede-titulos-honorificos-nesta-sexta-feira-31\/","title":{"rendered":"UFPel concede t\u00edtulos honor\u00edficos nesta sexta-feira (31)"},"content":{"rendered":"<h3 style=\"text-align: center;\"><em>A Universidade Federal de Pelotas (UFPel) reconhecer\u00e1 formalmente a trajet\u00f3ria e contribui\u00e7\u00e3o de quatro personalidades eminentes<\/em><\/h3>\n<p><img loading=\"lazy\" class=\" wp-image-148655 alignright\" src=\"https:\/\/diariodamanhapelotas.com.br\/site\/wp-content\/uploads\/2025\/10\/irma-assunta.jpg\" alt=\"\" width=\"195\" height=\"281\" srcset=\"https:\/\/diariodamanhapelotas.com.br\/site\/wp-content\/uploads\/2025\/10\/irma-assunta.jpg 417w, https:\/\/diariodamanhapelotas.com.br\/site\/wp-content\/uploads\/2025\/10\/irma-assunta-209x300.jpg 209w, https:\/\/diariodamanhapelotas.com.br\/site\/wp-content\/uploads\/2025\/10\/irma-assunta-104x150.jpg 104w\" sizes=\"(max-width: 195px) 100vw, 195px\" \/>Nesta sexta-feira (31), em cerim\u00f4nia que reunir\u00e1 os tr\u00eas Conselhos Superiores, ser\u00e1 concedido o t\u00edtulo de Doutora Honoris Causa \u00e0 Irm\u00e3 Assunta \u2013 Marcolina Tacca, e os t\u00edtulos de T\u00e9cnico-Administrativas em Educa\u00e7\u00e3o Em\u00e9ritas \u00e0 Sabrina Marques D\u2019\u00c1vila Toralles e Emileni Tessmer e T\u00e9cnico-Administrativo em Educa\u00e7\u00e3o Em\u00e9rito a Bayard Silva Centeno. A solenidade ocorrer\u00e1 \u00e0s 9h, no Audit\u00f3rio Wilson de Oliveira, no Campus Cap\u00e3o do Le\u00e3o.<\/p>\n<p>Irm\u00e3 Assunta recebe a l\u00e1urea destinada a personalidades que tenham se distinguido pelos relevantes servi\u00e7os prestados a causa da educa\u00e7\u00e3o e dos princ\u00edpios fundamentais da nacionalidade. A honraria \u00e9 um reconhecimento a seu envolvimento com as causas humanit\u00e1rias atrav\u00e9s do cuidado de popula\u00e7\u00f5es vulner\u00e1veis, pela import\u00e2ncia de seus conhecimentos ancestrais no uso de plantas medicinais e de suas pr\u00e1ticas humanizadoras do cuidado, como as Pr\u00e1ticas Integrativas e Complementares em Sa\u00fade \u2013 reconhecidas pela Organiza\u00e7\u00e3o Mundial de Sa\u00fade desde 1978. \u00c9 uma distin\u00e7\u00e3o, tamb\u00e9m, por sua trajet\u00f3ria no cuidado social, f\u00edsico, mental e espiritual da popula\u00e7\u00e3o pelotense, tendo se tornado um exemplo para a comunidade e para os profissionais que a UFPel se prop\u00f5e a formar.<\/p>\n<h4 style=\"text-align: center;\"><strong>Servidores Em\u00e9ritos<\/strong><\/h4>\n<div id=\"attachment_148653\" style=\"width: 204px\" class=\"wp-caption alignleft\"><img aria-describedby=\"caption-attachment-148653\" loading=\"lazy\" class=\"wp-image-148653\" src=\"https:\/\/diariodamanhapelotas.com.br\/site\/wp-content\/uploads\/2025\/10\/emileni-tessmer.jpg\" alt=\"\" width=\"194\" height=\"303\" srcset=\"https:\/\/diariodamanhapelotas.com.br\/site\/wp-content\/uploads\/2025\/10\/emileni-tessmer.jpg 384w, https:\/\/diariodamanhapelotas.com.br\/site\/wp-content\/uploads\/2025\/10\/emileni-tessmer-192x300.jpg 192w, https:\/\/diariodamanhapelotas.com.br\/site\/wp-content\/uploads\/2025\/10\/emileni-tessmer-96x150.jpg 96w\" sizes=\"(max-width: 194px) 100vw, 194px\" \/><p id=\"caption-attachment-148653\" class=\"wp-caption-text\">Emileni Tessmer<\/p><\/div>\n<p>O t\u00edtulo de T\u00e9cnico-Administrativo em Educa\u00e7\u00e3o Em\u00e9rito \u00e9 concedido a servidores da UFPel que tenham alcan\u00e7ado uma posi\u00e7\u00e3o de destaque em atividades na Institui\u00e7\u00e3o.<\/p>\n<p><strong>Emileni Tessmer<\/strong> acumula 21 anos de dedica\u00e7\u00e3o ao servi\u00e7o p\u00fablico na UFPel, atuando integralmente na Coordena\u00e7\u00e3o de Registros Acad\u00eamicos (CRA), onde exerce a fun\u00e7\u00e3o de coordenadora desde 2013. Promoveu melhorias significativas na CRA, com destaque para a otimiza\u00e7\u00e3o e informatiza\u00e7\u00e3o de processos administrativos. Essas a\u00e7\u00f5es resultaram em ganhos t\u00e9cnicos relevantes, al\u00e9m de repercuss\u00e3o positiva na qualidade de vida dos servidores envolvidos e estudantes impactados.<\/p>\n<div id=\"attachment_148652\" style=\"width: 204px\" class=\"wp-caption alignright\"><img aria-describedby=\"caption-attachment-148652\" loading=\"lazy\" class=\"wp-image-148652\" src=\"https:\/\/diariodamanhapelotas.com.br\/site\/wp-content\/uploads\/2025\/10\/sabrina-toralles.jpg\" alt=\"\" width=\"194\" height=\"247\" srcset=\"https:\/\/diariodamanhapelotas.com.br\/site\/wp-content\/uploads\/2025\/10\/sabrina-toralles.jpg 291w, https:\/\/diariodamanhapelotas.com.br\/site\/wp-content\/uploads\/2025\/10\/sabrina-toralles-236x300.jpg 236w, https:\/\/diariodamanhapelotas.com.br\/site\/wp-content\/uploads\/2025\/10\/sabrina-toralles-118x150.jpg 118w\" sizes=\"(max-width: 194px) 100vw, 194px\" \/><p id=\"caption-attachment-148652\" class=\"wp-caption-text\">Sabrina Toralles<\/p><\/div>\n<p>Atuando na Secretaria dos Conselhos Superiores (SCS), <strong>Sabrina Toralles<\/strong> ingressou na Universidade tamb\u00e9m h\u00e1 21 anos. Sua atua\u00e7\u00e3o direta nos trabalhos do Conselho Coordenador do Ensino, da Pesquisa e da Extens\u00e3o (Cocepe) e Conselho Universit\u00e1rio (Consun) demonstra seu conhecimento t\u00e9cnico, postura institucional e aten\u00e7\u00e3o permanente \u00e0s normas e procedimentos que orientam a gest\u00e3o universit\u00e1ria. A servidora tem garantido o bom andamento das pautas, sendo uma refer\u00eancia para conselheiros, pr\u00f3-reitores, diretores e membros da comunidade que participam das reuni\u00f5es e processos deliberativos. Ao longo dessas duas d\u00e9cadas, esteve tamb\u00e9m envolvida em temas centrais para o funcionamento da UFPel, contribuindo para a elabora\u00e7\u00e3o de normativas institucionais e para a realiza\u00e7\u00e3o de concursos p\u00fablicos.<\/p>\n<div id=\"attachment_148654\" style=\"width: 204px\" class=\"wp-caption alignleft\"><img aria-describedby=\"caption-attachment-148654\" loading=\"lazy\" class=\"wp-image-148654\" src=\"https:\/\/diariodamanhapelotas.com.br\/site\/wp-content\/uploads\/2025\/10\/bayard-centeno.jpg\" alt=\"\" width=\"194\" height=\"248\" srcset=\"https:\/\/diariodamanhapelotas.com.br\/site\/wp-content\/uploads\/2025\/10\/bayard-centeno.jpg 470w, https:\/\/diariodamanhapelotas.com.br\/site\/wp-content\/uploads\/2025\/10\/bayard-centeno-235x300.jpg 235w, https:\/\/diariodamanhapelotas.com.br\/site\/wp-content\/uploads\/2025\/10\/bayard-centeno-118x150.jpg 118w\" sizes=\"(max-width: 194px) 100vw, 194px\" \/><p id=\"caption-attachment-148654\" class=\"wp-caption-text\">Bayard Centeno<\/p><\/div>\n<p>O analista de Tecnologia da Informa\u00e7\u00e3o (TI) <strong>Bayard Silva Centeno<\/strong> ingressou na UFPel em 1978, integrando a equipe que internalizou os dois primeiros sistemas incorporados pela UFPel: o Sistema Acad\u00eamico e a Folha de Pagamento. Durante os 36 anos em que trabalhou na UFPel, os processos de informatiza\u00e7\u00e3o evolu\u00edram desde a era do\u00a0<em>mainframe<\/em>\u00a0(terminais), passando pelas redes de comunica\u00e7\u00e3o e microinform\u00e1tica, chegando no primeiro acesso \u00e0 Internet, at\u00e9 o tempo dos grandes servidores. Sendo assim, pode-se dizer que Centeno viveu todo esse processo, interagindo intensamente com a comunidade acad\u00eamica e encerrando sua carreira vinculado ao segmento de redes. Ocupou a dire\u00e7\u00e3o da Unidade de TI por tr\u00eas vezes: uma do Centro de Processamento de Dados (CPD) e duas do Centro de Inform\u00e1tica (CI).<\/p>\n<h4 style=\"text-align: center;\"><strong>Transmiss\u00e3o no YouTube<\/strong><\/h4>\n<p>A cerim\u00f4nia ser\u00e1 transmitida ao vivo no\u00a0<a href=\"https:\/\/www.youtube.com\/watch?v=yk4BO8gJB34\" target=\"_blank\" rel=\"noopener noreferrer\">canal da UFPel no YouTube<\/a>.<\/p>\n","protected":false},"excerpt":{"rendered":"<p>A Universidade Federal de Pelotas (UFPel) reconhecer\u00e1 formalmente a trajet\u00f3ria e contribui\u00e7\u00e3o de quatro personalidades eminentes Nesta sexta-feira (31), em cerim\u00f4nia que reunir\u00e1 os tr\u00eas Conselhos Superiores, ser\u00e1 concedido o<\/p>\n","protected":false},"author":3,"featured_media":39760,"comment_status":"closed","ping_status":"closed","sticky":false,"template":"","format":"standard","meta":[],"categories":[305,30],"tags":[],"_links":{"self":[{"href":"https:\/\/diariodamanhapelotas.com.br\/site\/wp-json\/wp\/v2\/posts\/148651"}],"collection":[{"href":"https:\/\/diariodamanhapelotas.com.br\/site\/wp-json\/wp\/v2\/posts"}],"about":[{"href":"https:\/\/diariodamanhapelotas.com.br\/site\/wp-json\/wp\/v2\/types\/post"}],"author":[{"embeddable":true,"href":"https:\/\/diariodamanhapelotas.com.br\/site\/wp-json\/wp\/v2\/users\/3"}],"replies":[{"embeddable":true,"href":"https:\/\/diariodamanhapelotas.com.br\/site\/wp-json\/wp\/v2\/comments?post=148651"}],"version-history":[{"count":1,"href":"https:\/\/diariodamanhapelotas.com.br\/site\/wp-json\/wp\/v2\/posts\/148651\/revisions"}],"predecessor-version":[{"id":148656,"href":"https:\/\/diariodamanhapelotas.com.br\/site\/wp-json\/wp\/v2\/posts\/148651\/revisions\/148656"}],"wp:featuredmedia":[{"embeddable":true,"href":"https:\/\/diariodamanhapelotas.com.br\/site\/wp-json\/wp\/v2\/media\/39760"}],"wp:attachment":[{"href":"https:\/\/diariodamanhapelotas.com.br\/site\/wp-json\/wp\/v2\/media?parent=148651"}],"wp:term":[{"taxonomy":"category","embeddable":true,"href":"https:\/\/diariodamanhapelotas.com.br\/site\/wp-json\/wp\/v2\/categories?post=148651"},{"taxonomy":"post_tag","embeddable":true,"href":"https:\/\/diariodamanhapelotas.com.br\/site\/wp-json\/wp\/v2\/tags?post=148651"}],"curies":[{"name":"wp","href":"https:\/\/api.w.org\/{rel}","templated":true}]}}