{"id":148660,"date":"2025-10-31T09:11:47","date_gmt":"2025-10-31T12:11:47","guid":{"rendered":"https:\/\/diariodamanhapelotas.com.br\/site\/?p=148660"},"modified":"2025-10-31T09:11:47","modified_gmt":"2025-10-31T12:11:47","slug":"prae-promove-o-1o-festival-da-permanencia-estudantil-na-ufpel","status":"publish","type":"post","link":"https:\/\/diariodamanhapelotas.com.br\/site\/prae-promove-o-1o-festival-da-permanencia-estudantil-na-ufpel\/","title":{"rendered":"PRAE promove o 1\u00ba Festival da Perman\u00eancia Estudantil na UFPEL"},"content":{"rendered":"<h3 style=\"text-align: center;\"><em>O evento ter\u00e1 extensa programa\u00e7\u00e3o que inclui aula magna e di\u00e1logo com estudantes sobre as quest\u00f5es vividas dentro e fora da universidade<\/em><\/h3>\n<p>Nos dias 6 e 7 de novembro, A Pr\u00f3-reitora de Assuntos Estudantis (PRAE), da\u00a0Universidade Federal de Pelotas (UFPEL), em parceria com o Programa de\u00a0P\u00f3s-Gradua\u00e7\u00e3o em Direito (PPGD-UFPEL), realiza o 1\u00b0 Festival da Perman\u00eancia Estudantil, com o tema \u201cDireitos sociais, arte e cultura na promo\u00e7\u00e3o da sa\u00fade mental e qualifica\u00e7\u00e3o da Perman\u00eancia Estudantil\u201d. \u00c9 um convite \u00e0 comunidade acad\u00eamica para vivenciar um momento \u00fanico que reunir\u00e1 grandes nomes da dramaturgia e da literatura brasileira para o di\u00e1logo com estudantes sobre as quest\u00f5es vividas na vida universit\u00e1ria e fora.<\/p>\n<p>O evento ter\u00e1 uma programa\u00e7\u00e3o que inclui: uma aula magna do curso de Teatro e PPGD ministrada pelo premiado ator C\u00e9sar Mello, protagonista no filme \u201cDoutor Gama (2021)\u201d, um Cine Experi\u00eancia com a exibi\u00e7\u00e3o da obra e, posteriormente, um debate com o ator juntamente com escritor e historiador Bruno Rodrigues de Lima, autor do livro \u201cPai contra m\u00e3e: origens perdidas de Luiz Gama\u201d. Outras atividades como de grupos terap\u00eauticos da PRAE, do\u00a0N\u00facleo de Estudos em Encena\u00e7\u00e3o e Escrita Dram\u00e1tica \u2013 NEEDRAM e a Feira Estudantil tamb\u00e9m fazem parte da programa\u00e7\u00e3o. As atividades ocorrem na Faculdade de Direito, no Campus 2, ICH e Largo do Bola.<\/p>\n<p><img loading=\"lazy\" class=\" wp-image-148663 aligncenter\" src=\"https:\/\/diariodamanhapelotas.com.br\/site\/wp-content\/uploads\/2025\/10\/festival-permanencia2.jpg\" alt=\"\" width=\"672\" height=\"336\" srcset=\"https:\/\/diariodamanhapelotas.com.br\/site\/wp-content\/uploads\/2025\/10\/festival-permanencia2.jpg 800w, https:\/\/diariodamanhapelotas.com.br\/site\/wp-content\/uploads\/2025\/10\/festival-permanencia2-300x150.jpg 300w, https:\/\/diariodamanhapelotas.com.br\/site\/wp-content\/uploads\/2025\/10\/festival-permanencia2-150x75.jpg 150w, https:\/\/diariodamanhapelotas.com.br\/site\/wp-content\/uploads\/2025\/10\/festival-permanencia2-768x384.jpg 768w\" sizes=\"(max-width: 672px) 100vw, 672px\" \/><img loading=\"lazy\" class=\" wp-image-148661 aligncenter\" src=\"https:\/\/diariodamanhapelotas.com.br\/site\/wp-content\/uploads\/2025\/10\/festival-permanencia3.jpg\" alt=\"\" width=\"672\" height=\"336\" srcset=\"https:\/\/diariodamanhapelotas.com.br\/site\/wp-content\/uploads\/2025\/10\/festival-permanencia3.jpg 800w, https:\/\/diariodamanhapelotas.com.br\/site\/wp-content\/uploads\/2025\/10\/festival-permanencia3-300x150.jpg 300w, https:\/\/diariodamanhapelotas.com.br\/site\/wp-content\/uploads\/2025\/10\/festival-permanencia3-150x75.jpg 150w, https:\/\/diariodamanhapelotas.com.br\/site\/wp-content\/uploads\/2025\/10\/festival-permanencia3-768x384.jpg 768w\" sizes=\"(max-width: 672px) 100vw, 672px\" \/><\/p>\n<p>O Festival tem o apoio do Centro de Artes, do Teatro do Oprimido na Comunidade (TOCO), do Grupo de Estudos e Pesquisas em Teatro Educa\u00e7\u00e3o e Pr\u00e1xis Socia (GETEPS), do Semin\u00e1rio Internacional Imagens da Justi\u00e7a, Curr\u00edculo e Pedagogia Jur\u00eddica e do Grupo de Pesquisa, Ensino e Extens\u00e3o INVENTAR &#8211; arte e constru\u00e7\u00e3o do conhecimento jur\u00eddico.<\/p>\n<p>Mais informa\u00e7\u00f5es no site da PRAE\/UFPEL dispon\u00edvel no link: <a href=\"https:\/\/wp.ufpel.edu.br\/prae\/i-festival-da-permanencia-estudantil\/\" target=\"_blank\" rel=\"noopener noreferrer\">https:\/\/wp.ufpel.edu.br\/prae\/i-festival-da-permanencia-estudantil\/<\/a> , com a programa\u00e7\u00e3o completa.<\/p>\n<h4 style=\"text-align: center;\">SERVI\u00c7O<\/h4>\n<p><strong>O que:<\/strong> 1\u00ba Festival da Perman\u00eancia Estudantil na UFPEL<\/p>\n<p><strong>Quando:<\/strong> Dias 6 e 7 de novembro<\/p>\n<p><strong>Local:<\/strong> Faculdade de Direito, Campus 2, ICH e Largo do Bola.<\/p>\n<p><strong>Assessoria de Imprensa<\/strong> Adilson Camargo Pereira, <u>pereiracadilson31@gmail.com<\/u><\/p>\n<p>&nbsp;<\/p>\n","protected":false},"excerpt":{"rendered":"<p>O evento ter\u00e1 extensa programa\u00e7\u00e3o que inclui aula magna e di\u00e1logo com estudantes sobre as quest\u00f5es vividas dentro e fora da universidade Nos dias 6 e 7 de novembro, A<\/p>\n","protected":false},"author":3,"featured_media":148662,"comment_status":"closed","ping_status":"closed","sticky":false,"template":"","format":"standard","meta":[],"categories":[305,30],"tags":[],"_links":{"self":[{"href":"https:\/\/diariodamanhapelotas.com.br\/site\/wp-json\/wp\/v2\/posts\/148660"}],"collection":[{"href":"https:\/\/diariodamanhapelotas.com.br\/site\/wp-json\/wp\/v2\/posts"}],"about":[{"href":"https:\/\/diariodamanhapelotas.com.br\/site\/wp-json\/wp\/v2\/types\/post"}],"author":[{"embeddable":true,"href":"https:\/\/diariodamanhapelotas.com.br\/site\/wp-json\/wp\/v2\/users\/3"}],"replies":[{"embeddable":true,"href":"https:\/\/diariodamanhapelotas.com.br\/site\/wp-json\/wp\/v2\/comments?post=148660"}],"version-history":[{"count":1,"href":"https:\/\/diariodamanhapelotas.com.br\/site\/wp-json\/wp\/v2\/posts\/148660\/revisions"}],"predecessor-version":[{"id":148664,"href":"https:\/\/diariodamanhapelotas.com.br\/site\/wp-json\/wp\/v2\/posts\/148660\/revisions\/148664"}],"wp:featuredmedia":[{"embeddable":true,"href":"https:\/\/diariodamanhapelotas.com.br\/site\/wp-json\/wp\/v2\/media\/148662"}],"wp:attachment":[{"href":"https:\/\/diariodamanhapelotas.com.br\/site\/wp-json\/wp\/v2\/media?parent=148660"}],"wp:term":[{"taxonomy":"category","embeddable":true,"href":"https:\/\/diariodamanhapelotas.com.br\/site\/wp-json\/wp\/v2\/categories?post=148660"},{"taxonomy":"post_tag","embeddable":true,"href":"https:\/\/diariodamanhapelotas.com.br\/site\/wp-json\/wp\/v2\/tags?post=148660"}],"curies":[{"name":"wp","href":"https:\/\/api.w.org\/{rel}","templated":true}]}}