{"id":148665,"date":"2025-10-31T09:17:44","date_gmt":"2025-10-31T12:17:44","guid":{"rendered":"https:\/\/diariodamanhapelotas.com.br\/site\/?p=148665"},"modified":"2025-10-31T09:17:44","modified_gmt":"2025-10-31T12:17:44","slug":"pelotas-prepara-megaevento-para-cultura-negra-em-2026","status":"publish","type":"post","link":"https:\/\/diariodamanhapelotas.com.br\/site\/pelotas-prepara-megaevento-para-cultura-negra-em-2026\/","title":{"rendered":"Pelotas prepara megaevento para cultura negra em 2026"},"content":{"rendered":"<h3 style=\"text-align: center;\"><em>Festa da Cultura Negra, or\u00e7ada para captar at\u00e9 R$ 5 milh\u00f5es em financiamento, contar\u00e1 com atra\u00e7\u00f5es nacionais e internacionais em novembro do ano que vem no munic\u00edpio<\/em><\/h3>\n<p>Pelotas ser\u00e1 a capital brasileira da cultura negra em novembro do ano que vem. De 9 a 22, a Prefeitura, por meio das secretarias de Planejamento e Gest\u00e3o (Seplag), Cultura (Secult), Igualdade Racial (Smir), Secretaria de Turismo (SeTur) e gabinete da vice-prefeita, realiza em seis diferentes espa\u00e7os no munic\u00edpio, incluindo praia e zona rural, a Festa da Cultura Negra. Or\u00e7ado em R$ 5 milh\u00f5es, o evento promete trazer in\u00fameras atra\u00e7\u00f5es nacionais e internacionais, distribu\u00eddas em diversas tem\u00e1ticas &#8211; com a m\u00fasica como a principal delas nessa primeira edi\u00e7\u00e3o. Mas n\u00e3o apenas: a Festa abrir\u00e1 espa\u00e7o tamb\u00e9m para dan\u00e7a, moda e culin\u00e1ria. Detalhe: toda a programa\u00e7\u00e3o ser\u00e1 gratuita.<\/p>\n<p><img loading=\"lazy\" class=\" wp-image-148666 aligncenter\" src=\"https:\/\/diariodamanhapelotas.com.br\/site\/wp-content\/uploads\/2025\/10\/festa-da-cultura-negra-marroni.jpeg\" alt=\"\" width=\"660\" height=\"343\" srcset=\"https:\/\/diariodamanhapelotas.com.br\/site\/wp-content\/uploads\/2025\/10\/festa-da-cultura-negra-marroni.jpeg 800w, https:\/\/diariodamanhapelotas.com.br\/site\/wp-content\/uploads\/2025\/10\/festa-da-cultura-negra-marroni-300x156.jpeg 300w, https:\/\/diariodamanhapelotas.com.br\/site\/wp-content\/uploads\/2025\/10\/festa-da-cultura-negra-marroni-150x78.jpeg 150w, https:\/\/diariodamanhapelotas.com.br\/site\/wp-content\/uploads\/2025\/10\/festa-da-cultura-negra-marroni-768x399.jpeg 768w\" sizes=\"(max-width: 660px) 100vw, 660px\" \/><\/p>\n<p>Dona de uma expressiva parcela da popula\u00e7\u00e3o de ascend\u00eancia afro-brasileira, o que confere ao munic\u00edpio um genu\u00edno perfil de cultura popular, Pelotas ter\u00e1 a oportunidade de mostrar no evento esta riqueza que para muitos ainda \u00e9 desconhecida. Para o prefeito Fernando Marroni, apenas esta realidade j\u00e1 justifica a realiza\u00e7\u00e3o da Festa. \u201cFirmar Pelotas como polo irradiador do legado negro \u00e9 extremamente importante para n\u00f3s, que seja tamb\u00e9m um passo enorme na emancipa\u00e7\u00e3o contra o racismo\u201d, disse o prefeito Fernando Marroni. Conforme ele, embora a 12 meses da realiza\u00e7\u00e3o, dentro da Prefeitura a Festa \u00e9 realidade. \u201cAs discuss\u00f5es est\u00e3o muito avan\u00e7adas com financiadores de peso e estamos absolutamente confiantes de que teremos recursos &#8211; a todos que apresentamos o projeto as rea\u00e7\u00f5es s\u00e3o de encantamento\u201d, disse.<\/p>\n<p>A vice-prefeita Daniela Brizolara refor\u00e7a. Negra e cantora popular que sempre procurou contribuir com o legado cultural da tradi\u00e7\u00e3o afro-brasileira no munic\u00edpio, ela n\u00e3o consegue imaginar uma iniciativa dessa magnitude em outra cidade. \u201cTemos v\u00e1rios segmentos da cultura onde pessoas negras t\u00eam um \u00f3timo trabalho art\u00edstico, n\u00e3o s\u00f3 na m\u00fasica, acho que \u00e9 um momento do mundo conhecer a pot\u00eancia da negritude pelotense.\u201d<\/p>\n<h4 style=\"text-align: center;\">Para al\u00e9m do Centro Hist\u00f3rico<\/h4>\n<p>O Largo do Mercado Central, no Centro Hist\u00f3rico, n\u00e3o ser\u00e1 o \u00fanico espa\u00e7o a receber a extensa programa\u00e7\u00e3o, que ser\u00e1 distribu\u00edda por 14 dias seguidos no munic\u00edpio. A primeira edi\u00e7\u00e3o da Festa da Cultura Negra vai se espalhar por outras cinco regi\u00f5es da cidade, j\u00e1 definidas no projeto: Museu da Baronesa (bairro Areal), vila Farroupilha (Fragata), praia do Laranjal, Associa\u00e7\u00e3o Rural (Tr\u00eas Vendas) e Grupelli (zona rural).<\/p>\n<p>E essa descentraliza\u00e7\u00e3o \u00e9 apenas um dos eixos que comp\u00f5em o evento. Os outros s\u00e3o as rela\u00e7\u00f5es com o Estatuto da Igualdade Racial, com o Plano Nacional da Cultura, com pol\u00edticas de coopera\u00e7\u00e3o internacional, principalmente com pa\u00edses da \u00c1frica e Caribe, e com os objetivos do desenvolvimento sustent\u00e1vel.<\/p>\n<p>O secret\u00e1rio de Igualdade Racial, J\u00falio Domingues acredita que a Festa est\u00e1 \u00e0 altura do papel que Pelotas representa na cultura negra do Pa\u00eds. \u201cPelotas \u00e9 um dos marcos da presen\u00e7a negra no Brasil, com influ\u00eancia consider\u00e1vel na cultura da cidade, com uma s\u00e9rie de ativistas, artistas, diversidade de manifesta\u00e7\u00f5es populares &#8211; contar com uma festa que exalta esses valores e contribui\u00e7\u00e3o vai ser um marco n\u00e3o s\u00f3 na hist\u00f3ria da cidade, mas para muito al\u00e9m dela\u201d, afirma.<\/p>\n<p>Fotos: Volmer Perez<\/p>\n","protected":false},"excerpt":{"rendered":"<p>Festa da Cultura Negra, or\u00e7ada para captar at\u00e9 R$ 5 milh\u00f5es em financiamento, contar\u00e1 com atra\u00e7\u00f5es nacionais e internacionais em novembro do ano que vem no munic\u00edpio Pelotas ser\u00e1 a<\/p>\n","protected":false},"author":3,"featured_media":148667,"comment_status":"closed","ping_status":"closed","sticky":false,"template":"","format":"standard","meta":[],"categories":[305,149],"tags":[],"_links":{"self":[{"href":"https:\/\/diariodamanhapelotas.com.br\/site\/wp-json\/wp\/v2\/posts\/148665"}],"collection":[{"href":"https:\/\/diariodamanhapelotas.com.br\/site\/wp-json\/wp\/v2\/posts"}],"about":[{"href":"https:\/\/diariodamanhapelotas.com.br\/site\/wp-json\/wp\/v2\/types\/post"}],"author":[{"embeddable":true,"href":"https:\/\/diariodamanhapelotas.com.br\/site\/wp-json\/wp\/v2\/users\/3"}],"replies":[{"embeddable":true,"href":"https:\/\/diariodamanhapelotas.com.br\/site\/wp-json\/wp\/v2\/comments?post=148665"}],"version-history":[{"count":1,"href":"https:\/\/diariodamanhapelotas.com.br\/site\/wp-json\/wp\/v2\/posts\/148665\/revisions"}],"predecessor-version":[{"id":148668,"href":"https:\/\/diariodamanhapelotas.com.br\/site\/wp-json\/wp\/v2\/posts\/148665\/revisions\/148668"}],"wp:featuredmedia":[{"embeddable":true,"href":"https:\/\/diariodamanhapelotas.com.br\/site\/wp-json\/wp\/v2\/media\/148667"}],"wp:attachment":[{"href":"https:\/\/diariodamanhapelotas.com.br\/site\/wp-json\/wp\/v2\/media?parent=148665"}],"wp:term":[{"taxonomy":"category","embeddable":true,"href":"https:\/\/diariodamanhapelotas.com.br\/site\/wp-json\/wp\/v2\/categories?post=148665"},{"taxonomy":"post_tag","embeddable":true,"href":"https:\/\/diariodamanhapelotas.com.br\/site\/wp-json\/wp\/v2\/tags?post=148665"}],"curies":[{"name":"wp","href":"https:\/\/api.w.org\/{rel}","templated":true}]}}