{"id":148675,"date":"2025-10-31T09:36:51","date_gmt":"2025-10-31T12:36:51","guid":{"rendered":"https:\/\/diariodamanhapelotas.com.br\/site\/?p=148675"},"modified":"2025-10-31T09:36:51","modified_gmt":"2025-10-31T12:36:51","slug":"em-nove-meses-brasil-gera-17-milhao-de-empregos-com-carteira-assinada","status":"publish","type":"post","link":"https:\/\/diariodamanhapelotas.com.br\/site\/em-nove-meses-brasil-gera-17-milhao-de-empregos-com-carteira-assinada\/","title":{"rendered":"Em nove meses, Brasil gera 1,7 milh\u00e3o de empregos com carteira assinada"},"content":{"rendered":"<h3 style=\"text-align: center;\"><em>Apenas em setembro foram 213 mil vagas formais e resultados positivos em todo o pa\u00eds. Desde janeiro de 2023, saldo \u00e9 de 4,8 milh\u00f5es. Dados do Novo Caged foram divulgados nesta quinta (30) pelo Governo do Brasil<\/em><\/h3>\n<p>Em mais um sinal de uma economia aquecida, o Brasil chegou ao patamar de 1,7 milh\u00e3o de empregos com carteira assinada em nove meses de 2025, entre janeiro e setembro. Com isso, o n\u00famero total de v\u00ednculos formais ativos atingiu o patamar recorde de 48,9 milh\u00f5es. Desde janeiro de 2023, s\u00e3o 4,8 milh\u00f5es de vagas criadas no pa\u00eds. Os dados do Novo Caged foram divulgados nesta quinta-feira, 30 de outubro, pelo Minist\u00e9rio do Trabalho e Emprego.<\/p>\n<p>Apenas em setembro, o saldo ficou positivo em 213.002 postos formais de trabalho, resultado de 2.292.492 admiss\u00f5es e 2.079.490 desligamentos. As 27 unidades da Federa\u00e7\u00e3o tiveram saldo positivo, assim como os cinco grupamentos de atividades econ\u00f4micas avaliados: Servi\u00e7os, Ind\u00fastria, Com\u00e9rcio, Constru\u00e7\u00e3o e Agropecu\u00e1ria. O sal\u00e1rio m\u00e9dio real de admiss\u00e3o foi de R$ 2.286,34.<\/p>\n<p>\u201cNosso saldo de setembro talvez contrarie os especialistas do mercado, que eu n\u00e3o sei se s\u00e3o t\u00e3o especialistas assim, porque eles projetaram no m\u00e1ximo 175 mil e o n\u00famero \u00e9 de 213 mil\u201d, afirmou o ministro do Trabalho e Emprego, Luiz Marinho.<\/p>\n<p><img loading=\"lazy\" class=\"size-full wp-image-148677 aligncenter\" src=\"https:\/\/diariodamanhapelotas.com.br\/site\/wp-content\/uploads\/2025\/10\/emprego1.jpg\" alt=\"\" width=\"572\" height=\"600\" srcset=\"https:\/\/diariodamanhapelotas.com.br\/site\/wp-content\/uploads\/2025\/10\/emprego1.jpg 572w, https:\/\/diariodamanhapelotas.com.br\/site\/wp-content\/uploads\/2025\/10\/emprego1-286x300.jpg 286w, https:\/\/diariodamanhapelotas.com.br\/site\/wp-content\/uploads\/2025\/10\/emprego1-143x150.jpg 143w\" sizes=\"(max-width: 572px) 100vw, 572px\" \/><img loading=\"lazy\" class=\"aligncenter wp-image-148676\" src=\"https:\/\/diariodamanhapelotas.com.br\/site\/wp-content\/uploads\/2025\/10\/emprego2.jpg\" alt=\"\" width=\"572\" height=\"488\" srcset=\"https:\/\/diariodamanhapelotas.com.br\/site\/wp-content\/uploads\/2025\/10\/emprego2.jpg 703w, https:\/\/diariodamanhapelotas.com.br\/site\/wp-content\/uploads\/2025\/10\/emprego2-300x256.jpg 300w, https:\/\/diariodamanhapelotas.com.br\/site\/wp-content\/uploads\/2025\/10\/emprego2-150x128.jpg 150w\" sizes=\"(max-width: 572px) 100vw, 572px\" \/><\/p>\n<p><strong>SERVI\u00c7OS EM ALTA<\/strong> \u2013 Entre os grupamentos setoriais, o destaque ficou com Servi\u00e7os, que liderou a gera\u00e7\u00e3o de vagas, com 106.606 postos formais de saldo. Em seguida aparece a Ind\u00fastria, com 43.095 novos empregos. O Com\u00e9rcio (36.280), a Constru\u00e7\u00e3o (23.855) e a Agropecu\u00e1ria (3.167) completam a lista.<\/p>\n<p><strong>ACUMULADO<\/strong> \u2013 No acumulado do ano, entre janeiro e setembro, os cinco grupamentos de atividades econ\u00f4micas apresentam saldo positivo. O maior crescimento ocorreu no setor de Servi\u00e7os, com 773.385 novos postos. Em seguida, aparecem Ind\u00fastria (273.231), Constru\u00e7\u00e3o (194.545), Com\u00e9rcio (153.483), e Agropecu\u00e1ria (107.297).<\/p>\n<p><strong>GRUPOS POPULACIONAIS<\/strong> \u2013 No recorte por grupos populacionais, o saldo de setembro foi mais positivo para os homens, que ocuparam 117.145 vagas, enquanto as mulheres preencheram 95.857 postos.<\/p>\n<p><strong>POR IDADE<\/strong> \u2013 Na divis\u00e3o por faixa et\u00e1ria, os jovens de 18 a 24 anos se destacaram, tendo preenchido 110.953 postos em setembro. Na sequ\u00eancia, aparecem os adolescentes de at\u00e9 17 anos (31.105). Juntas, essas duas faixas et\u00e1rias responderam por 67% dos novos postos de trabalho.<\/p>\n<p><strong>ESCOLARIDADE E RA\u00c7A<\/strong> \u2013 Quando se leva em conta o grau de escolaridade, a maior parte das vagas em setembro foi preenchida por pessoas com n\u00edvel m\u00e9dio completo: 142.789. Na sequ\u00eancia, aparecem as pessoas com n\u00edvel m\u00e9dio incompleto, que responderam pela ocupa\u00e7\u00e3o de 28.606 postos. No recorte por ra\u00e7a, os pardos responderam pela maior parte dos v\u00ednculos: 156.079. Em seguida, aparecem os brancos (51.719), pretos (28.521) e amarelos (173). No que se refere \u00e0 popula\u00e7\u00e3o com defici\u00eancia, o saldo positivo foi de 662 novos postos.<\/p>\n<p><strong>DESTAQUES<\/strong> \u2013 Entre as unidades da Federa\u00e7\u00e3o, os destaques, em n\u00fameros absolutos, ficaram com S\u00e3o Paulo, que registrou a abertura de 49.052; Rio de Janeiro, com a cria\u00e7\u00e3o de 16.009 postos, e Pernambuco, com 15.602. Levando-se em conta as varia\u00e7\u00f5es relativas, os destaques foram Alagoas (+3%), Sergipe (+1,7%) e Para\u00edba (+1,1%).<\/p>\n<p><strong>NO ANO<\/strong> \u2013 J\u00e1 no acumulado do ano, entre janeiro e setembro, S\u00e3o Paulo soma 485.726 novos empregos formais, seguido de Minas Gerais, com 164.634 vagas, do Paran\u00e1, com 121.291 postos.<\/p>\n<p><strong>REGI\u00d5ES<\/strong>\u00a0\u2013 A Regi\u00e3o Sudeste foi a que mais abriu vagas em setembro, com 80.639 novos postos formais. Em seguida aparecem Nordeste (72.347), Sul (27.302), Norte (18.151) e Centro-Oeste (14.569).<\/p>\n","protected":false},"excerpt":{"rendered":"<p>Apenas em setembro foram 213 mil vagas formais e resultados positivos em todo o pa\u00eds. Desde janeiro de 2023, saldo \u00e9 de 4,8 milh\u00f5es. Dados do Novo Caged foram divulgados<\/p>\n","protected":false},"author":3,"featured_media":148678,"comment_status":"closed","ping_status":"closed","sticky":false,"template":"","format":"standard","meta":[],"categories":[305,27],"tags":[],"_links":{"self":[{"href":"https:\/\/diariodamanhapelotas.com.br\/site\/wp-json\/wp\/v2\/posts\/148675"}],"collection":[{"href":"https:\/\/diariodamanhapelotas.com.br\/site\/wp-json\/wp\/v2\/posts"}],"about":[{"href":"https:\/\/diariodamanhapelotas.com.br\/site\/wp-json\/wp\/v2\/types\/post"}],"author":[{"embeddable":true,"href":"https:\/\/diariodamanhapelotas.com.br\/site\/wp-json\/wp\/v2\/users\/3"}],"replies":[{"embeddable":true,"href":"https:\/\/diariodamanhapelotas.com.br\/site\/wp-json\/wp\/v2\/comments?post=148675"}],"version-history":[{"count":1,"href":"https:\/\/diariodamanhapelotas.com.br\/site\/wp-json\/wp\/v2\/posts\/148675\/revisions"}],"predecessor-version":[{"id":148679,"href":"https:\/\/diariodamanhapelotas.com.br\/site\/wp-json\/wp\/v2\/posts\/148675\/revisions\/148679"}],"wp:featuredmedia":[{"embeddable":true,"href":"https:\/\/diariodamanhapelotas.com.br\/site\/wp-json\/wp\/v2\/media\/148678"}],"wp:attachment":[{"href":"https:\/\/diariodamanhapelotas.com.br\/site\/wp-json\/wp\/v2\/media?parent=148675"}],"wp:term":[{"taxonomy":"category","embeddable":true,"href":"https:\/\/diariodamanhapelotas.com.br\/site\/wp-json\/wp\/v2\/categories?post=148675"},{"taxonomy":"post_tag","embeddable":true,"href":"https:\/\/diariodamanhapelotas.com.br\/site\/wp-json\/wp\/v2\/tags?post=148675"}],"curies":[{"name":"wp","href":"https:\/\/api.w.org\/{rel}","templated":true}]}}