{"id":148687,"date":"2025-10-31T15:51:43","date_gmt":"2025-10-31T18:51:43","guid":{"rendered":"https:\/\/diariodamanhapelotas.com.br\/site\/?p=148687"},"modified":"2025-10-31T15:51:43","modified_gmt":"2025-10-31T18:51:43","slug":"caem-os-custos-do-cesto-basico-e-da-racao-essencial-em-pelotas","status":"publish","type":"post","link":"https:\/\/diariodamanhapelotas.com.br\/site\/caem-os-custos-do-cesto-basico-e-da-racao-essencial-em-pelotas\/","title":{"rendered":"Caem os custos do Cesto B\u00e1sico e da Ra\u00e7\u00e3o Essencial em Pelotas"},"content":{"rendered":"<h3 style=\"text-align: center;\"><em>Pesquisa de outubro, do Procon, evidencia redu\u00e7\u00e3o, sobretudo, dos pre\u00e7os de produtos essenciais<\/em><\/h3>\n<p>Mediante trabalho do Servi\u00e7o de Educa\u00e7\u00e3o ao Consumidor, o Procon Pelotas torna p\u00fablicas as pesquisas do Cesto B\u00e1sico e da Ra\u00e7\u00e3o Essencial deste m\u00eas: respectivamente, registraram as redu\u00e7\u00f5es de 2,85% e 3,99% na cidade. Na avalia\u00e7\u00e3o do coordenador executivo do \u00f3rg\u00e3o municipal, Cr\u00edstoni Costa, o comparativo com setembro, elaborado em 29 e 30 de outubro, indica leve melhora no cen\u00e1rio dos custos totais dos conjuntos de itens \u00e0 venda.<\/p>\n<p>\u201cAs quedas refletem varia\u00e7\u00f5es encontradas em diversos produtos essenciais, refor\u00e7ando a import\u00e2ncia do monitoramento constante realizado pelo \u00f3rg\u00e3o para garantir transpar\u00eancia e auxiliar o consumidor na hora das compras\u201d, analisa Costa.<\/p>\n<h4 style=\"text-align: center;\">Maiores eleva\u00e7\u00f5es e redu\u00e7\u00f5es de pre\u00e7os<\/h4>\n<p>O valor das 51 mercadorias que comp\u00f5em o Cesto B\u00e1sico diminuiu de R$ 1.346,47 (setembro) para R$ 1.308,16 (neste m\u00eas). O levantamento fundamenta-se em estudo do IEPE1 da Universidade Federal do Rio Grande do Sul (UFRGS).<\/p>\n<p>Alface, sal e shampoo lideram, nesta ordem, as maiores eleva\u00e7\u00f5es encontradas no per\u00edodo. Dois alimentos est\u00e3o no p\u00f3dio das retra\u00e7\u00f5es de pre\u00e7os mais significativas: repolho e cenoura.<\/p>\n<h4 style=\"text-align: center;\">Itens do Cesto B\u00e1sico que se evidenciaram<\/h4>\n<p><strong>Aumentos<\/strong><\/p>\n<p>Do total de nove produtos, cujos pre\u00e7os subiram, foram evidenciados:<\/p>\n<ol>\n<li>Alface (unidade): 23,64%<\/li>\n<li>Sal (quilo): 20,12%<\/li>\n<li>Shampoo (350ml A 400ml): 17,89%<\/li>\n<li>Ovos de Granja (d\u00fazia): 16,90%<\/li>\n<li>Ma\u00e7\u00e3 (quilo): 13,86%<\/li>\n<\/ol>\n<p style=\"text-align: left;\"><strong>Quedas<\/strong><\/p>\n<p>Dos 33 itens comercializados a valores menores, sobressaem-se:<\/p>\n<ol>\n<li>Repolho (quilo): -34,95%<\/li>\n<li>Cenoura (quilo): -23,58%<\/li>\n<li>Desodorante (150ml): -19,96%<\/li>\n<li>Sab\u00e3o em Barra (400g): -19,73%<\/li>\n<li>Absorventes (8 unidades): -19,56%<\/li>\n<\/ol>\n<p style=\"text-align: left;\"><strong>Est\u00e1veis<\/strong><\/p>\n<p>O Procon destaca estabilidade nos custos de nove mercadorias:<\/p>\n<ol>\n<li>Cigarro (M\u00c7): 0,00%<\/li>\n<li>Arroz (KG): -0,05%<\/li>\n<li>Refrigerante (LT): 0,14%<\/li>\n<li>Alvejante (LT): -0,21%<\/li>\n<li>G\u00e1s de Cozinha (P13): 0,30%<\/li>\n<\/ol>\n<h4 style=\"text-align: center;\">Valores dos \u2018essenciais\u2019 diminuem<\/h4>\n<p>Determinada pelo DIEESE2 e formada por 13 g\u00eaneros investigados, que devem atender \u00e0 necessidade de uma pessoa durante um m\u00eas, a Ra\u00e7\u00e3o Essencial sofreu decr\u00e9scimo de R$ 579,07 \u2013 verificado em setembro \u2013 para R$ 555,97 em outubro. \u201cO Procon segue acompanhando a evolu\u00e7\u00e3o dos pre\u00e7os e orientando a popula\u00e7\u00e3o sobre h\u00e1bitos de consumo consciente\u201d, enfatiza o coordenador executivo.<\/p>\n","protected":false},"excerpt":{"rendered":"<p>Pesquisa de outubro, do Procon, evidencia redu\u00e7\u00e3o, sobretudo, dos pre\u00e7os de produtos essenciais Mediante trabalho do Servi\u00e7o de Educa\u00e7\u00e3o ao Consumidor, o Procon Pelotas torna p\u00fablicas as pesquisas do Cesto<\/p>\n","protected":false},"author":3,"featured_media":66091,"comment_status":"closed","ping_status":"closed","sticky":false,"template":"","format":"standard","meta":[],"categories":[305,149],"tags":[],"_links":{"self":[{"href":"https:\/\/diariodamanhapelotas.com.br\/site\/wp-json\/wp\/v2\/posts\/148687"}],"collection":[{"href":"https:\/\/diariodamanhapelotas.com.br\/site\/wp-json\/wp\/v2\/posts"}],"about":[{"href":"https:\/\/diariodamanhapelotas.com.br\/site\/wp-json\/wp\/v2\/types\/post"}],"author":[{"embeddable":true,"href":"https:\/\/diariodamanhapelotas.com.br\/site\/wp-json\/wp\/v2\/users\/3"}],"replies":[{"embeddable":true,"href":"https:\/\/diariodamanhapelotas.com.br\/site\/wp-json\/wp\/v2\/comments?post=148687"}],"version-history":[{"count":1,"href":"https:\/\/diariodamanhapelotas.com.br\/site\/wp-json\/wp\/v2\/posts\/148687\/revisions"}],"predecessor-version":[{"id":148688,"href":"https:\/\/diariodamanhapelotas.com.br\/site\/wp-json\/wp\/v2\/posts\/148687\/revisions\/148688"}],"wp:featuredmedia":[{"embeddable":true,"href":"https:\/\/diariodamanhapelotas.com.br\/site\/wp-json\/wp\/v2\/media\/66091"}],"wp:attachment":[{"href":"https:\/\/diariodamanhapelotas.com.br\/site\/wp-json\/wp\/v2\/media?parent=148687"}],"wp:term":[{"taxonomy":"category","embeddable":true,"href":"https:\/\/diariodamanhapelotas.com.br\/site\/wp-json\/wp\/v2\/categories?post=148687"},{"taxonomy":"post_tag","embeddable":true,"href":"https:\/\/diariodamanhapelotas.com.br\/site\/wp-json\/wp\/v2\/tags?post=148687"}],"curies":[{"name":"wp","href":"https:\/\/api.w.org\/{rel}","templated":true}]}}