{"id":148689,"date":"2025-10-31T15:53:16","date_gmt":"2025-10-31T18:53:16","guid":{"rendered":"https:\/\/diariodamanhapelotas.com.br\/site\/?p=148689"},"modified":"2025-10-31T15:53:16","modified_gmt":"2025-10-31T18:53:16","slug":"transporte-coletivo-tera-planejamento-diferenciado-para-finados","status":"publish","type":"post","link":"https:\/\/diariodamanhapelotas.com.br\/site\/transporte-coletivo-tera-planejamento-diferenciado-para-finados\/","title":{"rendered":"Transporte coletivo ter\u00e1 planejamento diferenciado para Finados"},"content":{"rendered":"<h3 style=\"text-align: center;\"><em>Prefeitura e Cons\u00f3rcio querem facilitar deslocamento da popula\u00e7\u00e3o at\u00e9 os cemit\u00e9rios<\/em><\/h3>\n<p><span style=\"font-style: inherit; font-weight: inherit;\"><span style=\"font-size: medium;\">Prefeitura e Cons\u00f3rcio do Transporte Coletivo de Pelotas, para beneficiar usu\u00e1rios, facilitando o acesso de \u00f4nibus aos cemit\u00e9rios S\u00e3o Francisco de Paula e da Boa Vista, no domingo (2), Dia de Finados, fizeram altera\u00e7\u00f5es nas tabelas de algumas linhas.<\/span><\/span><\/p>\n<p><span style=\"font-style: inherit; font-weight: inherit;\"><span style=\"font-size: medium;\">Para otimizar os acessos ao Cemit\u00e9rio Municipal Boa Vista, as linhas Pestano, Get\u00falio Vargas e Arco-\u00edris, em todos os hor\u00e1rios de domingo, estender\u00e3o o percurso at\u00e9 o local que j\u00e1 conta com os servi\u00e7os da linha Sanga Funda, que j\u00e1 passa pela avenida Engenheiro Ildefonso Sim\u00f5es Lopes com Leopoldo Brod. Tamb\u00e9m haver\u00e1 \u00f4nibus da\u00a0<span style=\"font-variant: normal;\"><span><span style=\"font-style: normal;\">Col\u00f4nia Z3 at\u00e9 o Boa Vista,\u00a0<\/span><\/span><\/span><span style=\"font-variant: normal;\"><span><span style=\"font-style: normal;\">com partida\u00a0<\/span><\/span><\/span><span style=\"font-variant: normal;\"><span><span style=\"font-style: normal;\">\u00e0s 13h<\/span><\/span><\/span><span style=\"font-variant: normal;\"><span><span style=\"font-style: normal;\">30min e\u00a0<\/span><\/span><\/span><span style=\"font-variant: normal;\"><span><span style=\"font-style: normal;\">retorno \u00e0s 16h<\/span><\/span><\/span><span style=\"font-variant: normal;\"><span><span style=\"font-style: normal;\">30min<\/span><\/span><\/span><span style=\"font-variant: normal;\"><span><span style=\"font-style: normal;\">.<\/span><\/span><\/span><\/span><\/span><\/p>\n<p><span style=\"font-style: inherit; font-weight: inherit;\"><span style=\"font-size: medium;\">A linha Fragata, cujos \u00f4nibus passam na frente do Cemit\u00e9rio Ecum\u00eanico S\u00e3o Francisco de Paula, receber\u00e1 refor\u00e7os.<\/span><\/span><\/p>\n","protected":false},"excerpt":{"rendered":"<p>Prefeitura e Cons\u00f3rcio querem facilitar deslocamento da popula\u00e7\u00e3o at\u00e9 os cemit\u00e9rios Prefeitura e Cons\u00f3rcio do Transporte Coletivo de Pelotas, para beneficiar usu\u00e1rios, facilitando o acesso de \u00f4nibus aos cemit\u00e9rios S\u00e3o<\/p>\n","protected":false},"author":3,"featured_media":103326,"comment_status":"closed","ping_status":"closed","sticky":false,"template":"","format":"standard","meta":[],"categories":[305,149],"tags":[],"_links":{"self":[{"href":"https:\/\/diariodamanhapelotas.com.br\/site\/wp-json\/wp\/v2\/posts\/148689"}],"collection":[{"href":"https:\/\/diariodamanhapelotas.com.br\/site\/wp-json\/wp\/v2\/posts"}],"about":[{"href":"https:\/\/diariodamanhapelotas.com.br\/site\/wp-json\/wp\/v2\/types\/post"}],"author":[{"embeddable":true,"href":"https:\/\/diariodamanhapelotas.com.br\/site\/wp-json\/wp\/v2\/users\/3"}],"replies":[{"embeddable":true,"href":"https:\/\/diariodamanhapelotas.com.br\/site\/wp-json\/wp\/v2\/comments?post=148689"}],"version-history":[{"count":1,"href":"https:\/\/diariodamanhapelotas.com.br\/site\/wp-json\/wp\/v2\/posts\/148689\/revisions"}],"predecessor-version":[{"id":148690,"href":"https:\/\/diariodamanhapelotas.com.br\/site\/wp-json\/wp\/v2\/posts\/148689\/revisions\/148690"}],"wp:featuredmedia":[{"embeddable":true,"href":"https:\/\/diariodamanhapelotas.com.br\/site\/wp-json\/wp\/v2\/media\/103326"}],"wp:attachment":[{"href":"https:\/\/diariodamanhapelotas.com.br\/site\/wp-json\/wp\/v2\/media?parent=148689"}],"wp:term":[{"taxonomy":"category","embeddable":true,"href":"https:\/\/diariodamanhapelotas.com.br\/site\/wp-json\/wp\/v2\/categories?post=148689"},{"taxonomy":"post_tag","embeddable":true,"href":"https:\/\/diariodamanhapelotas.com.br\/site\/wp-json\/wp\/v2\/tags?post=148689"}],"curies":[{"name":"wp","href":"https:\/\/api.w.org\/{rel}","templated":true}]}}