{"id":148691,"date":"2025-11-01T10:58:46","date_gmt":"2025-11-01T13:58:46","guid":{"rendered":"https:\/\/diariodamanhapelotas.com.br\/site\/?p=148691"},"modified":"2025-11-01T10:58:46","modified_gmt":"2025-11-01T13:58:46","slug":"aberta-oficialmente-a-feira-do-livro-de-pelotas","status":"publish","type":"post","link":"https:\/\/diariodamanhapelotas.com.br\/site\/aberta-oficialmente-a-feira-do-livro-de-pelotas\/","title":{"rendered":"Aberta oficialmente a Feira do Livro de Pelotas"},"content":{"rendered":"<h3 style=\"text-align: center;\"><em>A Feira do Livro, cujo tema este ano \u00e9 \u201cA vida acontece em cap\u00edtulos\u201d, se estende <strong>at\u00e9 o dia 16 de novembro<\/strong><\/em><\/h3>\n<p>A\u00a051\u00aa edi\u00e7\u00e3o da Feira do Livro\u00a0foi oficialmente aberta no fim da tarde desta\u00a0sexta-feira (31)\u00a0na\u00a0pra\u00e7a Coronel Pedro Os\u00f3rio,\u00a0Centro Hist\u00f3rico de Pelotas, com a presen\u00e7a do\u00a0prefeito Fernando Marroni. Em sua fala, o chefe do Executivo destacou a import\u00e2ncia do evento na vida cultural da cidade e do seu papel na afirma\u00e7\u00e3o do munic\u00edpio em seu hist\u00f3rico a favor da ci\u00eancia, da cultura e do conhecimento. A Feira do Livro, cujo tema este ano \u00e9 \u201cA vida acontece em cap\u00edtulos\u201d, se estende no local\u00a0at\u00e9 o dia 16 de novembro, diariamente, das 14h \u00e0s 21h.<\/p>\n<p dir=\"auto\">O prefeito ressaltou sua alegria em participar do evento, que se configura em espa\u00e7o de encontros, afetos e pensamento. \u201c\u00c9 onde Pelotas reafirma sua alma criativa, sua intelig\u00eancia e o seu amor pela cultura\u201d, ratificou.<\/p>\n<p dir=\"auto\">Marroni tamb\u00e9m fez men\u00e7\u00e3o ao tema da atual edi\u00e7\u00e3o. Para ele, o cap\u00edtulo desta 51\u00aa Feira do Livro de Pelotas traz pela primeira vez duas melhores como patronas, as poetas Al\u00e9xia Porto e Maria Alice Estrella: \u201cJuntas, elas traduzem o esp\u00edrito deste tempo, um tempo que pede escuta, diversidade e di\u00e1logo entre gera\u00e7\u00f5es\u201d<\/p>\n<p dir=\"auto\">Ao final, o prefeito agradeceu \u00e0 entidade realizadora, C\u00e2mara Pelotense do Livro, aos autores, livreiros, professores, estudantes e \u201da todos que fazem parte dessa bela tradi\u00e7\u00e3o\u201d. \u201c\u00c9 um orgulho ser pelotense, viver em Pelotas e viver a cultura dessa cidade. Que tenhamos todos uma grande Feira do Livro\u201d, concluiu.<\/p>\n<h4 dir=\"auto\" style=\"text-align: center;\">Prefeitura presente<\/h4>\n<p dir=\"auto\">A Feira do Livro come\u00e7ou na Prefeitura antes mesmo da abertura das bancas. Desde o in\u00edcio de outubro o munic\u00edpio mobiliza secretarias e o Sanep em apoio \u00e0 realiza\u00e7\u00e3o do evento. A Secretaria de Urbanismo (Seurb) coordenou, desde o dia 3 deste m\u00eas, a obra de reforma no piso da pra\u00e7a, com a substitui\u00e7\u00e3o de 1,5 mil ladrilhos hidr\u00e1ulicos, conforme levantamento feito pela Secretaria de Cultura (Secult). A instala\u00e7\u00e3o das novas pe\u00e7as come\u00e7ou pela cal\u00e7ada da rua Lobo da Costa, por tr\u00eas trechos nos caminhos laterais dos banheiros e pelo redondo da pra\u00e7a. A obra ganhar\u00e1 uma pausa durante a Feira e ser\u00e1 retomada em seguida.<\/p>\n<p dir=\"auto\">Outra obra, no entanto, tamb\u00e9m com coordena\u00e7\u00e3o da Seurb, n\u00e3o ter\u00e1 direito \u00e0 pausa. Coincidindo com o evento, \u00e9 executada a etapa de escava\u00e7\u00e3o arqueol\u00f3gica que comp\u00f5e o cronograma de trabalhos de reforma dos banheiros da pra\u00e7a Coronel Pedro Os\u00f3rio. O processo que re\u00fane, al\u00e9m da Seurb, a Secretaria Municipal de Educa\u00e7\u00e3o (SME), \u00e9 feito em parceria com a Universidade Federal de Pelotas (UFPel), por meio dos cursos de Arqueologia e Artes Visuais. Tr\u00eas datas, 4, 6 e 7 de novembro, est\u00e3o confirmadas para a\u00e7\u00f5es de educa\u00e7\u00e3o patrimonial com alunos da rede municipal de ensino. Outras datas est\u00e3o dispon\u00edveis. Contato para agendamento pelo e-mail (<a href=\"https:\/\/www.pelotas.com.br\/noticia\/informacoesurbanas.seurb@pelotas.rs.gov.br\" target=\"_blank\" rel=\"noopener noreferrer\">informacoesurbanas.seurb@pelotas.rs.gov.br<\/a>).<\/p>\n<p dir=\"auto\">A Secretaria de Servi\u00e7os Urbanos e Infraestrutura (Ssui) tamb\u00e9m chegou antes na pra\u00e7a Coronel Pedro Os\u00f3rio para preparar o espa\u00e7o para a Feira do Livro. Equipe da Secretaria faz a pintura dos bancos de metal de toda a pra\u00e7a, executa servi\u00e7os de rotina e trocou as lumin\u00e1rias a\u00e9reas (p\u00e9talas). A Secretaria de Cultura (Secult), al\u00e9m de repassar recursos das emendas impositivas para a C\u00e2mara Pelotense do Livro, entidade respons\u00e1vel pela realiza\u00e7\u00e3o do evento, tamb\u00e9m tem papel na manuten\u00e7\u00e3o e qualifica\u00e7\u00e3o da pra\u00e7a para a Feira do Livro.<\/p>\n<p dir=\"auto\">A Secretaria de Transportes e Tr\u00e2nsito (STT) vai levar educa\u00e7\u00e3o e brincadeiras para a Feira do Livro, com a Escolinha de Tr\u00e2nsito. Al\u00e9m disso, o corpo de agentes da Secretaria realizar\u00e1 rondas frequentes durante todo o evento. Se a STT entrega seguran\u00e7a no tr\u00e2nsito, a Secretaria de Seguran\u00e7a P\u00fablica promove seguran\u00e7a na pra\u00e7a e no entorno. Al\u00e9m da presen\u00e7a de guardas municipais, a SSP conta com quatro c\u00e2meras, uma speed e tr\u00eas fixas, com direito a reconhecimento facial e de placas de ve\u00edculos.<\/p>\n<p dir=\"auto\">A Secretaria Municipal de Educa\u00e7\u00e3o (SME) refor\u00e7a a agenda de programa\u00e7\u00e3o da Feira, com a participa\u00e7\u00e3o di\u00e1ria de v\u00e1rias escolas da rede municipal de educa\u00e7\u00e3o infantil e fundamental que ir\u00e3o visitar os estandes, al\u00e9m das atividades liter\u00e1rias, l\u00fadicas e oficinas no espa\u00e7o denominado &#8220;Alameda das crian\u00e7as&#8221;. Institui\u00e7\u00f5es de ensino municipais tamb\u00e9m far\u00e3o apresenta\u00e7\u00f5es art\u00edsticas e culturais na tenda cultural. \u00c9 o caso das Emefs Garibaldi (projeto de M\u00fasica Garibaldi), Afonso Vizeu (Vozes em Movimento e coral Harmonia Viva), Independ\u00eancia (Dan\u00e7antes da Independ\u00eancia), Luiz Augusto Assump\u00e7\u00e3o (Il\u00ea Ay\u00ea -P\u00e9rolas Negras do Brasil (dan\u00e7a), al\u00e9m da apresenta\u00e7\u00e3o da Orquestra Estudantil, com m\u00fasicas eruditas e populares.<\/p>\n<p dir=\"auto\">O Sanep vai levar para a pra\u00e7a, \u00e0s ter\u00e7as e quintas-feiras, durante a realiza\u00e7\u00e3o da Feira do Livro, a exposi\u00e7\u00e3o Era uma vez o lixo\u2026, a cargo do N\u00facleo de Educa\u00e7\u00e3o Ambiental em Saneamento (Neas). A Prefeitura levar\u00e1, ainda, seus projetos e servi\u00e7os Nota Legal Pelotense ter\u00e3o um espa\u00e7o cativo ao lado do estande da C\u00e2mara de Vereadores.<\/p>\n<p dir=\"auto\">O Nota Legal Pelotense tamb\u00e9m se far\u00e1 presente na Feira para divulgar e incentivar a ades\u00e3o da popula\u00e7\u00e3o ao programa. Institu\u00eddo pela lei 6.397\/2016, tem como objetivo estimular a cidadania, a justi\u00e7a fiscal e estabelecer a concorr\u00eancia leal na presta\u00e7\u00e3o de servi\u00e7os. Para participar e concorrer a pr\u00eamios em dinheiro que v\u00e3o de R$ 250,00 a R$ 3 mil \u00e9 necess\u00e1rio que o usu\u00e1rio fa\u00e7a o cadastramento por meio do site<a href=\"https:\/\/www.pelotas.com.br\/noticia\/notalegal.pelotas.rs.gov.br\" target=\"_blank\" rel=\"noopener noreferrer\">\u00a0notalegal.pelotas.rs.gov.br<\/a>. A ades\u00e3o ajuda a combater a sonega\u00e7\u00e3o fiscal, incrementa a arrecada\u00e7\u00e3o de impostos que ser\u00e3o revertidos pelo munic\u00edpio com o aumento dos investimentos em servi\u00e7os e obras na cidade.<\/p>\n","protected":false},"excerpt":{"rendered":"<p>A Feira do Livro, cujo tema este ano \u00e9 \u201cA vida acontece em cap\u00edtulos\u201d, se estende at\u00e9 o dia 16 de novembro A\u00a051\u00aa edi\u00e7\u00e3o da Feira do Livro\u00a0foi oficialmente aberta<\/p>\n","protected":false},"author":34,"featured_media":148692,"comment_status":"closed","ping_status":"closed","sticky":false,"template":"","format":"standard","meta":[],"categories":[305,149],"tags":[],"_links":{"self":[{"href":"https:\/\/diariodamanhapelotas.com.br\/site\/wp-json\/wp\/v2\/posts\/148691"}],"collection":[{"href":"https:\/\/diariodamanhapelotas.com.br\/site\/wp-json\/wp\/v2\/posts"}],"about":[{"href":"https:\/\/diariodamanhapelotas.com.br\/site\/wp-json\/wp\/v2\/types\/post"}],"author":[{"embeddable":true,"href":"https:\/\/diariodamanhapelotas.com.br\/site\/wp-json\/wp\/v2\/users\/34"}],"replies":[{"embeddable":true,"href":"https:\/\/diariodamanhapelotas.com.br\/site\/wp-json\/wp\/v2\/comments?post=148691"}],"version-history":[{"count":1,"href":"https:\/\/diariodamanhapelotas.com.br\/site\/wp-json\/wp\/v2\/posts\/148691\/revisions"}],"predecessor-version":[{"id":148693,"href":"https:\/\/diariodamanhapelotas.com.br\/site\/wp-json\/wp\/v2\/posts\/148691\/revisions\/148693"}],"wp:featuredmedia":[{"embeddable":true,"href":"https:\/\/diariodamanhapelotas.com.br\/site\/wp-json\/wp\/v2\/media\/148692"}],"wp:attachment":[{"href":"https:\/\/diariodamanhapelotas.com.br\/site\/wp-json\/wp\/v2\/media?parent=148691"}],"wp:term":[{"taxonomy":"category","embeddable":true,"href":"https:\/\/diariodamanhapelotas.com.br\/site\/wp-json\/wp\/v2\/categories?post=148691"},{"taxonomy":"post_tag","embeddable":true,"href":"https:\/\/diariodamanhapelotas.com.br\/site\/wp-json\/wp\/v2\/tags?post=148691"}],"curies":[{"name":"wp","href":"https:\/\/api.w.org\/{rel}","templated":true}]}}