{"id":148694,"date":"2025-11-01T11:35:45","date_gmt":"2025-11-01T14:35:45","guid":{"rendered":"https:\/\/diariodamanhapelotas.com.br\/site\/?p=148694"},"modified":"2025-11-01T11:35:45","modified_gmt":"2025-11-01T14:35:45","slug":"exposicao-memorial-das-aguas-fica-no-largo-do-mercado-ate-dia-20","status":"publish","type":"post","link":"https:\/\/diariodamanhapelotas.com.br\/site\/exposicao-memorial-das-aguas-fica-no-largo-do-mercado-ate-dia-20\/","title":{"rendered":"Exposi\u00e7\u00e3o \u201cMemorial das \u00c1guas\u201d fica no Largo do Mercado at\u00e9 dia 20"},"content":{"rendered":"<h3 style=\"text-align: center;\"><em>As fotografias trazem a desola\u00e7\u00e3o causada pela enchente de 2024, mas tamb\u00e9m dos aspectos humanos e atitudes solid\u00e1rias com as pessoas afetadas<\/em><\/h3>\n<p>Cen\u00e1rios inundados, imagens a\u00e9reas, paisagens com reflexos d&#8217;\u00e1gua, detalhes da desola\u00e7\u00e3o causada pela enchente de 2024 no Rio Grande do Sul e, sobretudo, registros de pessoas ajudando outras pessoas e animais. A solidariedade \u00e9 o foco de boa parte das 80 fotografias de Pelotas, Porto Alegre, Cachoeira do Sul e Lajeado, distribu\u00eddas em ambos os lados de oito pain\u00e9is que comp\u00f5em a primeira exposi\u00e7\u00e3o coletiva em Pelotas do projeto \u201cMemorial das \u00c1guas\u201d. Sob o t\u00edtulo \u201cGratid\u00e3o\u201d, a exposi\u00e7\u00e3o pode ser vista no Largo Edmar Fetter (Mercado Central), no Centro Hist\u00f3rico do munic\u00edpio, at\u00e9 o dia 20 de novembro.<\/p>\n<p dir=\"auto\">A Prefeitura, por meio da Secretaria de Cultura (Secult), \u00e9 apoiadora institucional da iniciativa da Galeria Escadaria e Clube Arte para Todos, viabilizada pela Lei Rouanet, que engloba cinco exposi\u00e7\u00f5es fotogr\u00e1ficas, a c\u00e9u aberto, em Pelotas e Porto Alegre, com foco nas mem\u00f3rias, hist\u00f3rias e impactos da enchente de 2024 no Rio Grande do Sul.<\/p>\n<p dir=\"auto\">Esta \u00e9 a quarta exposi\u00e7\u00e3o do projeto, que tem curadoria do designer gr\u00e1fico, fot\u00f3grafo e produtor cultural Marcos Monteiro, e a primeira em Pelotas. A segunda, \u201cRetomada\u201d, ocorre de 22 novembro a 20 dezembro, tamb\u00e9m estar\u00e1 no Largo do Mercado.<\/p>\n<p dir=\"auto\">Foto: Volmer Perez\/Secom<\/p>\n","protected":false},"excerpt":{"rendered":"<p>As fotografias trazem a desola\u00e7\u00e3o causada pela enchente de 2024, mas tamb\u00e9m dos aspectos humanos e atitudes solid\u00e1rias com as pessoas afetadas Cen\u00e1rios inundados, imagens a\u00e9reas, paisagens com reflexos d&#8217;\u00e1gua,<\/p>\n","protected":false},"author":34,"featured_media":148695,"comment_status":"closed","ping_status":"closed","sticky":false,"template":"","format":"standard","meta":[],"categories":[305,149],"tags":[],"_links":{"self":[{"href":"https:\/\/diariodamanhapelotas.com.br\/site\/wp-json\/wp\/v2\/posts\/148694"}],"collection":[{"href":"https:\/\/diariodamanhapelotas.com.br\/site\/wp-json\/wp\/v2\/posts"}],"about":[{"href":"https:\/\/diariodamanhapelotas.com.br\/site\/wp-json\/wp\/v2\/types\/post"}],"author":[{"embeddable":true,"href":"https:\/\/diariodamanhapelotas.com.br\/site\/wp-json\/wp\/v2\/users\/34"}],"replies":[{"embeddable":true,"href":"https:\/\/diariodamanhapelotas.com.br\/site\/wp-json\/wp\/v2\/comments?post=148694"}],"version-history":[{"count":2,"href":"https:\/\/diariodamanhapelotas.com.br\/site\/wp-json\/wp\/v2\/posts\/148694\/revisions"}],"predecessor-version":[{"id":148697,"href":"https:\/\/diariodamanhapelotas.com.br\/site\/wp-json\/wp\/v2\/posts\/148694\/revisions\/148697"}],"wp:featuredmedia":[{"embeddable":true,"href":"https:\/\/diariodamanhapelotas.com.br\/site\/wp-json\/wp\/v2\/media\/148695"}],"wp:attachment":[{"href":"https:\/\/diariodamanhapelotas.com.br\/site\/wp-json\/wp\/v2\/media?parent=148694"}],"wp:term":[{"taxonomy":"category","embeddable":true,"href":"https:\/\/diariodamanhapelotas.com.br\/site\/wp-json\/wp\/v2\/categories?post=148694"},{"taxonomy":"post_tag","embeddable":true,"href":"https:\/\/diariodamanhapelotas.com.br\/site\/wp-json\/wp\/v2\/tags?post=148694"}],"curies":[{"name":"wp","href":"https:\/\/api.w.org\/{rel}","templated":true}]}}