{"id":148705,"date":"2025-11-03T08:39:18","date_gmt":"2025-11-03T11:39:18","guid":{"rendered":"https:\/\/diariodamanhapelotas.com.br\/site\/?p=148705"},"modified":"2025-11-03T08:39:18","modified_gmt":"2025-11-03T11:39:18","slug":"pelotas-adere-a-campanha-internacional-novembro-azul","status":"publish","type":"post","link":"https:\/\/diariodamanhapelotas.com.br\/site\/pelotas-adere-a-campanha-internacional-novembro-azul\/","title":{"rendered":"Pelotas adere \u00e0 campanha internacional Novembro Azul"},"content":{"rendered":"<h3 style=\"text-align: center;\"><em>Sa\u00fade masculina entra em evid\u00eancia durante o m\u00eas que destaca a import\u00e2ncia da preven\u00e7\u00e3o e diagn\u00f3stico precoce do c\u00e2ncer de pr\u00f3stata<\/em><\/h3>\n<p><span style=\"font-style: inherit; font-weight: inherit;\"><span style=\"font-size: medium;\">A Prefeitura de Pelotas, por interm\u00e9dio da Secretaria Municipal de Sa\u00fade (SMS), adere \u00e0 campanha internacional Novembro Azul. A diretoria da Aten\u00e7\u00e3o Prim\u00e1ria \u00e0 Sa\u00fade prepara as Unidades B\u00e1sicas de Sa\u00fade (UBSs) para priorizarem a divulga\u00e7\u00e3o sobre a import\u00e2ncia da preven\u00e7\u00e3o e diagn\u00f3stico precoce do c\u00e2ncer de pr\u00f3stata, visando ao tratamento adequado, que pode levar a taxas de cura de at\u00e9 97%. Est\u00e3o em elabora\u00e7\u00e3o atividades espec\u00edficas nas Unidades, voltadas \u00e0 sa\u00fade masculina.<\/span><\/span><\/p>\n<p><span style=\"font-style: inherit; font-weight: inherit;\"><span style=\"font-size: medium;\">Os exames de rastreamento, como toque retal e Ant\u00edgeno Prost\u00e1tico Espec\u00edfico (PSA), s\u00e3o defendidos pela Sociedade Brasileira de Urologia, pelos profissionais, como principais aliados para detec\u00e7\u00e3o precoce do c\u00e2ncer de pr\u00f3stata. Embora o Minist\u00e9rio da Sa\u00fade traga a obrigatoriedade de tais exames, a Aten\u00e7\u00e3o B\u00e1sica frisa que \u00e9 importante visitar o m\u00e9dico ou enfermeiro da UBS, de maneira regular para a consulta, onde ser\u00e1 feito o acompanhamento individualizado e, caso necess\u00e1rio, ser\u00e1 realizado exame f\u00edsico espec\u00edfico ou solicitado PSA.<\/span><\/span><\/p>\n<p><span style=\"font-style: inherit; font-weight: inherit;\"><span style=\"font-size: medium;\">A SMS orienta o p\u00fablico masculino para priorizar consultas regulares com a Unidade B\u00e1sica de Sa\u00fade em todas as idades, mas para essa doen\u00e7a, principalmente, ap\u00f3s os 50 anos. Para casos com hist\u00f3rico familiar masculino pr\u00f3ximo de c\u00e2ncer de pr\u00f3stata, ou familiares femininos com alguns tipos de c\u00e2ncer de mama ou ov\u00e1rio, a idade cai para 45 anos ou 10 anos antes do acometimento da doen\u00e7a do familiar. Para todas as faixas et\u00e1rias, a alimenta\u00e7\u00e3o adequada e h\u00e1bitos saud\u00e1veis, como praticar atividades f\u00edsicas, n\u00e3o beber ou fumar, s\u00e3o recomendados como as melhores possibilidades de preven\u00e7\u00e3o \u00e0 doen\u00e7a.<\/span><\/span><\/p>\n<p><span style=\"font-style: inherit; font-weight: inherit;\"><span style=\"font-size: medium;\">Apesar da campanha novembro azul ser direcionada \u00e0 preven\u00e7\u00e3o do c\u00e2ncer de pr\u00f3stata, este \u00e9 um m\u00eas de chamado \u00e0 aten\u00e7\u00e3o integral \u00e0 sa\u00fade do homem, como a necessidade de visitas regulares \u00e0 UBS para exames de rastreio para demais doen\u00e7as e preven\u00e7\u00e3o \u00e0 sa\u00fade como vacinas e tamb\u00e9m demais cuidados.<\/span><\/span><\/p>\n","protected":false},"excerpt":{"rendered":"<p>Sa\u00fade masculina entra em evid\u00eancia durante o m\u00eas que destaca a import\u00e2ncia da preven\u00e7\u00e3o e diagn\u00f3stico precoce do c\u00e2ncer de pr\u00f3stata A Prefeitura de Pelotas, por interm\u00e9dio da Secretaria Municipal<\/p>\n","protected":false},"author":3,"featured_media":81508,"comment_status":"closed","ping_status":"closed","sticky":false,"template":"","format":"standard","meta":[],"categories":[305,150],"tags":[],"_links":{"self":[{"href":"https:\/\/diariodamanhapelotas.com.br\/site\/wp-json\/wp\/v2\/posts\/148705"}],"collection":[{"href":"https:\/\/diariodamanhapelotas.com.br\/site\/wp-json\/wp\/v2\/posts"}],"about":[{"href":"https:\/\/diariodamanhapelotas.com.br\/site\/wp-json\/wp\/v2\/types\/post"}],"author":[{"embeddable":true,"href":"https:\/\/diariodamanhapelotas.com.br\/site\/wp-json\/wp\/v2\/users\/3"}],"replies":[{"embeddable":true,"href":"https:\/\/diariodamanhapelotas.com.br\/site\/wp-json\/wp\/v2\/comments?post=148705"}],"version-history":[{"count":1,"href":"https:\/\/diariodamanhapelotas.com.br\/site\/wp-json\/wp\/v2\/posts\/148705\/revisions"}],"predecessor-version":[{"id":148707,"href":"https:\/\/diariodamanhapelotas.com.br\/site\/wp-json\/wp\/v2\/posts\/148705\/revisions\/148707"}],"wp:featuredmedia":[{"embeddable":true,"href":"https:\/\/diariodamanhapelotas.com.br\/site\/wp-json\/wp\/v2\/media\/81508"}],"wp:attachment":[{"href":"https:\/\/diariodamanhapelotas.com.br\/site\/wp-json\/wp\/v2\/media?parent=148705"}],"wp:term":[{"taxonomy":"category","embeddable":true,"href":"https:\/\/diariodamanhapelotas.com.br\/site\/wp-json\/wp\/v2\/categories?post=148705"},{"taxonomy":"post_tag","embeddable":true,"href":"https:\/\/diariodamanhapelotas.com.br\/site\/wp-json\/wp\/v2\/tags?post=148705"}],"curies":[{"name":"wp","href":"https:\/\/api.w.org\/{rel}","templated":true}]}}