{"id":148710,"date":"2025-11-03T14:09:40","date_gmt":"2025-11-03T17:09:40","guid":{"rendered":"https:\/\/diariodamanhapelotas.com.br\/site\/?p=148710"},"modified":"2025-11-03T14:09:40","modified_gmt":"2025-11-03T17:09:40","slug":"prefeitura-divulga-lista-dos-contemplados-do-terra-forte","status":"publish","type":"post","link":"https:\/\/diariodamanhapelotas.com.br\/site\/prefeitura-divulga-lista-dos-contemplados-do-terra-forte\/","title":{"rendered":"Prefeitura divulga lista dos contemplados do Terra Forte"},"content":{"rendered":"<h3 style=\"text-align: center;\"><em>Cem produtores rurais titulares e 35 suplentes foram definidos em reuni\u00e3o extraordin\u00e1ria do Comder<\/em><\/h3>\n<p><span style=\"font-style: inherit; font-weight: inherit;\"><span style=\"font-size: medium;\">A Prefeitura de Pelotas, somando-se a \u00f3rg\u00e3os, institui\u00e7\u00f5es e entidades, est\u00e1 divulgando a listagem dos 100 produtores rurais de Pelotas e dos 35 suplentes beneficiados pelo programa Terra Forte do governo do Estado. Os contemplados foram definidos em reuni\u00e3o extraordin\u00e1ria do Conselho Municipal de Desenvolvimento Rural (Comder), conforme regulamenta\u00e7\u00e3o, a partir da nominata de inscritos e habilitados fornecida pela Emater.<\/span><\/span><\/p>\n<p><span style=\"font-style: inherit; font-weight: inherit;\"><span style=\"font-size: medium;\">A secret\u00e1ria da diretoria do Comder e chefe do setor de Apoio \u00e0 Agricultura Familiar da Secretaria de Desenvolvimento Rural (SDR) da Prefeitura, Rejane Jorge, informa que cada produtor selecionado dever\u00e1 receber o aux\u00edlio de R$ 30 mil para implanta\u00e7\u00e3o de projeto em sua propriedade. O programa Terra Forte ser\u00e1 empreendido em tr\u00eas etapas \u2013 a primeira, com 33 agricultores, a segunda, tamb\u00e9m com 33 e a \u00faltima com 34, totalizando 100.<\/span><\/span><\/p>\n<p><span style=\"font-style: inherit; font-weight: inherit;\"><span style=\"font-size: medium;\">Al\u00e9m da Prefeitura, com publiciza\u00e7\u00e3o da lista dos contemplados em arquivo PDF anexo a esta mat\u00e9ria, \u00e9 objetivo do Comder que parceiros, como Emater, Sindicato dos Trabalhadores Agricultores Familiares de Pelotas, Poder Legislativo, Secretaria de Desenvolvimento Rural e outros, fixem a nominata em murais de suas sedes.<\/span><\/span><\/p>\n<p><span style=\"font-style: inherit; font-weight: inherit;\"><span style=\"font-size: medium;\">A Opera\u00e7\u00e3o Terra Forte foi idealizada pelo governo do Estado para promover a recupera\u00e7\u00e3o socioprodutiva e ambiental de propriedades rurais, com aten\u00e7\u00e3o \u00e0 conserva\u00e7\u00e3o do solo. Em Pelotas, 100 fam\u00edlias beneficiadas receber\u00e3o o aux\u00edlio financeiro de R$ 30 mil para investimentos. O processo de inscri\u00e7\u00e3o das fam\u00edlias beneficiadas transcorreu sob responsabilidade da Emater\/RS. Ao Comder, coube a sele\u00e7\u00e3o entre os habilitados e, a todos os envolvidos, compete a divulga\u00e7\u00e3o.<\/span><\/span><\/p>\n<h4 style=\"text-align: center;\">Contemplados<\/h4>\n<table width=\"687\">\n<tbody>\n<tr>\n<td colspan=\"3\" width=\"568\"><strong>Rela\u00e7\u00e3o de Candidatos selecionados e Suplentes <\/strong><\/td>\n<td width=\"118\">&nbsp;<\/td>\n<\/tr>\n<tr>\n<td width=\"288\"><strong>Nome <\/strong><\/td>\n<td width=\"159\"><strong>Atividade Produtiva<\/strong><\/td>\n<td width=\"121\"><strong>Localidade<\/strong><\/td>\n<td width=\"118\"><strong>Situa\u00e7\u00e3o<\/strong><\/td>\n<\/tr>\n<tr>\n<td width=\"288\">GIOVANE KUHN<\/td>\n<td width=\"159\">Leite<\/td>\n<td width=\"121\">4\u00ba Distrito<\/td>\n<td width=\"118\">Fase 1<\/td>\n<\/tr>\n<tr>\n<td width=\"288\">MURILO SCHWANKE NEITZKE<\/td>\n<td width=\"159\">Leite<\/td>\n<td width=\"121\">3\u00ba Distrito<\/td>\n<td width=\"118\">Fase 1<\/td>\n<\/tr>\n<tr>\n<td width=\"288\">LEOMAR PETER<\/td>\n<td width=\"159\">Leite<\/td>\n<td width=\"121\">3\u00ba Distrito<\/td>\n<td width=\"118\">Fase 1<\/td>\n<\/tr>\n<tr>\n<td width=\"288\">JAIRO RODRIGO JAEKEL BIRGIMANN<\/td>\n<td width=\"159\">Leite<\/td>\n<td width=\"121\">3\u00ba Distrito<\/td>\n<td width=\"118\">Fase 1<\/td>\n<\/tr>\n<tr>\n<td width=\"288\">NERLEI BEATRIZ BECKER FISS<\/td>\n<td width=\"159\">Leite<\/td>\n<td width=\"121\">3\u00ba Distrito<\/td>\n<td width=\"118\">Fase 1<\/td>\n<\/tr>\n<tr>\n<td width=\"288\">DENISE DOS SANTOS DALLMANN<\/td>\n<td width=\"159\">Olericultura<\/td>\n<td width=\"121\">6\u00ba Distrito<\/td>\n<td width=\"118\">Fase 1<\/td>\n<\/tr>\n<tr>\n<td width=\"288\">CLEIA REJANE BONOW BORN<\/td>\n<td width=\"159\">Fumo<\/td>\n<td width=\"121\">4\u00ba Distrito<\/td>\n<td width=\"118\">Fase 1<\/td>\n<\/tr>\n<tr>\n<td width=\"288\">WILLIAM DA SILVEIRA SCHAUN<\/td>\n<td width=\"159\">Olericultura<\/td>\n<td width=\"121\">5\u00ba Distrito<\/td>\n<td width=\"118\">Fase 1<\/td>\n<\/tr>\n<tr>\n<td width=\"288\">MARIO ROG\u00e9RIO MILECH<\/td>\n<td width=\"159\">Fruticultura<\/td>\n<td width=\"121\">6\u00ba Distrito<\/td>\n<td width=\"118\">Fase 1<\/td>\n<\/tr>\n<tr>\n<td width=\"288\">CARLISE HECKLER PERLEBERG<\/td>\n<td width=\"159\">Olericultura<\/td>\n<td width=\"121\">2\u00ba Distrito<\/td>\n<td width=\"118\">Fase 1<\/td>\n<\/tr>\n<tr>\n<td width=\"288\">JULIANO BARCELLOS FRANCH<\/td>\n<td width=\"159\">Olericultura<\/td>\n<td width=\"121\">9\u00ba Distrito<\/td>\n<td width=\"118\">Fase 1<\/td>\n<\/tr>\n<tr>\n<td width=\"288\">CARLOS GILVANI M\u00fcLLER BENEMANN<\/td>\n<td width=\"159\">Olericultura<\/td>\n<td width=\"121\">9\u00ba Distrito<\/td>\n<td width=\"118\">Fase 1<\/td>\n<\/tr>\n<tr>\n<td width=\"288\">MATEUS KLUG SCHRODER<\/td>\n<td width=\"159\">Fumicultura<\/td>\n<td width=\"121\">6\u00ba Distrito<\/td>\n<td width=\"118\">Fase 1<\/td>\n<\/tr>\n<tr>\n<td width=\"288\">MATHEUS BARCELLOS WERHLI<\/td>\n<td width=\"159\">Fruticultura<\/td>\n<td width=\"121\">5\u00ba Distrito<\/td>\n<td width=\"118\">Fase 1<\/td>\n<\/tr>\n<tr>\n<td width=\"288\">EDUARDO SCHEUTZOW<\/td>\n<td width=\"159\">Fruticultura<\/td>\n<td width=\"121\">5\u00ba Distrito<\/td>\n<td width=\"118\">Fase 1<\/td>\n<\/tr>\n<tr>\n<td width=\"288\">ANDRE SCHEUTZON<\/td>\n<td width=\"159\">Fruticultura<\/td>\n<td width=\"121\">5\u00ba Distrito<\/td>\n<td width=\"118\">Fase 1<\/td>\n<\/tr>\n<tr>\n<td width=\"288\">ELISABET DA SILVA<\/td>\n<td width=\"159\">Olericultura<\/td>\n<td width=\"121\">4\u00ba Distrito<\/td>\n<td width=\"118\">Fase 1<\/td>\n<\/tr>\n<tr>\n<td width=\"288\">CLEUSA MARIA GOVEIA DE CAMPOS<\/td>\n<td width=\"159\">Olericultura<\/td>\n<td width=\"121\">7\u00ba Distrito<\/td>\n<td width=\"118\">Fase 1<\/td>\n<\/tr>\n<tr>\n<td width=\"288\">RAQUEL GOVEIA DA ROSA<\/td>\n<td width=\"159\">Fruticultura<\/td>\n<td width=\"121\">8\u00ba Distrito<\/td>\n<td width=\"118\">Fase 1<\/td>\n<\/tr>\n<tr>\n<td width=\"288\">ROG\u00e9RIO LUVIER VIEIRA<\/td>\n<td width=\"159\">Fruticultura<\/td>\n<td width=\"121\">7\u00ba Distrito<\/td>\n<td width=\"118\">Fase 1<\/td>\n<\/tr>\n<tr>\n<td width=\"288\">EDILEIA MANKE RADKE<\/td>\n<td width=\"159\">Leite<\/td>\n<td width=\"121\">3\u00ba Distrito<\/td>\n<td width=\"118\">Fase 1<\/td>\n<\/tr>\n<tr>\n<td width=\"288\">M\u00e1RCIA ANDR\u00e9IA SCHEUNEMANN FRANK<\/td>\n<td width=\"159\">Fumicultura<\/td>\n<td width=\"121\">6\u00ba Distrito<\/td>\n<td width=\"118\">Fase 1<\/td>\n<\/tr>\n<tr>\n<td width=\"288\">WELLINGTON LUA HARTWIG<\/td>\n<td width=\"159\">Leite<\/td>\n<td width=\"121\">3\u00ba Distrito<\/td>\n<td width=\"118\">Fase 1<\/td>\n<\/tr>\n<tr>\n<td width=\"288\">CARLOS FERNANDO WITTE<\/td>\n<td width=\"159\">Gr\u00e3os<\/td>\n<td width=\"121\">3\u00ba Distrito<\/td>\n<td width=\"118\">Fase 1<\/td>\n<\/tr>\n<tr>\n<td width=\"288\">HENRIQUE PRIEBE RETZLAFF<\/td>\n<td width=\"159\">Leite<\/td>\n<td width=\"121\">3\u00ba Distrito<\/td>\n<td width=\"118\">Fase 1<\/td>\n<\/tr>\n<tr>\n<td width=\"288\">KAROLAIN KLUG SCHILLER<\/td>\n<td width=\"159\">Olericultura<\/td>\n<td width=\"121\">7\u00ba Distrito<\/td>\n<td width=\"118\">Fase 1<\/td>\n<\/tr>\n<tr>\n<td width=\"288\">MARLON SCHEER SCHWONKE<\/td>\n<td width=\"159\">Olericultura<\/td>\n<td width=\"121\">7\u00ba Distrito<\/td>\n<td width=\"118\">Fase 1<\/td>\n<\/tr>\n<tr>\n<td width=\"288\">THAIN\u00e3 ZITZKE M\u00fcLLER<\/td>\n<td width=\"159\">Gr\u00e3os<\/td>\n<td width=\"121\">3\u00ba Distrito<\/td>\n<td width=\"118\">Fase 1<\/td>\n<\/tr>\n<tr>\n<td width=\"288\">P\u00e2MELA WEBER B\u00f6HMER<\/td>\n<td width=\"159\">Olericultura<\/td>\n<td width=\"121\">3\u00ba Distrito<\/td>\n<td width=\"118\">Fase 1<\/td>\n<\/tr>\n<tr>\n<td width=\"288\">LUAN AGUIAR ROMIG<\/td>\n<td width=\"159\">Gr\u00e3os<\/td>\n<td width=\"121\">4\u00ba Distrito<\/td>\n<td width=\"118\">Fase 1<\/td>\n<\/tr>\n<tr>\n<td width=\"288\">ERIC KURZ MIELKE<\/td>\n<td width=\"159\">Fruticultura<\/td>\n<td width=\"121\">8\u00aa Distrito<\/td>\n<td width=\"118\">Fase 1<\/td>\n<\/tr>\n<tr>\n<td width=\"288\">JULICK COUTINHO DE OLIVEIRA<\/td>\n<td width=\"159\">Fruticultura<\/td>\n<td width=\"121\">7\u00ba Distrito<\/td>\n<td width=\"118\">Fase 1<\/td>\n<\/tr>\n<tr>\n<td width=\"288\">SINARA VAHL HARTWIG<\/td>\n<td width=\"159\">Olericultura<\/td>\n<td width=\"121\">3\u00ba Distrito<\/td>\n<td width=\"118\">Fase 1<\/td>\n<\/tr>\n<tr>\n<td width=\"288\">ANDRIO DE MEDEIROS<\/td>\n<td width=\"159\">Olericultura<\/td>\n<td width=\"121\">7\u00ba Distrito<\/td>\n<td width=\"118\">Fase 2<\/td>\n<\/tr>\n<tr>\n<td width=\"288\">ALEXANDRE AUGUSTO VAHL<\/td>\n<td width=\"159\">Fruticultura<\/td>\n<td width=\"121\">7\u00ba Distrito<\/td>\n<td width=\"118\">Fase 2<\/td>\n<\/tr>\n<tr>\n<td width=\"288\">ANGELITA ROJAHN<\/td>\n<td width=\"159\">Fruticultura<\/td>\n<td width=\"121\">7\u00ba Distrito<\/td>\n<td width=\"118\">Fase 2<\/td>\n<\/tr>\n<tr>\n<td width=\"288\">TAEL DA ROSA BOHRER<\/td>\n<td width=\"159\">Olericultura<\/td>\n<td width=\"121\">8\u00ba Distrito<\/td>\n<td width=\"118\">Fase 2<\/td>\n<\/tr>\n<tr>\n<td width=\"288\">ADEMIR DA SILVA<\/td>\n<td width=\"159\">Fruticultura<\/td>\n<td width=\"121\">7\u00ba Distrito<\/td>\n<td width=\"118\">Fase 2<\/td>\n<\/tr>\n<tr>\n<td width=\"288\">RUDINEI LUVIER<\/td>\n<td width=\"159\">Olericultura<\/td>\n<td width=\"121\">7\u00ba Distrito<\/td>\n<td width=\"118\">Fase 2<\/td>\n<\/tr>\n<tr>\n<td width=\"288\">JULIA LUVIER ROCHA<\/td>\n<td width=\"159\">Fruticultura<\/td>\n<td width=\"121\">7\u00ba Distrito<\/td>\n<td width=\"118\">Fase 2<\/td>\n<\/tr>\n<tr>\n<td width=\"288\">ENDRIW DORNELLES RIVAROLI<\/td>\n<td width=\"159\">Fruticultura<\/td>\n<td width=\"121\">7\u00ba Distrito<\/td>\n<td width=\"118\">Fase 2<\/td>\n<\/tr>\n<tr>\n<td width=\"288\">BEATRIZ LEITZKE MULLER<\/td>\n<td width=\"159\">Leite<\/td>\n<td width=\"121\">3\u00ba Distrito<\/td>\n<td width=\"118\">Fase 2<\/td>\n<\/tr>\n<tr>\n<td width=\"288\">ANDREA REGINA MOLINA JAEKEL BENDER<\/td>\n<td width=\"159\">Fruticultura<\/td>\n<td width=\"121\">7\u00ba Distrito<\/td>\n<td width=\"118\">Fase 2<\/td>\n<\/tr>\n<\/tbody>\n<\/table>\n<p>&nbsp;<\/p>\n<table width=\"687\">\n<tbody>\n<tr>\n<td width=\"288\">WILSON HELLER<\/td>\n<td width=\"159\">Fumicultura<\/td>\n<td width=\"121\">4\u00ba Distrito<\/td>\n<td width=\"118\">Fase 2<\/td>\n<\/tr>\n<tr>\n<td width=\"288\">MARCOS SALVADOR<\/td>\n<td width=\"159\">Olericultura<\/td>\n<td width=\"121\">5\u00ba Distrito<\/td>\n<td width=\"118\">Fase 2<\/td>\n<\/tr>\n<tr>\n<td width=\"288\">MARIA VILHALVA OLIVEIRA<\/td>\n<td width=\"159\">Olericultura<\/td>\n<td width=\"121\">8\u00ba Distrito<\/td>\n<td width=\"118\">Fase 2<\/td>\n<\/tr>\n<tr>\n<td width=\"288\">DANIEL PERLEBERG NEITZKE<\/td>\n<td width=\"159\">Fruticultura<\/td>\n<td width=\"121\">3\u00ba Distrito<\/td>\n<td width=\"118\">Fase 2<\/td>\n<\/tr>\n<tr>\n<td width=\"288\">ENOIR BELLETTI SCHMIDT<\/td>\n<td width=\"159\">Fruticultura<\/td>\n<td width=\"121\">7\u00ba Distrito<\/td>\n<td width=\"118\">Fase 2<\/td>\n<\/tr>\n<tr>\n<td width=\"288\">FABRICIO MIELKE KURZ<\/td>\n<td width=\"159\">Fruticultura<\/td>\n<td width=\"121\">8\u00ba Distrito<\/td>\n<td width=\"118\">Fase 2<\/td>\n<\/tr>\n<tr>\n<td width=\"288\">FELIPE LEMOS<\/td>\n<td width=\"159\">Pecu\u00e1ria de corte<\/td>\n<td width=\"121\">4\u00ba Distrito<\/td>\n<td width=\"118\">Fase 2<\/td>\n<\/tr>\n<tr>\n<td width=\"288\">IVO GILBERTO SCHEUNEMANN<\/td>\n<td width=\"159\">Olericultura<\/td>\n<td width=\"121\">9\u00ba Distrito<\/td>\n<td width=\"118\">Fase 2<\/td>\n<\/tr>\n<tr>\n<td width=\"288\">VANIA MIELKE HARTER<\/td>\n<td width=\"159\">Fumicultura<\/td>\n<td width=\"121\">6\u00ba Distrito<\/td>\n<td width=\"118\">Fase 2<\/td>\n<\/tr>\n<tr>\n<td width=\"288\">NERVITON BARCELLOS CARNIATO<\/td>\n<td width=\"159\">Fruticultura<\/td>\n<td width=\"121\">8\u00ba Distrito<\/td>\n<td width=\"118\">Fase 2<\/td>\n<\/tr>\n<tr>\n<td width=\"288\">MARCELA MILGAREJO SOUZA<\/td>\n<td width=\"159\">Fruticultura<\/td>\n<td width=\"121\">5\u00ba Distrito<\/td>\n<td width=\"118\">Fase 2<\/td>\n<\/tr>\n<tr>\n<td width=\"288\">LUCAS VARLEI WREGE<\/td>\n<td width=\"159\">Fruticultura<\/td>\n<td width=\"121\">7\u00ba Distrito<\/td>\n<td width=\"118\">Fase 2<\/td>\n<\/tr>\n<tr>\n<td width=\"288\">ARMINDO PEIL STEIN<\/td>\n<td width=\"159\">Fruticultura<\/td>\n<td width=\"121\">8\u00ba Distrito<\/td>\n<td width=\"118\">Fase 2<\/td>\n<\/tr>\n<tr>\n<td width=\"288\">MOIS\u00e9S VENZKE GREINKE<\/td>\n<td width=\"159\">Fruticultura<\/td>\n<td width=\"121\">3\u00ba Distrito<\/td>\n<td width=\"118\">Fase 2<\/td>\n<\/tr>\n<tr>\n<td width=\"288\">JULIANO ZUGE<\/td>\n<td width=\"159\">Gr\u00e3os<\/td>\n<td width=\"121\">6\u00ba Distrito<\/td>\n<td width=\"118\">Fase 2<\/td>\n<\/tr>\n<tr>\n<td width=\"288\">FADRIQUI PETER MULLER<\/td>\n<td width=\"159\">Gr\u00e3os<\/td>\n<td width=\"121\">7\u00ba Distrito<\/td>\n<td width=\"118\">Fase 2<\/td>\n<\/tr>\n<tr>\n<td width=\"288\">CLEDIR BIERHALS<\/td>\n<td width=\"159\">Pecu\u00e1ria de leite<\/td>\n<td width=\"121\">4\u00ba Distrito<\/td>\n<td width=\"118\">Fase 2<\/td>\n<\/tr>\n<tr>\n<td width=\"288\">EDER KRAUSE HARTWIG<\/td>\n<td width=\"159\">Gr\u00e3os<\/td>\n<td width=\"121\">4\u00ba Distrito<\/td>\n<td width=\"118\">Fase 2<\/td>\n<\/tr>\n<tr>\n<td width=\"288\">DANIELA ACOSTA AGUERO<\/td>\n<td width=\"159\">Pecur\u00e1ria de Leite<\/td>\n<td width=\"121\">3\u00aa Distrito<\/td>\n<td width=\"118\">Fase 2<\/td>\n<\/tr>\n<tr>\n<td width=\"288\">ILDA KEMS FERREIRA<\/td>\n<td width=\"159\">Pecu\u00e1ria de leite<\/td>\n<td width=\"121\">5\u00ba Distrito<\/td>\n<td width=\"118\">Fase 2<\/td>\n<\/tr>\n<tr>\n<td width=\"288\">JONES CRISTIANO WRUCK<\/td>\n<td width=\"159\">Pecu\u00e1ria de leite<\/td>\n<td width=\"121\">6\u00ba Distrito<\/td>\n<td width=\"118\">Fase 2<\/td>\n<\/tr>\n<tr>\n<td width=\"288\">JOS\u00c9 SOUZA IGANSI<\/td>\n<td width=\"159\">Pecu\u00e1ria de leite<\/td>\n<td width=\"121\">7\u00ba Distrito<\/td>\n<td width=\"118\">Fase 2<\/td>\n<\/tr>\n<tr>\n<td width=\"288\">TANAEL DIERONG TIMM<\/td>\n<td width=\"159\">Fumicultura<\/td>\n<td width=\"121\">4\u00ba Distrito<\/td>\n<td width=\"118\">Fase 2<\/td>\n<\/tr>\n<tr>\n<td width=\"288\">VERIDIANE MIRANDA DA CRUZ<\/td>\n<td width=\"159\">Fruticultura<\/td>\n<td width=\"121\">7\u00ba Distrito<\/td>\n<td width=\"118\">Fase 3<\/td>\n<\/tr>\n<tr>\n<td width=\"288\">NELI NOGUEIRA OLIVEIRA<\/td>\n<td width=\"159\">Fruticultura<\/td>\n<td width=\"121\">7\u00ba Distrito<\/td>\n<td width=\"118\">Fase 3<\/td>\n<\/tr>\n<tr>\n<td width=\"288\">LUANA BUGS BANDEIRA<\/td>\n<td width=\"159\">Olericultura<\/td>\n<td width=\"121\">7\u00ba Distrito<\/td>\n<td width=\"118\">Fase 3<\/td>\n<\/tr>\n<tr>\n<td width=\"288\">FABIANA NEWS DA SILVA<\/td>\n<td width=\"159\">Olericultura<\/td>\n<td width=\"121\">9\u00ba Distrito<\/td>\n<td width=\"118\">Fase 3<\/td>\n<\/tr>\n<tr>\n<td width=\"288\">JOSIANE FERNANDES DE SOUZA<\/td>\n<td width=\"159\">Olericultura<\/td>\n<td width=\"121\">9\u00ba Distrito<\/td>\n<td width=\"118\">Fase 3<\/td>\n<\/tr>\n<tr>\n<td width=\"288\">MARA EUG\u00caNIA BUENO FERREIRA<\/td>\n<td width=\"159\">Olericultura<\/td>\n<td width=\"121\">9\u00ba Distrito<\/td>\n<td width=\"118\">Fase 3<\/td>\n<\/tr>\n<tr>\n<td width=\"288\">MARIGAIANE DE MEDEIROS<\/td>\n<td width=\"159\">Fruticultura<\/td>\n<td width=\"121\">7\u00ba Distrito<\/td>\n<td width=\"118\">Fase 3<\/td>\n<\/tr>\n<tr>\n<td width=\"288\">CLARICE FONSECA ISLAB\u00e3O FERREIRA<\/td>\n<td width=\"159\">Olericultura<\/td>\n<td width=\"121\">5\u00ba Distrito<\/td>\n<td width=\"118\">Fase 3<\/td>\n<\/tr>\n<tr>\n<td width=\"288\">LAZARO RADTKE SILVEIRA<\/td>\n<td width=\"159\">Fruticultura<\/td>\n<td width=\"121\">7\u00ba Distrito<\/td>\n<td width=\"118\">Fase 3<\/td>\n<\/tr>\n<tr>\n<td width=\"288\">JEFERSON CRUZ SCAGLIONI<\/td>\n<td width=\"159\">Fruticultura<\/td>\n<td width=\"121\">8\u00ba Distrito<\/td>\n<td width=\"118\">Fase 3<\/td>\n<\/tr>\n<tr>\n<td width=\"288\">FERNANDA MOTTA DE AZEVEDO<\/td>\n<td width=\"159\">Fruticultura<\/td>\n<td width=\"121\">9\u00ba Distrito<\/td>\n<td width=\"118\">Fase 3<\/td>\n<\/tr>\n<tr>\n<td width=\"288\">L\u00e9O ROBERTO MAYER<\/td>\n<td width=\"159\">Fruticultura<\/td>\n<td width=\"121\">8\u00ba Distrito<\/td>\n<td width=\"118\">Fase 3<\/td>\n<\/tr>\n<tr>\n<td width=\"288\">JONES HARTLEBEN<\/td>\n<td width=\"159\">Fumicultura<\/td>\n<td width=\"121\">7\u00ba Distrito<\/td>\n<td width=\"118\">Fase 3<\/td>\n<\/tr>\n<tr>\n<td width=\"288\">MURILO VAHL POTENZA<\/td>\n<td width=\"159\">Fruticultura<\/td>\n<td width=\"121\">8\u00ba Distrito<\/td>\n<td width=\"118\">Fase 3<\/td>\n<\/tr>\n<tr>\n<td width=\"288\">MARIZETE ALVES ALDRIGHI<\/td>\n<td width=\"159\">Fruticultura<\/td>\n<td width=\"121\">8\u00ba Distrito<\/td>\n<td width=\"118\">Fase 3<\/td>\n<\/tr>\n<tr>\n<td width=\"288\">MAICON DINAEL UCKER<\/td>\n<td width=\"159\">Gr\u00e3os<\/td>\n<td width=\"121\">7\u00ba Distrito<\/td>\n<td width=\"118\">Fase 3<\/td>\n<\/tr>\n<tr>\n<td width=\"288\">CHARLES DIAS HOFFMAN<\/td>\n<td width=\"159\">Gr\u00e3os<\/td>\n<td width=\"121\">9\u00ba Distrito<\/td>\n<td width=\"118\">Fase 3<\/td>\n<\/tr>\n<tr>\n<td width=\"288\">DANIEL SEDREZ COSTA<\/td>\n<td width=\"159\">Fruticultura<\/td>\n<td width=\"121\">5\u00ba Distrito<\/td>\n<td width=\"118\">Fase 3<\/td>\n<\/tr>\n<tr>\n<td width=\"288\">ELTON FABIANO PINTO RAFFI<\/td>\n<td width=\"159\">Fruticultura<\/td>\n<td width=\"121\">7\u00ba Distrito<\/td>\n<td width=\"118\">Fase 3<\/td>\n<\/tr>\n<tr>\n<td width=\"288\">ERASMO CARLOS MACHADO MAILAN<\/td>\n<td width=\"159\">Fruticultura<\/td>\n<td width=\"121\">9\u00ba Distrito<\/td>\n<td width=\"118\">Fase 3<\/td>\n<\/tr>\n<tr>\n<td width=\"288\">EZEQUIEL RICKES DE SUZA<\/td>\n<td width=\"159\">Gr\u00e3os<\/td>\n<td width=\"121\">9\u00ba Distrito<\/td>\n<td width=\"118\">Fase 3<\/td>\n<\/tr>\n<tr>\n<td width=\"288\">IVAN ROGERIO HESSLER<\/td>\n<td width=\"159\">Fruticultura<\/td>\n<td width=\"121\">4\u00ba Distrito<\/td>\n<td width=\"118\">Fase 3<\/td>\n<\/tr>\n<tr>\n<td width=\"288\">JAIR BEDUHN<\/td>\n<td width=\"159\">Fumicultura<\/td>\n<td width=\"121\">4\u00ba Distrito<\/td>\n<td width=\"118\">Fase 3<\/td>\n<\/tr>\n<tr>\n<td width=\"288\">JANISE TESSMANN<\/td>\n<td width=\"159\">Pecu\u00e1ria de leite<\/td>\n<td width=\"121\">6\u00ba Distrito<\/td>\n<td width=\"118\">Fase 3<\/td>\n<\/tr>\n<tr>\n<td width=\"288\">JEDERSON REICHOW PROTZEN<\/td>\n<td width=\"159\">Pecu\u00e1ria de leite<\/td>\n<td width=\"121\">4\u00ba Distrito<\/td>\n<td width=\"118\">Fase 3<\/td>\n<\/tr>\n<tr>\n<td width=\"288\">LEANDRO DA ROCHA PETER<\/td>\n<td width=\"159\">Olericultura<\/td>\n<td width=\"121\">7\u00ba Distrito<\/td>\n<td width=\"118\">Fase 3<\/td>\n<\/tr>\n<tr>\n<td width=\"288\">LUANA KERSTNER SCHIAVON<\/td>\n<td width=\"159\">Olericultura<\/td>\n<td width=\"121\">8\u00ba Distrito<\/td>\n<td width=\"118\">Fase 3<\/td>\n<\/tr>\n<\/tbody>\n<\/table>\n<p>&nbsp;<\/p>\n<table width=\"687\">\n<tbody>\n<tr>\n<td width=\"288\">MARCIO ANDR\u00e9 HARTLEBEN<\/td>\n<td width=\"159\">Pecu\u00e1ria de leite<\/td>\n<td width=\"121\">5\u00ba Distrito<\/td>\n<td width=\"118\">Fase 3<\/td>\n<\/tr>\n<tr>\n<td width=\"288\">MARCOS RUSCH<\/td>\n<td width=\"159\">Gr\u00e3os<\/td>\n<td width=\"121\">7\u00ba Distrito<\/td>\n<td width=\"118\">Fase 3<\/td>\n<\/tr>\n<tr>\n<td width=\"288\">RICARDO HENRIQUE VENZKE TESSMER<\/td>\n<td width=\"159\">Gr\u00e3os<\/td>\n<td width=\"121\">7\u00ba Distrito<\/td>\n<td width=\"118\">Fase 3<\/td>\n<\/tr>\n<tr>\n<td width=\"288\">RODRIGO SCHWANKE TONINI<\/td>\n<td width=\"159\">Olericultura<\/td>\n<td width=\"121\">7\u00ba Distrito<\/td>\n<td width=\"118\">Fase 3<\/td>\n<\/tr>\n<tr>\n<td width=\"288\">SANDRO HERGER MARTIN<\/td>\n<td width=\"159\">Fruticultura<\/td>\n<td width=\"121\">7\u00ba Distrito<\/td>\n<td width=\"118\">Fase 3<\/td>\n<\/tr>\n<tr>\n<td width=\"288\">SILVANA VIGHI SCHIAVON DORO<\/td>\n<td width=\"159\">Pecu\u00e1ria de leite<\/td>\n<td width=\"121\">5\u00ba Distrito<\/td>\n<td width=\"118\">Fase 3<\/td>\n<\/tr>\n<tr>\n<td width=\"288\">VAGNER BLANK GRANKE<\/td>\n<td width=\"159\">Gr\u00e3os<\/td>\n<td width=\"121\">7\u00ba Distrito<\/td>\n<td width=\"118\">Fase 3<\/td>\n<\/tr>\n<tr>\n<td width=\"288\">WALDIR PETER<\/td>\n<td width=\"159\">Olericultura<\/td>\n<td width=\"121\">6\u00ba Distrito<\/td>\n<td width=\"118\">Suplentes<\/td>\n<\/tr>\n<tr>\n<td width=\"288\">MOISES LEIVAS TEIXEIRA<\/td>\n<td width=\"159\">Fruticultura<\/td>\n<td width=\"121\">8\u00ba Distrito<\/td>\n<td width=\"118\">Suplentes<\/td>\n<\/tr>\n<tr>\n<td width=\"288\">ANDREIA STOCKER RUSCH<\/td>\n<td width=\"159\">Gr\u00e3os<\/td>\n<td width=\"121\">6\u00ba Distrito<\/td>\n<td width=\"118\">Suplentes<\/td>\n<\/tr>\n<tr>\n<td width=\"288\">DIEGO DENZER<\/td>\n<td width=\"159\">Fruticultura<\/td>\n<td width=\"121\">8\u00ba Distrito<\/td>\n<td width=\"118\">Suplentes<\/td>\n<\/tr>\n<tr>\n<td width=\"288\">LUIS FILIPE DA SILVA HARTLEBEN<\/td>\n<td width=\"159\">Gr\u00e3os<\/td>\n<td width=\"121\">7\u00ba Distrito<\/td>\n<td width=\"118\">Suplentes<\/td>\n<\/tr>\n<tr>\n<td width=\"288\">MARCOS DANIEL NORNBERG<\/td>\n<td width=\"159\">Gr\u00e3os<\/td>\n<td width=\"121\">9\u00ba Distrito<\/td>\n<td width=\"118\">Suplentes<\/td>\n<\/tr>\n<tr>\n<td width=\"288\">CLOVIS LEOMAR WESTPHAL JUNG<\/td>\n<td width=\"159\">Gr\u00e3os<\/td>\n<td width=\"121\">5\u00baDistrito<\/td>\n<td width=\"118\">Suplentes<\/td>\n<\/tr>\n<tr>\n<td width=\"288\">LEONARDO PEGORARO ADAMOLI<\/td>\n<td width=\"159\">Fumicultura<\/td>\n<td width=\"121\">7\u00ba Distrito<\/td>\n<td width=\"118\">Suplentes<\/td>\n<\/tr>\n<tr>\n<td width=\"288\">AMANDA HERRMANN DE OLIVEIRA<\/td>\n<td width=\"159\">Olericultura<\/td>\n<td width=\"121\">7\u00ba Distrito<\/td>\n<td width=\"118\">Suplentes<\/td>\n<\/tr>\n<tr>\n<td width=\"288\">FERNANDA RADMANN SCAGLIONI<\/td>\n<td width=\"159\">Fruticultura<\/td>\n<td width=\"121\">7\u00ba Distrito<\/td>\n<td width=\"118\">Suplentes<\/td>\n<\/tr>\n<tr>\n<td width=\"288\">GILIARDI MARTIN<\/td>\n<td width=\"159\">Fruticultura<\/td>\n<td width=\"121\">7\u00ba Distrito<\/td>\n<td width=\"118\">Suplentes<\/td>\n<\/tr>\n<tr>\n<td width=\"288\">VIVIAN ZAHN NORNBERG<\/td>\n<td width=\"159\">Fruticultura<\/td>\n<td width=\"121\">3\u00ba Distrito<\/td>\n<td width=\"118\">Suplentes<\/td>\n<\/tr>\n<tr>\n<td width=\"288\">JULIO PIEPER GRUPPELLI<\/td>\n<td width=\"159\">Fruticultura<\/td>\n<td width=\"121\">7\u00ba Distrito<\/td>\n<td width=\"118\">Suplentes<\/td>\n<\/tr>\n<tr>\n<td width=\"288\">ANA L\u00faCIA GOVEIA DA SILVA<\/td>\n<td width=\"159\">Fruticultura<\/td>\n<td width=\"121\">7\u00ba Distrito<\/td>\n<td width=\"118\">Suplentes<\/td>\n<\/tr>\n<tr>\n<td width=\"288\">ING\u00e1 PINZ \u00dcCKER<\/td>\n<td width=\"159\">Olericultura<\/td>\n<td width=\"121\">3\u00ba Distrito<\/td>\n<td width=\"118\">Suplentes<\/td>\n<\/tr>\n<tr>\n<td width=\"288\">MARIALDA RAMOS BRAUCH PRIEBE<\/td>\n<td width=\"159\">Fruticultura<\/td>\n<td width=\"121\">9\u00ba Distrito<\/td>\n<td width=\"118\">Suplentes<\/td>\n<\/tr>\n<tr>\n<td width=\"288\">ROZELEI ROSSO SCHILLER<\/td>\n<td width=\"159\">Fruticultura<\/td>\n<td width=\"121\">7\u00ba Distrito<\/td>\n<td width=\"118\">Suplentes<\/td>\n<\/tr>\n<tr>\n<td width=\"288\">LUCIANA SANTOS CRUZ<\/td>\n<td width=\"159\">Fruticultura<\/td>\n<td width=\"121\">8\u00ba Distrito<\/td>\n<td width=\"118\">Suplentes<\/td>\n<\/tr>\n<tr>\n<td width=\"288\">CARLA REGINA ALVES RODRIGUES<\/td>\n<td width=\"159\">Olericultura<\/td>\n<td width=\"121\">9\u00ba Distrito<\/td>\n<td width=\"118\">Suplentes<\/td>\n<\/tr>\n<tr>\n<td width=\"288\">BRUNO GRIEP<\/td>\n<td width=\"159\">Olericultura<\/td>\n<td width=\"121\">4\u00ba Distrito<\/td>\n<td width=\"118\">Suplentes<\/td>\n<\/tr>\n<tr>\n<td width=\"288\">DELCIO BONEMANN<\/td>\n<td width=\"159\">Olericultura<\/td>\n<td width=\"121\">9\u00ba Distrito<\/td>\n<td width=\"118\">Suplentes<\/td>\n<\/tr>\n<tr>\n<td width=\"288\">EDER GEOVANE SCHILLER<\/td>\n<td width=\"159\">Olericultura<\/td>\n<td width=\"121\">2\u00ba Distrito<\/td>\n<td width=\"118\">Suplentes<\/td>\n<\/tr>\n<tr>\n<td width=\"288\">LUCIANO NARDELLO PERBONI<\/td>\n<td width=\"159\">Fruticultura<\/td>\n<td width=\"121\">5\u00ba Distrito<\/td>\n<td width=\"118\">Suplentes<\/td>\n<\/tr>\n<tr>\n<td width=\"288\">MATHEUS BONOW<\/td>\n<td width=\"159\">Fruticultura<\/td>\n<td width=\"121\">4\u00ba Distrito<\/td>\n<td width=\"118\">Suplentes<\/td>\n<\/tr>\n<tr>\n<td width=\"288\">NELSON RENATO RIBES<\/td>\n<td width=\"159\">Fruticultura<\/td>\n<td width=\"121\">7\u00ba Distrito<\/td>\n<td width=\"118\">Suplentes<\/td>\n<\/tr>\n<tr>\n<td width=\"288\">DIONE MADEIRA ROCHA<\/td>\n<td width=\"159\">Fruticultura<\/td>\n<td width=\"121\">7\u00ba Distrito<\/td>\n<td width=\"118\">Suplentes<\/td>\n<\/tr>\n<tr>\n<td width=\"288\">MAICON FERREIRA JAHNKE<\/td>\n<td width=\"159\">Fruticultura<\/td>\n<td width=\"121\">7\u00ba Distrito<\/td>\n<td width=\"118\">Suplentes<\/td>\n<\/tr>\n<tr>\n<td width=\"288\">CRISTIANO DA SILVA ROCHA<\/td>\n<td width=\"159\">Fruticultura<\/td>\n<td width=\"121\">7\u00ba Distrito<\/td>\n<td width=\"118\">Suplentes<\/td>\n<\/tr>\n<tr>\n<td width=\"288\">ARTUR FERNANDO LEITZKE<\/td>\n<td width=\"159\">Fruticultura<\/td>\n<td width=\"121\">7\u00ba Distrito<\/td>\n<td width=\"118\">Suplentes<\/td>\n<\/tr>\n<tr>\n<td width=\"288\">VARNILDO LUDKE<\/td>\n<td width=\"159\">Gr\u00e3os<\/td>\n<td width=\"121\">6\u00ba Distrito<\/td>\n<td width=\"118\">Suplentes<\/td>\n<\/tr>\n<tr>\n<td width=\"288\">OTOMAR RICARDO WOLTER<\/td>\n<td width=\"159\">Gr\u00e3os<\/td>\n<td width=\"121\">6\u00ba Distrito<\/td>\n<td width=\"118\">Suplentes<\/td>\n<\/tr>\n<tr>\n<td width=\"288\">SIDINEI MEDEIROS VOSS<\/td>\n<td width=\"159\">Fumicultura<\/td>\n<td width=\"121\">7\u00ba Distrito<\/td>\n<td width=\"118\">Suplentes<\/td>\n<\/tr>\n<tr>\n<td width=\"288\">JONES BECKER<\/td>\n<td width=\"159\">Gr\u00e3os<\/td>\n<td width=\"121\">5\u00ba Distrito<\/td>\n<td width=\"118\">Suplentes<\/td>\n<\/tr>\n<tr>\n<td width=\"288\">FERNANDA GONZALES LIMA DA SILVA<\/td>\n<td width=\"159\">Fruticultura<\/td>\n<td width=\"121\">7\u00ba Distrito<\/td>\n<td width=\"118\">Suplentes<\/td>\n<\/tr>\n<tr>\n<td width=\"288\">FRANCISCO LEMES CAMPOS<\/td>\n<td width=\"159\">Fruticultura<\/td>\n<td width=\"121\">7\u00ba Distrito<\/td>\n<td width=\"118\">Suplentes<\/td>\n<\/tr>\n<\/tbody>\n<\/table>\n<p>&nbsp;<\/p>\n","protected":false},"excerpt":{"rendered":"<p>Cem produtores rurais titulares e 35 suplentes foram definidos em reuni\u00e3o extraordin\u00e1ria do Comder A Prefeitura de Pelotas, somando-se a \u00f3rg\u00e3os, institui\u00e7\u00f5es e entidades, est\u00e1 divulgando a listagem dos 100<\/p>\n","protected":false},"author":3,"featured_media":148711,"comment_status":"closed","ping_status":"closed","sticky":false,"template":"","format":"standard","meta":[],"categories":[305,31],"tags":[],"_links":{"self":[{"href":"https:\/\/diariodamanhapelotas.com.br\/site\/wp-json\/wp\/v2\/posts\/148710"}],"collection":[{"href":"https:\/\/diariodamanhapelotas.com.br\/site\/wp-json\/wp\/v2\/posts"}],"about":[{"href":"https:\/\/diariodamanhapelotas.com.br\/site\/wp-json\/wp\/v2\/types\/post"}],"author":[{"embeddable":true,"href":"https:\/\/diariodamanhapelotas.com.br\/site\/wp-json\/wp\/v2\/users\/3"}],"replies":[{"embeddable":true,"href":"https:\/\/diariodamanhapelotas.com.br\/site\/wp-json\/wp\/v2\/comments?post=148710"}],"version-history":[{"count":1,"href":"https:\/\/diariodamanhapelotas.com.br\/site\/wp-json\/wp\/v2\/posts\/148710\/revisions"}],"predecessor-version":[{"id":148712,"href":"https:\/\/diariodamanhapelotas.com.br\/site\/wp-json\/wp\/v2\/posts\/148710\/revisions\/148712"}],"wp:featuredmedia":[{"embeddable":true,"href":"https:\/\/diariodamanhapelotas.com.br\/site\/wp-json\/wp\/v2\/media\/148711"}],"wp:attachment":[{"href":"https:\/\/diariodamanhapelotas.com.br\/site\/wp-json\/wp\/v2\/media?parent=148710"}],"wp:term":[{"taxonomy":"category","embeddable":true,"href":"https:\/\/diariodamanhapelotas.com.br\/site\/wp-json\/wp\/v2\/categories?post=148710"},{"taxonomy":"post_tag","embeddable":true,"href":"https:\/\/diariodamanhapelotas.com.br\/site\/wp-json\/wp\/v2\/tags?post=148710"}],"curies":[{"name":"wp","href":"https:\/\/api.w.org\/{rel}","templated":true}]}}