{"id":148716,"date":"2025-11-03T15:32:54","date_gmt":"2025-11-03T18:32:54","guid":{"rendered":"https:\/\/diariodamanhapelotas.com.br\/site\/?p=148716"},"modified":"2025-11-03T15:32:54","modified_gmt":"2025-11-03T18:32:54","slug":"prazo-para-solicitacao-dos-uniformes-escolares-e-ampliado-ate-14-de-novembro","status":"publish","type":"post","link":"https:\/\/diariodamanhapelotas.com.br\/site\/prazo-para-solicitacao-dos-uniformes-escolares-e-ampliado-ate-14-de-novembro\/","title":{"rendered":"Prazo para solicita\u00e7\u00e3o dos uniformes escolares \u00e9 ampliado at\u00e9 14 de novembro"},"content":{"rendered":"<h3 style=\"text-align: center;\"><em>Estudantes da Rede Estadual e novos ingressantes devem acessar site para escolher pe\u00e7as<\/em><\/h3>\n<p>Os estudantes da Rede Estadual de Ensino ganharam mais tempo para realizar o pedido dos uniformes escolares para o ano letivo de 2026:\u00a0o\u00a0prazo de escolha dos tamanhos segue aberto at\u00e9 14 de novembro. A solicita\u00e7\u00e3o deve ser feita pela\u00a0<strong><a href=\"https:\/\/escola.rs.gov.br\/uniformes\" target=\"_blank\" rel=\"noopener noreferrer\">plataforma oficial<\/a><\/strong>\u00a0da Secretaria da Educa\u00e7\u00e3o (Seduc) destinada \u00e0s inscri\u00e7\u00f5es e confirma\u00e7\u00f5es de tamanho das pe\u00e7as.<\/p>\n<p>Quem j\u00e1 estuda na Rede deve acessar o site utilizando o e-mail educacional (@estudante) para confirmar ou alterar o tamanho indicado no ano anterior. J\u00e1 os novos ingressantes precisam realizar a solicita\u00e7\u00e3o do uniforme no momento da inscri\u00e7\u00e3o, informando o n\u00famero de protocolo gerado ao final do cadastro no portal de matr\u00edculas.<\/p>\n<p>A plataforma pode ser acessada diretamente por estudantes de\u00a016 anos ou mais. No caso dos menores de idade, o processo deve ser feito por pais ou respons\u00e1veis legais, que precisam validar a solicita\u00e7\u00e3o. Assim que a matr\u00edcula for confirmada, a escola designada ter\u00e1 o registro do pedido vinculado ao estudante.<\/p>\n<p>Para auxiliar na escolha, o site tamb\u00e9m disponibiliza uma tabela de medidas detalhada, com orienta\u00e7\u00f5es sobre cada tipo de pe\u00e7a, garantindo que o tamanho selecionado corresponda corretamente ao perfil do estudante.<\/p>\n<h4 style=\"text-align: center;\"><strong>Composi\u00e7\u00e3o dos kits<\/strong><\/h4>\n<p>Os uniformes s\u00e3o entregues gratuitamente a todos os estudantes da Rede Estadual e foram organizados em dois modelos de kits, com pe\u00e7as adequadas para todas as esta\u00e7\u00f5es do ano.<\/p>\n<p>O Kit 1, com dez pe\u00e7as, \u00e9 destinado aos estudantes do Ensino Fundamental (Anos Iniciais e Finais) e do Ensino M\u00e9dio, incluindo as modalidades Regular, Curso Normal e Educa\u00e7\u00e3o Profissional Integrada. Cont\u00e9m:<\/p>\n<ul>\n<li>3 camisetas de manga curta<\/li>\n<li>2 camisetas de manga longa<\/li>\n<li>1 moletom<\/li>\n<li>1 jaqueta<\/li>\n<li>2 cal\u00e7as<\/li>\n<li>1 bermuda<\/li>\n<\/ul>\n<p>O Kit 2, composto por sete pe\u00e7as, \u00e9 voltado aos estudantes da Educa\u00e7\u00e3o Profissional Concomitante ou Subsequente, do Curso Normal \u2013 Aproveitamento de Estudos e da Educa\u00e7\u00e3o de Jovens e Adultos (EJA). Inclui:<\/p>\n<ul>\n<li>3 camisetas de manga curta<\/li>\n<li>2 camisetas de manga longa<\/li>\n<li>1 moletom<\/li>\n<li>1 jaqueta<\/li>\n<\/ul>\n<p>As entregas ser\u00e3o realizadas diretamente nas escolas em que os estudantes estiverem matriculados.<\/p>\n","protected":false},"excerpt":{"rendered":"<p>Estudantes da Rede Estadual e novos ingressantes devem acessar site para escolher pe\u00e7as Os estudantes da Rede Estadual de Ensino ganharam mais tempo para realizar o pedido dos uniformes escolares<\/p>\n","protected":false},"author":3,"featured_media":139600,"comment_status":"closed","ping_status":"closed","sticky":false,"template":"","format":"standard","meta":[],"categories":[305,30],"tags":[],"_links":{"self":[{"href":"https:\/\/diariodamanhapelotas.com.br\/site\/wp-json\/wp\/v2\/posts\/148716"}],"collection":[{"href":"https:\/\/diariodamanhapelotas.com.br\/site\/wp-json\/wp\/v2\/posts"}],"about":[{"href":"https:\/\/diariodamanhapelotas.com.br\/site\/wp-json\/wp\/v2\/types\/post"}],"author":[{"embeddable":true,"href":"https:\/\/diariodamanhapelotas.com.br\/site\/wp-json\/wp\/v2\/users\/3"}],"replies":[{"embeddable":true,"href":"https:\/\/diariodamanhapelotas.com.br\/site\/wp-json\/wp\/v2\/comments?post=148716"}],"version-history":[{"count":1,"href":"https:\/\/diariodamanhapelotas.com.br\/site\/wp-json\/wp\/v2\/posts\/148716\/revisions"}],"predecessor-version":[{"id":148717,"href":"https:\/\/diariodamanhapelotas.com.br\/site\/wp-json\/wp\/v2\/posts\/148716\/revisions\/148717"}],"wp:featuredmedia":[{"embeddable":true,"href":"https:\/\/diariodamanhapelotas.com.br\/site\/wp-json\/wp\/v2\/media\/139600"}],"wp:attachment":[{"href":"https:\/\/diariodamanhapelotas.com.br\/site\/wp-json\/wp\/v2\/media?parent=148716"}],"wp:term":[{"taxonomy":"category","embeddable":true,"href":"https:\/\/diariodamanhapelotas.com.br\/site\/wp-json\/wp\/v2\/categories?post=148716"},{"taxonomy":"post_tag","embeddable":true,"href":"https:\/\/diariodamanhapelotas.com.br\/site\/wp-json\/wp\/v2\/tags?post=148716"}],"curies":[{"name":"wp","href":"https:\/\/api.w.org\/{rel}","templated":true}]}}