{"id":148721,"date":"2025-11-03T19:27:23","date_gmt":"2025-11-03T22:27:23","guid":{"rendered":"https:\/\/diariodamanhapelotas.com.br\/site\/?p=148721"},"modified":"2025-11-03T19:27:23","modified_gmt":"2025-11-03T22:27:23","slug":"classico-bra-pel-termina-empatado-e-definicao-dos-classificados-as-semifinais-da-copa-fgf-2025-fica-para-a-ultima-rodada","status":"publish","type":"post","link":"https:\/\/diariodamanhapelotas.com.br\/site\/classico-bra-pel-termina-empatado-e-definicao-dos-classificados-as-semifinais-da-copa-fgf-2025-fica-para-a-ultima-rodada\/","title":{"rendered":"Cl\u00e1ssico Bra-Pel termina empatado e defini\u00e7\u00e3o dos classificados \u00e0s semifinais da Copa FGF 2025 fica para a \u00faltima rodada"},"content":{"rendered":"<h3 style=\"text-align: center;\"><em>Xavante e Lobo decidir\u00e3o a classifica\u00e7\u00e3o \u00e0s semifinais na \u00faltima rodada<\/em><\/h3>\n<p>O tradicional\u00a0Cl\u00e1ssico Bra-Pel, disputado na tarde deste domingo (02) no Est\u00e1dio Bento Freitas, terminou com um empate eletrizante em\u00a01 a 1. O\u00a0Xavante\u00a0abriu o placar, mas o\u00a0Lobo\u00a0demonstrou resili\u00eancia e, mesmo em\u00a0inferioridade num\u00e9rica ap\u00f3s um jogador expulso,\u00a0conseguiu arrancar a igualdade\u00a0no in\u00edcio do segundo tempo. Com o resultado,\u00a0a defini\u00e7\u00e3o dos classificados para as semifinais da Copa FGF 2025 fica para a \u00faltima rodada: o\u00a0Pelotas mant\u00e9m a lideran\u00e7a da tabela, somando\u00a013 pontos, seguido de perto pelo vice-l\u00edder\u00a0Brasil, com\u00a012 pontos.<\/p>\n<div id=\"attachment_148722\" style=\"width: 540px\" class=\"wp-caption aligncenter\"><img aria-describedby=\"caption-attachment-148722\" loading=\"lazy\" class=\"wp-image-148722\" src=\"https:\/\/diariodamanhapelotas.com.br\/site\/wp-content\/uploads\/2025\/11\/captura-de-tela-2025-11-03-192241.png\" alt=\"\" width=\"530\" height=\"386\" srcset=\"https:\/\/diariodamanhapelotas.com.br\/site\/wp-content\/uploads\/2025\/11\/captura-de-tela-2025-11-03-192241.png 820w, https:\/\/diariodamanhapelotas.com.br\/site\/wp-content\/uploads\/2025\/11\/captura-de-tela-2025-11-03-192241-300x218.png 300w, https:\/\/diariodamanhapelotas.com.br\/site\/wp-content\/uploads\/2025\/11\/captura-de-tela-2025-11-03-192241-150x109.png 150w, https:\/\/diariodamanhapelotas.com.br\/site\/wp-content\/uploads\/2025\/11\/captura-de-tela-2025-11-03-192241-768x559.png 768w\" sizes=\"(max-width: 530px) 100vw, 530px\" \/><p id=\"caption-attachment-148722\" class=\"wp-caption-text\">Tabela de classifica\u00e7\u00e3o.<\/p><\/div>\n<p>O duelo, que valia a\u00a0possibilidade de se aproximar da classifica\u00e7\u00e3o antecipada \u00e0s semifinais\u00a0para as duas equipes, come\u00e7ou el\u00e9trico no Bento Freitas. Ap\u00f3s um in\u00edcio faltoso e de poucas oportunidades, o\u00a0Xavante\u00a0controlou as primeiras chances concretas de gol, aproveitando-se do posicionamento do centroavante\u00a0Patrik\u00e3o. No entanto, aos 17 minutos, o\u00a0Lobo\u00a0quase abriu o placar: ap\u00f3s cobran\u00e7a de falta,\u00a0Darlan\u00a0se antecipou \u00e0 marca\u00e7\u00e3o, testou firme e acertou o travess\u00e3o. Em nova cobran\u00e7a de falta, desta vez do\u00a0Xavante, saiu o primeiro gol da partida:\u00a0Murilo Cavalcante\u00a0aproveitou o rebote da jogada de bola-parada e deixou o\u00a0Xavante\u00a0em vantagem ao final do primeiro tempo, aos 47 minutos. O placar indigesto ao\u00a0Lobo\u00a0ao final da etapa inicial ainda ficaria pior:\u00a0Lucas Hulk\u00a0foi expulso ap\u00f3s receber o segundo cart\u00e3o amarelo no \u00faltimo lance do primeiro tempo.<\/p>\n<p>Mesmo com um jogador a menos, o\u00a0Pelotas\u00a0chegou ao empate no in\u00edcio do segundo tempo. Aos seis minutos, ap\u00f3s cobran\u00e7a de falta de\u00a0Victor Lima,\u00a0Jean Roberto\u00a0se antecipou \u00e0 marca\u00e7\u00e3o e deixou tudo igual:\u00a01 a 1. O confronto, ao longo da etapa final, se manteve na perspectiva esperada ap\u00f3s a expuls\u00e3o de\u00a0Lucas Hulk:\u00a0Xavante com o controle das a\u00e7\u00f5es e o Lobo arriscando em escapadas de contra-ataque. As duas equipes ainda acumularam oportunidades de gol at\u00e9 o apito final.<\/p>\n<p>Com o resultado,\u00a0ambas equipes ainda n\u00e3o garantiram suas classifica\u00e7\u00f5es antecipadas \u00e0s semifinais: em caso de vit\u00f3ria, o\u00a0Xavante\u00a0poderia alcan\u00e7ar os\u00a014 pontos\u00a0e\u00a0jogaria por um empate\u00a0na \u00faltima rodada para se classificar, enquanto o\u00a0Lobo, por sua vez,\u00a0chegaria aos 15 pontos e garantiria a vaga nas semifinais. Ap\u00f3s o empate, a\u00a0indefini\u00e7\u00e3o das duas melhores campanhas permanece para a \u00faltima rodada.<\/p>\n<p>O\u00a0Brasil\u00a0ir\u00e1 visitar o\u00a0Esportivo, na Montanha dos Vinhedos, no pr\u00f3ximo domingo (09), \u00e0s 15h. Em caso de derrota, o\u00a0Xavante\u00a0ser\u00e1 ultrapassado pelo\u00a0Tivo\u00a0e tamb\u00e9m pode ser ultrapassado pelo\u00a0Ga\u00facho, que enfrenta o Juventude. Em caso de empate, a vaga ser\u00e1 definida no crit\u00e9rio de desempate. Caso o\u00a0Xavante\u00a0conquiste a\u00a0vit\u00f3ria, a classifica\u00e7\u00e3o est\u00e1\u00a0garantida.<\/p>\n<p>O\u00a0Pelotas\u00a0recebe, tamb\u00e9m no domingo (09), em hor\u00e1rio simult\u00e2neo, o \u00faltimo colocado\u00a0S\u00e3o Gabriel. Em caso de vit\u00f3ria, o\u00a0Lobo se classifica com a melhor campanha. Em caso de empate ou derrota, paralelo aos demais resultados, a\u00a0defini\u00e7\u00e3o pode ser definida no crit\u00e9rio de desempate.<\/p>\n<p>FGF<br \/>\nFoto: Heitor Ara\u00fajo\/EC Pelotas<\/p>\n","protected":false},"excerpt":{"rendered":"<p>Xavante e Lobo decidir\u00e3o a classifica\u00e7\u00e3o \u00e0s semifinais na \u00faltima rodada O tradicional\u00a0Cl\u00e1ssico Bra-Pel, disputado na tarde deste domingo (02) no Est\u00e1dio Bento Freitas, terminou com um empate eletrizante em\u00a01<\/p>\n","protected":false},"author":34,"featured_media":148723,"comment_status":"closed","ping_status":"closed","sticky":false,"template":"","format":"standard","meta":[],"categories":[868,305,869,29,865],"tags":[],"_links":{"self":[{"href":"https:\/\/diariodamanhapelotas.com.br\/site\/wp-json\/wp\/v2\/posts\/148721"}],"collection":[{"href":"https:\/\/diariodamanhapelotas.com.br\/site\/wp-json\/wp\/v2\/posts"}],"about":[{"href":"https:\/\/diariodamanhapelotas.com.br\/site\/wp-json\/wp\/v2\/types\/post"}],"author":[{"embeddable":true,"href":"https:\/\/diariodamanhapelotas.com.br\/site\/wp-json\/wp\/v2\/users\/34"}],"replies":[{"embeddable":true,"href":"https:\/\/diariodamanhapelotas.com.br\/site\/wp-json\/wp\/v2\/comments?post=148721"}],"version-history":[{"count":1,"href":"https:\/\/diariodamanhapelotas.com.br\/site\/wp-json\/wp\/v2\/posts\/148721\/revisions"}],"predecessor-version":[{"id":148724,"href":"https:\/\/diariodamanhapelotas.com.br\/site\/wp-json\/wp\/v2\/posts\/148721\/revisions\/148724"}],"wp:featuredmedia":[{"embeddable":true,"href":"https:\/\/diariodamanhapelotas.com.br\/site\/wp-json\/wp\/v2\/media\/148723"}],"wp:attachment":[{"href":"https:\/\/diariodamanhapelotas.com.br\/site\/wp-json\/wp\/v2\/media?parent=148721"}],"wp:term":[{"taxonomy":"category","embeddable":true,"href":"https:\/\/diariodamanhapelotas.com.br\/site\/wp-json\/wp\/v2\/categories?post=148721"},{"taxonomy":"post_tag","embeddable":true,"href":"https:\/\/diariodamanhapelotas.com.br\/site\/wp-json\/wp\/v2\/tags?post=148721"}],"curies":[{"name":"wp","href":"https:\/\/api.w.org\/{rel}","templated":true}]}}