{"id":148725,"date":"2025-11-04T10:16:45","date_gmt":"2025-11-04T13:16:45","guid":{"rendered":"https:\/\/diariodamanhapelotas.com.br\/site\/?p=148725"},"modified":"2025-11-04T10:16:45","modified_gmt":"2025-11-04T13:16:45","slug":"mais-de-500-livros-infantis-sao-distribuidos-pela-fuscoteca-do-amadinho-no-mes-de-outubro-em-sao-lourenco-do-sul","status":"publish","type":"post","link":"https:\/\/diariodamanhapelotas.com.br\/site\/mais-de-500-livros-infantis-sao-distribuidos-pela-fuscoteca-do-amadinho-no-mes-de-outubro-em-sao-lourenco-do-sul\/","title":{"rendered":"Mais de 500 livros infantis s\u00e3o distribu\u00eddos pela Fuscoteca do Amadinho no m\u00eas de outubro em S\u00e3o Louren\u00e7o do Sul"},"content":{"rendered":"<h3 style=\"text-align: center;\"><em>500 livros distribu\u00eddos gratuitamente<\/em><\/h3>\n<p>Durante o m\u00eas de outubro, especialmente em comemora\u00e7\u00e3o ao m\u00eas das crian\u00e7as, a Fuscoteca do Amadinho de S\u00e3o Louren\u00e7o do Sul buscou arrecadar e distribuir livros infantis e atingiu a marca de 500 livros distribu\u00eddos gratuitamente.<\/p>\n<p>A Fuscoteca esteve presente no m\u00eas de outubro nas Escolas Vicente Di Tolla e Cruzeiro do Sul; na caminhada liter\u00e1ria do CEL \u2013 Centro de Escritores Lourencianos; no circuito de conta\u00e7\u00e3o de hist\u00f3rias da escritora Cleia Dr\u00f6se e nas atividades da Associa\u00e7\u00e3o Lourenciana Mais Amor (ALMA) \u2013 ONG Alem\u00e3.<\/p>\n<p><img loading=\"lazy\" class=\"aligncenter wp-image-148727\" src=\"https:\/\/diariodamanhapelotas.com.br\/site\/wp-content\/uploads\/2025\/11\/whatsapp-image-2025-11-03-at-200745.jpeg\" alt=\"\" width=\"530\" height=\"477\" srcset=\"https:\/\/diariodamanhapelotas.com.br\/site\/wp-content\/uploads\/2025\/11\/whatsapp-image-2025-11-03-at-200745.jpeg 667w, https:\/\/diariodamanhapelotas.com.br\/site\/wp-content\/uploads\/2025\/11\/whatsapp-image-2025-11-03-at-200745-300x270.jpeg 300w, https:\/\/diariodamanhapelotas.com.br\/site\/wp-content\/uploads\/2025\/11\/whatsapp-image-2025-11-03-at-200745-150x135.jpeg 150w\" sizes=\"(max-width: 530px) 100vw, 530px\" \/><\/p>\n<p>O projeto Fuscoteca do Amadinho \u00e9 executado pelo escritor Rodrigo Seefeldt e sua fam\u00edlia, sendo apresentado por meio da Lei Aldir Blanc e conta com a parceria de diversas pessoas e empresas que doam livros.<\/p>\n<p>Rodrigo destaca: \u201cFinalizando o m\u00eas de outubro, a Fuscoteca do Amadinho j\u00e1 ultrapassou 1.500 livros distribu\u00eddos de forma gratuita em escolas, feiras e eventos\u201d.<\/p>\n<p>Como encontrar a Fuscoteca e doar? Entre em contato pelo (53) 98467.8816 e Instagram @fusca_amadinho.<\/p>\n","protected":false},"excerpt":{"rendered":"<p>500 livros distribu\u00eddos gratuitamente Durante o m\u00eas de outubro, especialmente em comemora\u00e7\u00e3o ao m\u00eas das crian\u00e7as, a Fuscoteca do Amadinho de S\u00e3o Louren\u00e7o do Sul buscou arrecadar e distribuir livros<\/p>\n","protected":false},"author":34,"featured_media":148726,"comment_status":"closed","ping_status":"closed","sticky":false,"template":"","format":"standard","meta":[],"categories":[305,32],"tags":[],"_links":{"self":[{"href":"https:\/\/diariodamanhapelotas.com.br\/site\/wp-json\/wp\/v2\/posts\/148725"}],"collection":[{"href":"https:\/\/diariodamanhapelotas.com.br\/site\/wp-json\/wp\/v2\/posts"}],"about":[{"href":"https:\/\/diariodamanhapelotas.com.br\/site\/wp-json\/wp\/v2\/types\/post"}],"author":[{"embeddable":true,"href":"https:\/\/diariodamanhapelotas.com.br\/site\/wp-json\/wp\/v2\/users\/34"}],"replies":[{"embeddable":true,"href":"https:\/\/diariodamanhapelotas.com.br\/site\/wp-json\/wp\/v2\/comments?post=148725"}],"version-history":[{"count":1,"href":"https:\/\/diariodamanhapelotas.com.br\/site\/wp-json\/wp\/v2\/posts\/148725\/revisions"}],"predecessor-version":[{"id":148728,"href":"https:\/\/diariodamanhapelotas.com.br\/site\/wp-json\/wp\/v2\/posts\/148725\/revisions\/148728"}],"wp:featuredmedia":[{"embeddable":true,"href":"https:\/\/diariodamanhapelotas.com.br\/site\/wp-json\/wp\/v2\/media\/148726"}],"wp:attachment":[{"href":"https:\/\/diariodamanhapelotas.com.br\/site\/wp-json\/wp\/v2\/media?parent=148725"}],"wp:term":[{"taxonomy":"category","embeddable":true,"href":"https:\/\/diariodamanhapelotas.com.br\/site\/wp-json\/wp\/v2\/categories?post=148725"},{"taxonomy":"post_tag","embeddable":true,"href":"https:\/\/diariodamanhapelotas.com.br\/site\/wp-json\/wp\/v2\/tags?post=148725"}],"curies":[{"name":"wp","href":"https:\/\/api.w.org\/{rel}","templated":true}]}}