{"id":148730,"date":"2025-11-04T10:20:59","date_gmt":"2025-11-04T13:20:59","guid":{"rendered":"https:\/\/diariodamanhapelotas.com.br\/site\/?p=148730"},"modified":"2025-11-04T10:20:59","modified_gmt":"2025-11-04T13:20:59","slug":"republicanos-pelotas-anuncia-nova-composicao-da-executiva-com-foco-nas-proximas-eleicoes","status":"publish","type":"post","link":"https:\/\/diariodamanhapelotas.com.br\/site\/republicanos-pelotas-anuncia-nova-composicao-da-executiva-com-foco-nas-proximas-eleicoes\/","title":{"rendered":"Republicanos Pelotas anuncia nova composi\u00e7\u00e3o da Executiva com foco nas pr\u00f3ximas elei\u00e7\u00f5es"},"content":{"rendered":"<h3 style=\"text-align: center;\"><em>Mesmo sem cadeira no Legislativo, partido promete fazer oposi\u00e7\u00e3o, cobrando e fiscalizando o Poder Executivo<\/em><\/h3>\n<p>O partido Republicanos em Pelotas vive um novo momento de organiza\u00e7\u00e3o pol\u00edtica. Sob a presid\u00eancia de L\u00facio Janes, a Comiss\u00e3o Executiva Municipal foi reformulada com o objetivo de fortalecer a sigla e preparar o grupo para os pr\u00f3ximos pleitos eleitorais, de 2026 e 2028.<\/p>\n<p>A nova composi\u00e7\u00e3o da Executiva ficou definida da seguinte forma:<\/p>\n<p>Presidente: L\u00facio Janes<\/p>\n<p>1\u00ba Vice-Presidente: Lu\u00eds Artur<\/p>\n<p>2\u00ba Vice-Presidente: Professor Lu\u00eds<\/p>\n<p>Secret\u00e1rio-Geral: M\u00e1rcio Franco<\/p>\n<p>2\u00aa Secret\u00e1ria: Gabrielle Castro<\/p>\n<p>Secret\u00e1rio de Organiza\u00e7\u00e3o: Sargento Domingues<\/p>\n<p>Tesoureiro: Ricardo Rosano<\/p>\n<p>2\u00ba Tesoureiro: Charles Ortiz<\/p>\n<p>Suplentes: Deise Dravanz, Aldo Bastos e Everton Prestes<\/p>\n<p>Com essa nova estrutura, o Republicanos Pelotas busca ampliar sua presen\u00e7a e influ\u00eancia pol\u00edtica na cidade, priorizando \u2013 segundo o partido \u2013 \u201ca aproxima\u00e7\u00e3o com a comunidade e a forma\u00e7\u00e3o de lideran\u00e7as comprometidas com os valores e princ\u00edpios do partido\u201d.<\/p>\n<p>Para o presidente L\u00facio Janes, o momento \u00e9 de uni\u00e3o e trabalho. \u201cEstamos nos reorganizando com foco nos pleitos de 2026 e 2028, com uma equipe engajada e comprometida com a pol\u00edtica e os valores do partido. Estaremos pr\u00f3ximos da popula\u00e7\u00e3o e atentos aos problemas da cidade. Mesmo sem cadeira no Legislativo, estaremos cobrando e fiscalizando o Poder Executivo\u201d, destacou o dirigente.<\/p>\n<p>A nova Executiva pretende atuar de forma participativa, incentivando a forma\u00e7\u00e3o pol\u00edtica de novos membros e promovendo a\u00e7\u00f5es que aproximem o partido das demandas locais. O objetivo \u00e9 consolidar o Republicanos como uma voz ativa e propositiva no cen\u00e1rio pol\u00edtico pelotense.<\/p>\n","protected":false},"excerpt":{"rendered":"<p>Mesmo sem cadeira no Legislativo, partido promete fazer oposi\u00e7\u00e3o, cobrando e fiscalizando o Poder Executivo O partido Republicanos em Pelotas vive um novo momento de organiza\u00e7\u00e3o pol\u00edtica. Sob a presid\u00eancia<\/p>\n","protected":false},"author":3,"featured_media":148732,"comment_status":"closed","ping_status":"closed","sticky":false,"template":"","format":"standard","meta":[],"categories":[305,28],"tags":[],"_links":{"self":[{"href":"https:\/\/diariodamanhapelotas.com.br\/site\/wp-json\/wp\/v2\/posts\/148730"}],"collection":[{"href":"https:\/\/diariodamanhapelotas.com.br\/site\/wp-json\/wp\/v2\/posts"}],"about":[{"href":"https:\/\/diariodamanhapelotas.com.br\/site\/wp-json\/wp\/v2\/types\/post"}],"author":[{"embeddable":true,"href":"https:\/\/diariodamanhapelotas.com.br\/site\/wp-json\/wp\/v2\/users\/3"}],"replies":[{"embeddable":true,"href":"https:\/\/diariodamanhapelotas.com.br\/site\/wp-json\/wp\/v2\/comments?post=148730"}],"version-history":[{"count":1,"href":"https:\/\/diariodamanhapelotas.com.br\/site\/wp-json\/wp\/v2\/posts\/148730\/revisions"}],"predecessor-version":[{"id":148733,"href":"https:\/\/diariodamanhapelotas.com.br\/site\/wp-json\/wp\/v2\/posts\/148730\/revisions\/148733"}],"wp:featuredmedia":[{"embeddable":true,"href":"https:\/\/diariodamanhapelotas.com.br\/site\/wp-json\/wp\/v2\/media\/148732"}],"wp:attachment":[{"href":"https:\/\/diariodamanhapelotas.com.br\/site\/wp-json\/wp\/v2\/media?parent=148730"}],"wp:term":[{"taxonomy":"category","embeddable":true,"href":"https:\/\/diariodamanhapelotas.com.br\/site\/wp-json\/wp\/v2\/categories?post=148730"},{"taxonomy":"post_tag","embeddable":true,"href":"https:\/\/diariodamanhapelotas.com.br\/site\/wp-json\/wp\/v2\/tags?post=148730"}],"curies":[{"name":"wp","href":"https:\/\/api.w.org\/{rel}","templated":true}]}}