{"id":148736,"date":"2025-11-04T11:07:28","date_gmt":"2025-11-04T14:07:28","guid":{"rendered":"https:\/\/diariodamanhapelotas.com.br\/site\/?p=148736"},"modified":"2025-11-04T11:07:28","modified_gmt":"2025-11-04T14:07:28","slug":"um-pais-de-marias-joses-silvas-e-santos-ibge-lanca-nova-edicao-do-nomes-no-brasil","status":"publish","type":"post","link":"https:\/\/diariodamanhapelotas.com.br\/site\/um-pais-de-marias-joses-silvas-e-santos-ibge-lanca-nova-edicao-do-nomes-no-brasil\/","title":{"rendered":"Um pa\u00eds de Marias, Jos\u00e9s, Silvas e Santos: IBGE lan\u00e7a nova edi\u00e7\u00e3o do Nomes no Brasil"},"content":{"rendered":"<h3 style=\"text-align: center;\"><em>O site Nomes no Brasil disponibiliza os nomes e sobrenomes organizados por g\u00eanero, per\u00edodo de nascimento da pessoa e letra inicial<\/em><\/h3>\n<p>O IBGE publica, hoje (4\/11), a segunda edi\u00e7\u00e3o do levantamento de nomes mais frequentes no Brasil, atualizados pelo Censo Demogr\u00e1fico 2022. A novidade deste Nomes no Brasil \u00e9 a inclus\u00e3o dos sobrenomes. Entre os mais de 140 mil nomes pr\u00f3prios contabilizados; Maria e Jos\u00e9 mantiveram a hegemonia no topo do ranking, j\u00e1 apontada pelo Nomes no Brasil do Censo Demogr\u00e1fico 2010. O Censo 2022 tamb\u00e9m contou mais de 200 mil sobrenomes: Silva lidera os registros e est\u00e1 presente na identifica\u00e7\u00e3o de 16,76% da popula\u00e7\u00e3o.\u00a0<a href=\"https:\/\/censo2022.ibge.gov.br\/nomes\" target=\"_blank\" rel=\"noopener noreferrer\"><strong>Acesse o Nomes no Brasil<\/strong><\/a>.<\/p>\n<p>O site disponibiliza os nomes e sobrenomes organizados por g\u00eanero, per\u00edodo de nascimento da pessoa e letra inicial. Rankings de nomes e sobrenomes tamb\u00e9m podem ser gerados de acordo com o local selecionado pelo usu\u00e1rio: Brasil, unidades da federa\u00e7\u00e3o ou munic\u00edpios. \u201cA vers\u00e3o anterior do Nomes no Brasil, lan\u00e7ada em 2016 com dados do Censo 2010, foi um sucesso absoluto e inesperado de p\u00fablico. Agora que temos a real dimens\u00e3o do grande interesse da sociedade por dados sobre nomes, quisemos n\u00e3o s\u00f3 atualizar o site com dados do censo mais recente, como acrescentar mais dimens\u00f5es para se explorar\u201d, ressalta Rodrigo Almeida Rego, gerente de Inova\u00e7\u00e3o e Desenvolvimento no IBGE e respons\u00e1vel pelo projeto.<\/p>\n<p>Ao clicar em cada nome registrado, \u00e9 poss\u00edvel saber o n\u00famero total de pessoas registradas e a concentra\u00e7\u00e3o de registros por localidade, al\u00e9m de uma linha do tempo mostrando a frequ\u00eancia de registros por d\u00e9cada. O IBGE tamb\u00e9m oferece o c\u00e1lculo da idade mediana para cada um dos nomes pr\u00f3prios (indicador que divide o grupo entre os 50% mais jovens e os 50% mais velhos).<\/p>\n<p>Na consulta aos nomes mais frequentes no ranking, \u00e9 poss\u00edvel, por exemplo, perceber algumas curiosidades: em Morrinhos (CE) e Bela Cruz (CE), a cada 100 pessoas, 22 se chamam Maria (22,30% e 22,21% do total da popula\u00e7\u00e3o das respectivas cidades). Na cidade de Santana do Acara\u00fa (CE), a cada 10 pessoas, 1 se chama Ana (equivalendo a 10,41% do total da popula\u00e7\u00e3o). J\u00e1 em Buriti dos Montes (PI), essa propor\u00e7\u00e3o ocorre com o nome Antonio (equivalendo a 10,06% do total da popula\u00e7\u00e3o). Entre os sobrenomes, \u00e9 poss\u00edvel ver que 43,38% da popula\u00e7\u00e3o de Sergipe possui &#8220;Santos&#8221; no registro. J\u00e1 em Alagoas e Pernambuco, o sobrenome &#8220;Silva&#8221;, que lidera o ranking, est\u00e1 presente em mais de um ter\u00e7o dos registros das popula\u00e7\u00f5es de ambos os estados (35,75% e 34,23%, respectivamente).<\/p>\n<h4 style=\"text-align: center;\"><strong>Osvaldo e Terezinha d\u00e3o lugar a Gael e Helena<\/strong><\/h4>\n<p><img loading=\"lazy\" class=\" wp-image-148737 aligncenter\" src=\"https:\/\/diariodamanhapelotas.com.br\/site\/wp-content\/uploads\/2025\/11\/ibge-nomes-grafico1.png\" alt=\"\" width=\"650\" height=\"624\" srcset=\"https:\/\/diariodamanhapelotas.com.br\/site\/wp-content\/uploads\/2025\/11\/ibge-nomes-grafico1.png 750w, https:\/\/diariodamanhapelotas.com.br\/site\/wp-content\/uploads\/2025\/11\/ibge-nomes-grafico1-300x288.png 300w, https:\/\/diariodamanhapelotas.com.br\/site\/wp-content\/uploads\/2025\/11\/ibge-nomes-grafico1-150x144.png 150w\" sizes=\"(max-width: 650px) 100vw, 650px\" \/><\/p>\n<p>Pelo levantamento por d\u00e9cada de nascimento, \u00e9 poss\u00edvel perceber as tend\u00eancias de nomes que entram e saem de moda ao longo do tempo, bem como aqueles que aparecem de maneira mais constante. Cruzando os gr\u00e1ficos de incid\u00eancia, \u00e9 poss\u00edvel ver o decl\u00ednio do uso de alguns nomes ao longo das d\u00e9cadas, que se refletem tamb\u00e9m nas idades medianas, a exemplo de Osvaldo e Terezinha (62 e 66 anos), assim como a ascens\u00e3o dos nomes \u201cmais recentes\u201d \u2013 que possuem idades medianas bem mais baixa, como Gael e Helena (1 e 8 anos, respectivamente).<\/p>\n<p><img loading=\"lazy\" class=\" wp-image-148738 aligncenter\" src=\"https:\/\/diariodamanhapelotas.com.br\/site\/wp-content\/uploads\/2025\/11\/ibge-nomes-grafico2.png\" alt=\"\" width=\"650\" height=\"624\" srcset=\"https:\/\/diariodamanhapelotas.com.br\/site\/wp-content\/uploads\/2025\/11\/ibge-nomes-grafico2.png 750w, https:\/\/diariodamanhapelotas.com.br\/site\/wp-content\/uploads\/2025\/11\/ibge-nomes-grafico2-300x288.png 300w, https:\/\/diariodamanhapelotas.com.br\/site\/wp-content\/uploads\/2025\/11\/ibge-nomes-grafico2-150x144.png 150w\" sizes=\"(max-width: 650px) 100vw, 650px\" \/><\/p>\n<p>O novo site tamb\u00e9m conta com uma aba dedicada a fatos e curiosidades sobre o estudo dos nomes pr\u00f3prios, a Onom\u00e1stica, em que o usu\u00e1rio pode explorar diversos aspectos que ressaltam a din\u00e2mica cultural refletida em nomes e sobrenomes, assim como compreender melhor o que o sistema de nomea\u00e7\u00e3o e os nomes utilizados podem revelar sobre uma sociedade, especialmente quando analisados ou comparados ao longo do tempo e espa\u00e7os territoriais.<\/p>\n<h4 style=\"text-align: center;\"><strong>Nomes no Mundo<\/strong><\/h4>\n<p>Outra novidade do site \u00e9 o mapa-m\u00fandi \u201cNomes no Mundo\u201d, em que \u00e9 poss\u00edvel navegar pelo mapa e descobrir os nomes e sobrenomes mais comuns nos respectivos pa\u00edses. A ferramenta tamb\u00e9m faz a compara\u00e7\u00e3o com a quantidade de brasileiros registrados com os nomes exibidos no mapa, com base no banco de dados atualizado pelo Censo 2022.<\/p>\n<p>\u00c9 poss\u00edvel, por exemplo, selecionar a China para ver que o sobrenome mais comum do pa\u00eds, Wang, \u00e9 utilizado por 1.513 pessoas no Brasil. Ou ainda, visitar a Bol\u00edvia e descobrir que os nomes pr\u00f3prios mais comuns do pa\u00eds s\u00e3o Juan e Juana: ao lado dos dados, o site informa tamb\u00e9m a quantidade de registros desses nomes no Brasil; 67.908 e 3.113 registros, respectivamente.<\/p>\n<h4 style=\"text-align: center;\"><strong>Sigilo Estat\u00edstico<\/strong><\/h4>\n<p>\u00c9 importante ressaltar que, dependendo da singularidade do nome ou sobrenome buscado, o dado poder\u00e1 ser ocultado para garantir o sigilo estat\u00edstico: em caso de termos com menos de 20 incid\u00eancias no pa\u00eds, por exemplo.<\/p>\n<p>\u00c9 poss\u00edvel, tamb\u00e9m, que apenas parte das informa\u00e7\u00f5es referentes seja disponibilizada, mas o mapa ou gr\u00e1fico estejam incompletos. Isso tamb\u00e9m \u00e9 uma garantia do sigilo dos dados, evitando qualquer tipo de identifica\u00e7\u00e3o: na distribui\u00e7\u00e3o geogr\u00e1fica, s\u00f3 poder\u00e3o ser divulgados quando o termo apresentar incid\u00eancia maior do que 15 por UF e 10 por munic\u00edpio. Essa prote\u00e7\u00e3o tamb\u00e9m acontece quando os resultados forem filtrados por d\u00e9cada.<\/p>\n<h4 style=\"text-align: center;\"><strong>Mais sobre a pesquisa<\/strong><\/h4>\n<p>O projeto Nomes no Brasil tem por base as listas de moradores dos domic\u00edlios em 1\u00ba de agosto de 2022, data de refer\u00eancia do Censo 2022. Foram registrados, em dois campos distintos, o nome e o sobrenome completo de todos os moradores do domic\u00edlio informados pelo entrevistado na data de refer\u00eancia. Ressalta-se que, para fins de divulga\u00e7\u00e3o, do campo \u2018nome\u2019 considerou-se apenas o primeiro nome informado e, para o campo \u2018sobrenome\u2019 foi feita uma frequ\u00eancia dos sobrenomes, n\u00e3o importando a ordem em que foram registrados.<\/p>\n<p>As formas variantes dos nomes foram contabilizadas distintamente, conforme registradas na lista de moradores do domic\u00edlio no momento da coleta do question\u00e1rio. Desse modo, nomes como Ana ou Anna, Ian ou Yan, Luis ou Luiz, entre outros, foram considerados com a grafia original da coleta. Tamb\u00e9m n\u00e3o foram previstos sinais diacr\u00edticos (acento agudo, acento circunflexo, acento grave, cedilha, trema e til); assim, nomes como Ant\u00f4nio, Cau\u00e3, Lu\u00eds, Lu\u00edsa, entre outros, foram considerados sem tais sinais.<\/p>\n<p>O sexo dos moradores tamb\u00e9m reflete exclusivamente a informa\u00e7\u00e3o declarada no momento da coleta do question\u00e1rio. Por essas raz\u00f5es, podem existir diferen\u00e7as entre os nomes coletados em 2010 e os coletados em 2022.<\/p>\n<p>A primeira edi\u00e7\u00e3o do Nomes no Brasil foi a partir dos nomes informados no Censo Demogr\u00e1fico 2010. Leia\u00a0<a href=\"https:\/\/agenciadenoticias.ibge.gov.br\/agencia-sala-de-imprensa\/2013-agencia-de-noticias\/releases\/9552-um-brasil-de-marias-e-joses-ibge-apresenta-banco-de-nomes-com-base-no-censo-2010\" target=\"_blank\" rel=\"noopener noreferrer\"><strong>aqui<\/strong><\/a>\u00a0quais eram os principais nomes no pa\u00eds em 2010.<\/p>\n<p>&nbsp;<\/p>\n","protected":false},"excerpt":{"rendered":"<p>O site Nomes no Brasil disponibiliza os nomes e sobrenomes organizados por g\u00eanero, per\u00edodo de nascimento da pessoa e letra inicial O IBGE publica, hoje (4\/11), a segunda edi\u00e7\u00e3o do<\/p>\n","protected":false},"author":3,"featured_media":148739,"comment_status":"closed","ping_status":"closed","sticky":false,"template":"","format":"standard","meta":[],"categories":[305,27],"tags":[],"_links":{"self":[{"href":"https:\/\/diariodamanhapelotas.com.br\/site\/wp-json\/wp\/v2\/posts\/148736"}],"collection":[{"href":"https:\/\/diariodamanhapelotas.com.br\/site\/wp-json\/wp\/v2\/posts"}],"about":[{"href":"https:\/\/diariodamanhapelotas.com.br\/site\/wp-json\/wp\/v2\/types\/post"}],"author":[{"embeddable":true,"href":"https:\/\/diariodamanhapelotas.com.br\/site\/wp-json\/wp\/v2\/users\/3"}],"replies":[{"embeddable":true,"href":"https:\/\/diariodamanhapelotas.com.br\/site\/wp-json\/wp\/v2\/comments?post=148736"}],"version-history":[{"count":1,"href":"https:\/\/diariodamanhapelotas.com.br\/site\/wp-json\/wp\/v2\/posts\/148736\/revisions"}],"predecessor-version":[{"id":148740,"href":"https:\/\/diariodamanhapelotas.com.br\/site\/wp-json\/wp\/v2\/posts\/148736\/revisions\/148740"}],"wp:featuredmedia":[{"embeddable":true,"href":"https:\/\/diariodamanhapelotas.com.br\/site\/wp-json\/wp\/v2\/media\/148739"}],"wp:attachment":[{"href":"https:\/\/diariodamanhapelotas.com.br\/site\/wp-json\/wp\/v2\/media?parent=148736"}],"wp:term":[{"taxonomy":"category","embeddable":true,"href":"https:\/\/diariodamanhapelotas.com.br\/site\/wp-json\/wp\/v2\/categories?post=148736"},{"taxonomy":"post_tag","embeddable":true,"href":"https:\/\/diariodamanhapelotas.com.br\/site\/wp-json\/wp\/v2\/tags?post=148736"}],"curies":[{"name":"wp","href":"https:\/\/api.w.org\/{rel}","templated":true}]}}