{"id":148741,"date":"2025-11-04T16:01:28","date_gmt":"2025-11-04T19:01:28","guid":{"rendered":"https:\/\/diariodamanhapelotas.com.br\/site\/?p=148741"},"modified":"2025-11-04T16:01:28","modified_gmt":"2025-11-04T19:01:28","slug":"prefeitura-ufpel-e-ifsul-lancam-o-pelotas-global-e-copsul-nesta-semana","status":"publish","type":"post","link":"https:\/\/diariodamanhapelotas.com.br\/site\/prefeitura-ufpel-e-ifsul-lancam-o-pelotas-global-e-copsul-nesta-semana\/","title":{"rendered":"Prefeitura, UFPel e IFSul lan\u00e7am o Pelotas Global e Copsul nesta semana"},"content":{"rendered":"<h3 style=\"text-align: center;\"><em>Institui\u00e7\u00f5es, que comp\u00f5em o Comit\u00ea Gestor de Internacionaliza\u00e7\u00e3o, far\u00e3o o lan\u00e7amento da marca e do evento paralelo \u00e0 COP30 nesta sexta-feira (7), no Pa\u00e7o Municipal<\/em><\/h3>\n<p>O Comit\u00ea Gestor de Internacionaliza\u00e7\u00e3o do Munic\u00edpio, composto por Prefeitura, por meio da Secretaria de Planejamento e Gest\u00e3o (Seplag), UFPel e IFSul, realiza nesta sexta-feira (7), o lan\u00e7amento da marca Pelotas Global e da Confer\u00eancia do Sul sobre Mudan\u00e7as Clim\u00e1ticas (Copsul). O evento, que conta com apoio da Otroporto, ser\u00e1 realizado na sala Frederico Trebbi (hall do Pa\u00e7o Municipal) \u00e0s 11h, com a presen\u00e7a do prefeito Fernando Marroni e de autoridades acad\u00eamicas das institui\u00e7\u00f5es de ensino.<\/p>\n<p>A solenidade apresenta oficialmente a marca Pelotas Global, identidade que simboliza a abertura de Pelotas ao mundo e seu compromisso com o desenvolvimento sustent\u00e1vel, a inova\u00e7\u00e3o e a coopera\u00e7\u00e3o. A iniciativa se sustenta no hist\u00f3rico que o\u00a0 munic\u00edpio ostenta de conex\u00e3o com o cen\u00e1rio internacional, que se reflete na forma\u00e7\u00e3o oferecida pelas institui\u00e7\u00f5es &#8211; como o curso de Rela\u00e7\u00f5es Internacionais da UFPel, que prepara profissionais para atuar globalmente e incentiva o estudo de temas internacionais na regi\u00e3o -, a rela\u00e7\u00e3o com Cidades-Irm\u00e3s, como Suzu (Jap\u00e3o), Aveiro (Portugal) e Col\u00f4nia do Sacramento (Uruguai), o acolhimento reconhecido a migrantes e refugiados, o que valeu ao munic\u00edpio o selo MigraCidades, e as demais proposi\u00e7\u00f5es da UFPel e do IFSul voltadas para ampliar o interc\u00e2mbio acad\u00eamico, fortalecer pesquisas e atrair estudantes e pesquisadores estrangeiros.<\/p>\n<h4 style=\"text-align: center;\">Copsul<\/h4>\n<p>Primeira atividade criada no \u00e2mbito do Comit\u00ea Gestor de Internacionaliza\u00e7\u00e3o, a Copsul, al\u00e9m de reunir especialistas e institui\u00e7\u00f5es para debater solu\u00e7\u00f5es locais e globais em sustentabilidade e transi\u00e7\u00e3o clim\u00e1tica, pretende conectar a cidade \u00e0 agenda da COP30, que come\u00e7a a partir do dia 10 deste m\u00eas em Bel\u00e9m (PA).<\/p>\n<p>A programa\u00e7\u00e3o inicia entre os dias 10 e 20 com rodas de conversa com comunidades de diferentes territ\u00f3rios do munic\u00edpio, na zona urbana, rural e praias. Na pauta, temas como resili\u00eancia em cidades, infraestrutura e \u00e1gua, desenvolvimento humano e social, transi\u00e7\u00e3o nos setores de energia, ind\u00fastria e transporte, gest\u00e3o sustent\u00e1vel de florestas, oceanos e biodiversidade, agricultura, sistemas alimentares e g\u00eanero.<\/p>\n<p>O restante da programa\u00e7\u00e3o, entre 24 e 28, se divide em cinco tem\u00e1ticas (Resili\u00eancia clim\u00e1tica e transforma\u00e7\u00e3o urbana, Economia sustent\u00e1vel e inova\u00e7\u00e3o, Sociedade justa e inclusiva, Energia e transi\u00e7\u00e3o justa e Natureza, alimentos e comunidades).<\/p>\n<h4 style=\"text-align: center;\">Mostra<\/h4>\n<p>A programa\u00e7\u00e3o tamb\u00e9m disp\u00f5e da Mostra de Boas Pr\u00e1ticas, Pesquisa e Inova\u00e7\u00e3o \u2013 Copsul 2025. O objetivo \u00e9 reunir e divulgar iniciativas, pesquisas e projetos que contribuem para o desenvolvimento sustent\u00e1vel, a resili\u00eancia urbana e a transi\u00e7\u00e3o ecol\u00f3gica justa nas cidades do Sul do Brasil. Ser\u00e3o selecionadas at\u00e9 20 propostas pela comiss\u00e3o interna da Copsul. Podem participar gestores e servidores p\u00fablicos, pesquisadores, estudantes, organiza\u00e7\u00f5es sociais, startups, empresas e pessoas engajadas nesta tem\u00e1tica. Inscri\u00e7\u00f5es via link <a href=\"https:\/\/docs.google.com\/forms\/d\/1ay8qbMhE7txiMzpo5Sxf7E9K6QALsoOJhbuDvyfUYhM\/viewform?edit_requested=true\" target=\"_blank\" rel=\"noopener noreferrer\">https:\/\/docs.google.com\/forms\/d\/1ay8qbMhE7txiMzpo5Sxf7E9K6QALsoOJhbuDvyfUYhM\/viewform?edit_requested=true<\/a> v\u00e3o at\u00e9 o dia 18 deste m\u00eas. A Mostra, aberta ao p\u00fablico, ser\u00e1 realizada dia 25, das 17h \u00e0s 20h, na sede da Otroporto (rua Benjamin Constant, 701A).<\/p>\n<p>&nbsp;<\/p>\n","protected":false},"excerpt":{"rendered":"<p>Institui\u00e7\u00f5es, que comp\u00f5em o Comit\u00ea Gestor de Internacionaliza\u00e7\u00e3o, far\u00e3o o lan\u00e7amento da marca e do evento paralelo \u00e0 COP30 nesta sexta-feira (7), no Pa\u00e7o Municipal O Comit\u00ea Gestor de Internacionaliza\u00e7\u00e3o<\/p>\n","protected":false},"author":3,"featured_media":114967,"comment_status":"closed","ping_status":"closed","sticky":false,"template":"","format":"standard","meta":[],"categories":[305,149],"tags":[],"_links":{"self":[{"href":"https:\/\/diariodamanhapelotas.com.br\/site\/wp-json\/wp\/v2\/posts\/148741"}],"collection":[{"href":"https:\/\/diariodamanhapelotas.com.br\/site\/wp-json\/wp\/v2\/posts"}],"about":[{"href":"https:\/\/diariodamanhapelotas.com.br\/site\/wp-json\/wp\/v2\/types\/post"}],"author":[{"embeddable":true,"href":"https:\/\/diariodamanhapelotas.com.br\/site\/wp-json\/wp\/v2\/users\/3"}],"replies":[{"embeddable":true,"href":"https:\/\/diariodamanhapelotas.com.br\/site\/wp-json\/wp\/v2\/comments?post=148741"}],"version-history":[{"count":1,"href":"https:\/\/diariodamanhapelotas.com.br\/site\/wp-json\/wp\/v2\/posts\/148741\/revisions"}],"predecessor-version":[{"id":148743,"href":"https:\/\/diariodamanhapelotas.com.br\/site\/wp-json\/wp\/v2\/posts\/148741\/revisions\/148743"}],"wp:featuredmedia":[{"embeddable":true,"href":"https:\/\/diariodamanhapelotas.com.br\/site\/wp-json\/wp\/v2\/media\/114967"}],"wp:attachment":[{"href":"https:\/\/diariodamanhapelotas.com.br\/site\/wp-json\/wp\/v2\/media?parent=148741"}],"wp:term":[{"taxonomy":"category","embeddable":true,"href":"https:\/\/diariodamanhapelotas.com.br\/site\/wp-json\/wp\/v2\/categories?post=148741"},{"taxonomy":"post_tag","embeddable":true,"href":"https:\/\/diariodamanhapelotas.com.br\/site\/wp-json\/wp\/v2\/tags?post=148741"}],"curies":[{"name":"wp","href":"https:\/\/api.w.org\/{rel}","templated":true}]}}