{"id":148744,"date":"2025-11-04T16:05:52","date_gmt":"2025-11-04T19:05:52","guid":{"rendered":"https:\/\/diariodamanhapelotas.com.br\/site\/?p=148744"},"modified":"2025-11-04T16:05:52","modified_gmt":"2025-11-04T19:05:52","slug":"ii-jornada-geek-da-gibiteca-da-ufpel-recebe-autoras-e-abre-espaco-para-apresentacoes-de-trabalhos-em-2025","status":"publish","type":"post","link":"https:\/\/diariodamanhapelotas.com.br\/site\/ii-jornada-geek-da-gibiteca-da-ufpel-recebe-autoras-e-abre-espaco-para-apresentacoes-de-trabalhos-em-2025\/","title":{"rendered":"II Jornada Geek da Gibiteca da UFPel recebe autoras e abre espa\u00e7o para apresenta\u00e7\u00f5es de trabalhos em 2025"},"content":{"rendered":"<h3 style=\"text-align: center;\"><em>A programa\u00e7\u00e3o inclui palestras e apresenta\u00e7\u00e3o de trabalhos, al\u00e9m de visita guiada ao acervo<\/em><\/h3>\n<p><img loading=\"lazy\" class=\" wp-image-148745 alignright\" src=\"https:\/\/diariodamanhapelotas.com.br\/site\/wp-content\/uploads\/2025\/11\/jornada-geek-gibiteca.jpg\" alt=\"\" width=\"345\" height=\"484\" srcset=\"https:\/\/diariodamanhapelotas.com.br\/site\/wp-content\/uploads\/2025\/11\/jornada-geek-gibiteca.jpg 428w, https:\/\/diariodamanhapelotas.com.br\/site\/wp-content\/uploads\/2025\/11\/jornada-geek-gibiteca-214x300.jpg 214w, https:\/\/diariodamanhapelotas.com.br\/site\/wp-content\/uploads\/2025\/11\/jornada-geek-gibiteca-107x150.jpg 107w\" sizes=\"(max-width: 345px) 100vw, 345px\" \/>A Gibiteca da Universidade Federal de Pelotas (UFPel) realiza a segunda edi\u00e7\u00e3o da Jornada Geek, evento gratuito e com emiss\u00e3o de certificado. A programa\u00e7\u00e3o inclui palestras com pesquisadoras da \u00e1rea, sess\u00f5es de apresenta\u00e7\u00e3o de trabalhos e visita guiada ao acervo da Gibiteca.<\/p>\n<p>No dia 8 de novembro, a programa\u00e7\u00e3o ocorre no Audit\u00f3rio do Museu do Doce (Pra\u00e7a Cel. Pedro Os\u00f3rio, 8). Pela manh\u00e3, das 9h \u00e0s 12h, ocorrer\u00e1 as sess\u00f5es de comunica\u00e7\u00e3o. \u00c0 tarde, das 14h \u00e0s 16h, o evento recebe tr\u00eas palestras com autoras convidadas:<\/p>\n<p>14h \u2013 Representando o passado: a for\u00e7a das HQs na sala de aula, com a professora Arantxa Sanches da Silva, professora na Escola de Ensino Fundamental Vis\u00e3o e do curso Preparat\u00f3rio Garra;<\/p>\n<p>14h30 \u2013 Uma HQ sobre Carolina de Jesus, com a professora N\u00e1dia da Cruz Senna, docente do curso de Artes Visuais e do Programa de P\u00f3s-Gradua\u00e7\u00e3o em Artes Visuais da UFPel;<\/p>\n<p>15h \u2013 Os vil\u00f5es da cultura pop como constru\u00e7\u00f5es imagin\u00e1rias, com a professora M\u00f4nica Lima de Faria, professora do Curso de Design de Jogos da UFPel.<\/p>\n<p>J\u00e1 no dia 10 de novembro, das 14h \u00e0s 18h, o evento continua no Campus das Ci\u00eancias Humanas e Sociais (ICH), com visita \u00e0 Gibiteca da UFPel, onde os participantes poder\u00e3o conhecer o espa\u00e7o, ler ou doar HQs.<\/p>\n<p>A II Jornada Geek \u00e9 uma realiza\u00e7\u00e3o da Gibiteca da UFPel e da Universidade Federal de Pelotas, com apoio do Museu do Doce.<\/p>\n","protected":false},"excerpt":{"rendered":"<p>A programa\u00e7\u00e3o inclui palestras e apresenta\u00e7\u00e3o de trabalhos, al\u00e9m de visita guiada ao acervo A Gibiteca da Universidade Federal de Pelotas (UFPel) realiza a segunda edi\u00e7\u00e3o da Jornada Geek, evento<\/p>\n","protected":false},"author":3,"featured_media":140460,"comment_status":"closed","ping_status":"closed","sticky":false,"template":"","format":"standard","meta":[],"categories":[305,32],"tags":[],"_links":{"self":[{"href":"https:\/\/diariodamanhapelotas.com.br\/site\/wp-json\/wp\/v2\/posts\/148744"}],"collection":[{"href":"https:\/\/diariodamanhapelotas.com.br\/site\/wp-json\/wp\/v2\/posts"}],"about":[{"href":"https:\/\/diariodamanhapelotas.com.br\/site\/wp-json\/wp\/v2\/types\/post"}],"author":[{"embeddable":true,"href":"https:\/\/diariodamanhapelotas.com.br\/site\/wp-json\/wp\/v2\/users\/3"}],"replies":[{"embeddable":true,"href":"https:\/\/diariodamanhapelotas.com.br\/site\/wp-json\/wp\/v2\/comments?post=148744"}],"version-history":[{"count":1,"href":"https:\/\/diariodamanhapelotas.com.br\/site\/wp-json\/wp\/v2\/posts\/148744\/revisions"}],"predecessor-version":[{"id":148746,"href":"https:\/\/diariodamanhapelotas.com.br\/site\/wp-json\/wp\/v2\/posts\/148744\/revisions\/148746"}],"wp:featuredmedia":[{"embeddable":true,"href":"https:\/\/diariodamanhapelotas.com.br\/site\/wp-json\/wp\/v2\/media\/140460"}],"wp:attachment":[{"href":"https:\/\/diariodamanhapelotas.com.br\/site\/wp-json\/wp\/v2\/media?parent=148744"}],"wp:term":[{"taxonomy":"category","embeddable":true,"href":"https:\/\/diariodamanhapelotas.com.br\/site\/wp-json\/wp\/v2\/categories?post=148744"},{"taxonomy":"post_tag","embeddable":true,"href":"https:\/\/diariodamanhapelotas.com.br\/site\/wp-json\/wp\/v2\/tags?post=148744"}],"curies":[{"name":"wp","href":"https:\/\/api.w.org\/{rel}","templated":true}]}}