{"id":148747,"date":"2025-11-04T16:10:09","date_gmt":"2025-11-04T19:10:09","guid":{"rendered":"https:\/\/diariodamanhapelotas.com.br\/site\/?p=148747"},"modified":"2025-11-04T16:10:09","modified_gmt":"2025-11-04T19:10:09","slug":"operacao-para-reduzir-acidentes-no-transito","status":"publish","type":"post","link":"https:\/\/diariodamanhapelotas.com.br\/site\/operacao-para-reduzir-acidentes-no-transito\/","title":{"rendered":"Opera\u00e7\u00e3o para reduzir acidentes no tr\u00e2nsito"},"content":{"rendered":"<h3 style=\"text-align: center;\"><em>Secretarias de Transporte e Tr\u00e2nsito e de Seguran\u00e7a P\u00fablica trabalham em conjunto<\/em><\/h3>\n<p><span style=\"font-style: inherit; font-weight: inherit;\"><span style=\"font-size: medium;\">Na manh\u00e3 desta ter\u00e7a-feira (4), a Prefeitura de Pelotas promoveu opera\u00e7\u00e3o conjunta entre as secretarias de Transporte e Tr\u00e2nsito (STT) e de Seguran\u00e7a P\u00fablica (SSP), para redu\u00e7\u00e3o de sinistralidade. A blitz transcorreu na avenida Presidente Juscelino Kubitschek de Oliveira com abordagem de 237 ve\u00edculos por agentes de tr\u00e2nsito e guardas municipais.<\/span><\/span><\/p>\n<p><span style=\"font-style: inherit; font-weight: inherit;\"><span style=\"font-size: medium;\">A STT explica que sinistralidade refere-se a ocorr\u00eancias que resultem em danos, ferimentos ou morte no tr\u00e2nsito e que a fiscaliza\u00e7\u00e3o \u00e9 uma das ferramentas utilizadas pelos agentes e guardas para reduzir os riscos. Dos 237 ve\u00edculos abordados, 18 receberam notifica\u00e7\u00e3o, um foi recolhido e 18 autos de infra\u00e7\u00e3o foram emitidos.<\/span><\/span><\/p>\n<p><img loading=\"lazy\" class=\" wp-image-148749 aligncenter\" src=\"https:\/\/diariodamanhapelotas.com.br\/site\/wp-content\/uploads\/2025\/11\/blitz-agente-de-transito-azuizinhos-ricardo-bandar-2.jpeg\" alt=\"\" width=\"660\" height=\"371\" srcset=\"https:\/\/diariodamanhapelotas.com.br\/site\/wp-content\/uploads\/2025\/11\/blitz-agente-de-transito-azuizinhos-ricardo-bandar-2.jpeg 800w, https:\/\/diariodamanhapelotas.com.br\/site\/wp-content\/uploads\/2025\/11\/blitz-agente-de-transito-azuizinhos-ricardo-bandar-2-300x169.jpeg 300w, https:\/\/diariodamanhapelotas.com.br\/site\/wp-content\/uploads\/2025\/11\/blitz-agente-de-transito-azuizinhos-ricardo-bandar-2-150x84.jpeg 150w, https:\/\/diariodamanhapelotas.com.br\/site\/wp-content\/uploads\/2025\/11\/blitz-agente-de-transito-azuizinhos-ricardo-bandar-2-768x432.jpeg 768w\" sizes=\"(max-width: 660px) 100vw, 660px\" \/><\/p>\n<p><span style=\"font-style: inherit; font-weight: inherit;\"><span style=\"font-size: medium;\">Dos 18 autos de infra\u00e7\u00e3o, dez referiram-se a licenciamento, quatro a condutores sem Carteira Nacional de Habilita\u00e7\u00e3o (CNH), dois por permiss\u00e3o para conduzir sem CNH e um por CNH vencida.<\/span><\/span><\/p>\n<p><span style=\"font-style: inherit; font-weight: inherit;\"><span style=\"font-size: medium;\">A STT participou da opera\u00e7\u00e3o com tr\u00eas viaturas e 11 agentes e a SSP com duas viaturas e cinco guardas municipais.<\/span><\/span><\/p>\n<p>Fotos: Ricardo Bandar<\/p>\n","protected":false},"excerpt":{"rendered":"<p>Secretarias de Transporte e Tr\u00e2nsito e de Seguran\u00e7a P\u00fablica trabalham em conjunto Na manh\u00e3 desta ter\u00e7a-feira (4), a Prefeitura de Pelotas promoveu opera\u00e7\u00e3o conjunta entre as secretarias de Transporte e<\/p>\n","protected":false},"author":3,"featured_media":148748,"comment_status":"closed","ping_status":"closed","sticky":false,"template":"","format":"standard","meta":[],"categories":[305,33],"tags":[],"_links":{"self":[{"href":"https:\/\/diariodamanhapelotas.com.br\/site\/wp-json\/wp\/v2\/posts\/148747"}],"collection":[{"href":"https:\/\/diariodamanhapelotas.com.br\/site\/wp-json\/wp\/v2\/posts"}],"about":[{"href":"https:\/\/diariodamanhapelotas.com.br\/site\/wp-json\/wp\/v2\/types\/post"}],"author":[{"embeddable":true,"href":"https:\/\/diariodamanhapelotas.com.br\/site\/wp-json\/wp\/v2\/users\/3"}],"replies":[{"embeddable":true,"href":"https:\/\/diariodamanhapelotas.com.br\/site\/wp-json\/wp\/v2\/comments?post=148747"}],"version-history":[{"count":1,"href":"https:\/\/diariodamanhapelotas.com.br\/site\/wp-json\/wp\/v2\/posts\/148747\/revisions"}],"predecessor-version":[{"id":148750,"href":"https:\/\/diariodamanhapelotas.com.br\/site\/wp-json\/wp\/v2\/posts\/148747\/revisions\/148750"}],"wp:featuredmedia":[{"embeddable":true,"href":"https:\/\/diariodamanhapelotas.com.br\/site\/wp-json\/wp\/v2\/media\/148748"}],"wp:attachment":[{"href":"https:\/\/diariodamanhapelotas.com.br\/site\/wp-json\/wp\/v2\/media?parent=148747"}],"wp:term":[{"taxonomy":"category","embeddable":true,"href":"https:\/\/diariodamanhapelotas.com.br\/site\/wp-json\/wp\/v2\/categories?post=148747"},{"taxonomy":"post_tag","embeddable":true,"href":"https:\/\/diariodamanhapelotas.com.br\/site\/wp-json\/wp\/v2\/tags?post=148747"}],"curies":[{"name":"wp","href":"https:\/\/api.w.org\/{rel}","templated":true}]}}