{"id":148751,"date":"2025-11-04T16:14:19","date_gmt":"2025-11-04T19:14:19","guid":{"rendered":"https:\/\/diariodamanhapelotas.com.br\/site\/?p=148751"},"modified":"2025-11-04T16:14:19","modified_gmt":"2025-11-04T19:14:19","slug":"cras-tres-vendas-promove-acao-social-em-familia","status":"publish","type":"post","link":"https:\/\/diariodamanhapelotas.com.br\/site\/cras-tres-vendas-promove-acao-social-em-familia\/","title":{"rendered":"Cras Tr\u00eas Vendas promove A\u00e7\u00e3o Social em Fam\u00edlia"},"content":{"rendered":"<h3 style=\"text-align: center;\"><em>Est\u00e3o previstas diversas atividades abertas a toda a comunidade<\/em><\/h3>\n<p>O Centro de Refer\u00eancia de Assist\u00eancia Social (Cras) Tr\u00eas Vendas promove a \u201cA\u00e7\u00e3o Social em Fam\u00edlia\u201d, no pr\u00f3ximo s\u00e1bado (8), das 9h \u00e0s 12h, em que ser\u00e3o oferecidas diversas atividades de lazer, a\u00e7\u00f5es de sa\u00fade, jur\u00eddicas, educativas e de oportunidades. A programa\u00e7\u00e3o foi montada com diversas parcerias, e ser\u00e1 realizada na Escola Francisco Caruccio (avenida Leopoldo Brod, 370).<\/p>\n<p>J\u00e1 est\u00e1 confirmada a participa\u00e7\u00e3o do projeto Direito na Rua, da Universidade Cat\u00f3lica de Pelotas (UCPel), que oferece assist\u00eancia jur\u00eddica. A equipe, al\u00e9m de esclarecimentos de d\u00favidas, far\u00e1 encaminhamentos para a\u00e7\u00f5es judiciais.<\/p>\n<p>A UCPel tamb\u00e9m far\u00e1 atendimento de sa\u00fade, por meio do N\u00facleo de Sa\u00fade Coletiva do Hospital Universit\u00e1rio (HU), curso de Medicina, resid\u00eancia m\u00e9dica em Medicina de Fam\u00edlia e Comunidade do HU, e projeto ColetivaMente. Ser\u00e3o oferecidas a\u00e7\u00f5es de educa\u00e7\u00e3o e promo\u00e7\u00e3o em sa\u00fade sobre preven\u00e7\u00e3o ao c\u00e2ncer de colo de \u00fatero e mama, exame cl\u00ednico e solicita\u00e7\u00e3o de mamografia para usu\u00e1rias do territ\u00f3rio da Unidade B\u00e1sica de Sa\u00fade (UBS) CAIC; e vacina\u00e7\u00e3o contra o HPV e atualiza\u00e7\u00e3o da caderneta vacinal e testes r\u00e1pidos como HIV, S\u00edfilis, HCV e hepatite B.<\/p>\n<p>A faculdade de Odontologia da Universidade Federal de Pelotas (UFPel) oferecer\u00e1 orienta\u00e7\u00e3o sobre sa\u00fade bucal, cuidados com a sa\u00fade bucal desde o nascimento, sobre tipos de escova, fio e creme dental; e sobre preven\u00e7\u00e3o de c\u00e1ries, doen\u00e7as periodontais, traumatismos dent\u00e1rios e c\u00e2ncer bucal.<\/p>\n<p>O Vida Ativa oferecer\u00e1 aul\u00e3o de ritmos, e a equipe do Cadastro \u00danico oferecer\u00e1 informa\u00e7\u00f5es sobre o programa. Tamb\u00e9m ter\u00e1 Cabide Solid\u00e1rio com doa\u00e7\u00e3o de roupas. A Secretaria de Qualidade Ambiental (SQA) levar\u00e1 o Zooando, mascote que conscientiza sobre a preven\u00e7\u00e3o de zoonoses, doen\u00e7as transmitidas por animais. Integrantes do Ex\u00e9rcito da Salva\u00e7\u00e3o, entidade conveniada com a Secretaria de Assist\u00eancia Social (SAS), abrir\u00e1 novas vagas para o Servi\u00e7o de Conviv\u00eancia e Fortalecimento de V\u00ednculos (SCFV).<\/p>\n<p>Al\u00e9m disso, o Instituto Mix far\u00e1 cortes de cabelo em homens e mulheres, a ag\u00eancia Abre far\u00e1 inscri\u00e7\u00f5es para o programa Jovem Aprendiz, usu\u00e1rios do Cras ter\u00e3o banquinhas de venda de lanches r\u00e1pidos, e uma representante da Mary Kay oferecer\u00e1 spa de m\u00e3os para as participantes do evento.<\/p>\n<p>Foto: Paula Schild Mascarenhas<\/p>\n","protected":false},"excerpt":{"rendered":"<p>Est\u00e3o previstas diversas atividades abertas a toda a comunidade O Centro de Refer\u00eancia de Assist\u00eancia Social (Cras) Tr\u00eas Vendas promove a \u201cA\u00e7\u00e3o Social em Fam\u00edlia\u201d, no pr\u00f3ximo s\u00e1bado (8), das<\/p>\n","protected":false},"author":3,"featured_media":148752,"comment_status":"closed","ping_status":"closed","sticky":false,"template":"","format":"standard","meta":[],"categories":[305,149],"tags":[],"_links":{"self":[{"href":"https:\/\/diariodamanhapelotas.com.br\/site\/wp-json\/wp\/v2\/posts\/148751"}],"collection":[{"href":"https:\/\/diariodamanhapelotas.com.br\/site\/wp-json\/wp\/v2\/posts"}],"about":[{"href":"https:\/\/diariodamanhapelotas.com.br\/site\/wp-json\/wp\/v2\/types\/post"}],"author":[{"embeddable":true,"href":"https:\/\/diariodamanhapelotas.com.br\/site\/wp-json\/wp\/v2\/users\/3"}],"replies":[{"embeddable":true,"href":"https:\/\/diariodamanhapelotas.com.br\/site\/wp-json\/wp\/v2\/comments?post=148751"}],"version-history":[{"count":1,"href":"https:\/\/diariodamanhapelotas.com.br\/site\/wp-json\/wp\/v2\/posts\/148751\/revisions"}],"predecessor-version":[{"id":148753,"href":"https:\/\/diariodamanhapelotas.com.br\/site\/wp-json\/wp\/v2\/posts\/148751\/revisions\/148753"}],"wp:featuredmedia":[{"embeddable":true,"href":"https:\/\/diariodamanhapelotas.com.br\/site\/wp-json\/wp\/v2\/media\/148752"}],"wp:attachment":[{"href":"https:\/\/diariodamanhapelotas.com.br\/site\/wp-json\/wp\/v2\/media?parent=148751"}],"wp:term":[{"taxonomy":"category","embeddable":true,"href":"https:\/\/diariodamanhapelotas.com.br\/site\/wp-json\/wp\/v2\/categories?post=148751"},{"taxonomy":"post_tag","embeddable":true,"href":"https:\/\/diariodamanhapelotas.com.br\/site\/wp-json\/wp\/v2\/tags?post=148751"}],"curies":[{"name":"wp","href":"https:\/\/api.w.org\/{rel}","templated":true}]}}