{"id":148757,"date":"2025-11-04T16:21:02","date_gmt":"2025-11-04T19:21:02","guid":{"rendered":"https:\/\/diariodamanhapelotas.com.br\/site\/?p=148757"},"modified":"2025-11-04T16:21:02","modified_gmt":"2025-11-04T19:21:02","slug":"prazo-para-recadastramento-no-prevpel-e-prorrogado-ate-dezembro","status":"publish","type":"post","link":"https:\/\/diariodamanhapelotas.com.br\/site\/prazo-para-recadastramento-no-prevpel-e-prorrogado-ate-dezembro\/","title":{"rendered":"Prazo para recadastramento no Prevpel \u00e9 prorrogado at\u00e9 dezembro"},"content":{"rendered":"<h3 style=\"text-align: center;\"><em>Caso n\u00e3o respondam ao recadastramento dentro do prazo, aposentados e pensionistas poder\u00e3o ter o benef\u00edcio suspenso<\/em><\/h3>\n<p>Foi prorrogado at\u00e9 o dia 30 de dezembro, o prazo para o recadastramento obrigat\u00f3rio de aposentados e pensionistas do Instituto de Previd\u00eancia dos Servidores P\u00fablicos Municipais de Pelotas (Prevpel). At\u00e9 o momento, 900 benefici\u00e1rios ainda n\u00e3o realizaram o processo conhecido como prova de vida,\u00a0 que pode ser feito presencialmente na sede do Prevpel, ou pelo e-mail prevpel.previdencia@pelotas.rs.gov.br, ou ainda pelo aplicativo Geprev.<\/p>\n<p>Os aposentados e pensionistas que ainda n\u00e3o fizeram a prova de vida ser\u00e3o notificados por Secretaria Municipal de Sa\u00fade. Quem n\u00e3o fizer o recadastramento, ter\u00e1 a suspens\u00e3o do pagamento dos benef\u00edcios previdenci\u00e1rios a partir de janeiro de 2026.<\/p>\n<p>Os documentos necess\u00e1rios para o recadastramento s\u00e3o: Identidade, CPF, comprovante de resid\u00eancia, Curatela, ou Tutela (se possuir). Na forma virtual, deve apresentar atestado m\u00e9dico atualizado (m\u00e1ximo 30 dias), ou declara\u00e7\u00e3o de vida e resid\u00eancia com assinatura reconhecida por autenticidade (para quem reside fora do munic\u00edpio).<\/p>\n<p>Foto: Paula Schild Mascarenhas<\/p>\n","protected":false},"excerpt":{"rendered":"<p>Caso n\u00e3o respondam ao recadastramento dentro do prazo, aposentados e pensionistas poder\u00e3o ter o benef\u00edcio suspenso Foi prorrogado at\u00e9 o dia 30 de dezembro, o prazo para o recadastramento obrigat\u00f3rio<\/p>\n","protected":false},"author":3,"featured_media":148758,"comment_status":"closed","ping_status":"closed","sticky":false,"template":"","format":"standard","meta":[],"categories":[305,149],"tags":[],"_links":{"self":[{"href":"https:\/\/diariodamanhapelotas.com.br\/site\/wp-json\/wp\/v2\/posts\/148757"}],"collection":[{"href":"https:\/\/diariodamanhapelotas.com.br\/site\/wp-json\/wp\/v2\/posts"}],"about":[{"href":"https:\/\/diariodamanhapelotas.com.br\/site\/wp-json\/wp\/v2\/types\/post"}],"author":[{"embeddable":true,"href":"https:\/\/diariodamanhapelotas.com.br\/site\/wp-json\/wp\/v2\/users\/3"}],"replies":[{"embeddable":true,"href":"https:\/\/diariodamanhapelotas.com.br\/site\/wp-json\/wp\/v2\/comments?post=148757"}],"version-history":[{"count":1,"href":"https:\/\/diariodamanhapelotas.com.br\/site\/wp-json\/wp\/v2\/posts\/148757\/revisions"}],"predecessor-version":[{"id":148759,"href":"https:\/\/diariodamanhapelotas.com.br\/site\/wp-json\/wp\/v2\/posts\/148757\/revisions\/148759"}],"wp:featuredmedia":[{"embeddable":true,"href":"https:\/\/diariodamanhapelotas.com.br\/site\/wp-json\/wp\/v2\/media\/148758"}],"wp:attachment":[{"href":"https:\/\/diariodamanhapelotas.com.br\/site\/wp-json\/wp\/v2\/media?parent=148757"}],"wp:term":[{"taxonomy":"category","embeddable":true,"href":"https:\/\/diariodamanhapelotas.com.br\/site\/wp-json\/wp\/v2\/categories?post=148757"},{"taxonomy":"post_tag","embeddable":true,"href":"https:\/\/diariodamanhapelotas.com.br\/site\/wp-json\/wp\/v2\/tags?post=148757"}],"curies":[{"name":"wp","href":"https:\/\/api.w.org\/{rel}","templated":true}]}}