{"id":148760,"date":"2025-11-04T16:23:42","date_gmt":"2025-11-04T19:23:42","guid":{"rendered":"https:\/\/diariodamanhapelotas.com.br\/site\/?p=148760"},"modified":"2025-11-04T16:23:42","modified_gmt":"2025-11-04T19:23:42","slug":"pelotas-se-prepara-para-o-1o-encontro-de-caiaqueiros-na-rota-das-charqueadas","status":"publish","type":"post","link":"https:\/\/diariodamanhapelotas.com.br\/site\/pelotas-se-prepara-para-o-1o-encontro-de-caiaqueiros-na-rota-das-charqueadas\/","title":{"rendered":"Pelotas se prepara para o 1\u00ba Encontro de Caiaqueiros na Rota das Charqueadas"},"content":{"rendered":"<h3 style=\"text-align: center;\"><em>O evento ser\u00e1 realizado no dia 16, e combina esportes, cultura e m\u00fasica \u00e0 beira do Arroio Pelotas<\/em><\/h3>\n<p>O munic\u00edpio se prepara para o 1\u00ba Encontro de Caiaqueiros, que ser\u00e1 realizado no dia 16 deste m\u00eas, no Arroio Pelotas, percurso que promete uma imers\u00e3o na rota das Charqueadas. O ponto de partida ser\u00e1 na Sede Anibal V\u00eddal do Centro Portugu\u00eas, \u00e0s 9h, para um trajeto de nove quil\u00f4metros, ida e volta, com paradas nas charqueadas da Boa Vista, Costa do Abolengo, S\u00e3o Jo\u00e3o e Santa Rita, onde os participantes ser\u00e3o recebidos com apresenta\u00e7\u00f5es e roteiros hist\u00f3ricos que resgatam o legado das antigas charqueadas. As inscri\u00e7\u00f5es, j\u00e1 est\u00e3o abertas e devem ser feitas pelo endere\u00e7o <a href=\"https:\/\/sl1nk.com\/QE3v4\" target=\"_blank\" rel=\"noopener noreferrer\"><strong>https:\/\/sl1nk.com\/QE3v4<\/strong><\/a>.<\/p>\n<p>O secret\u00e1rio de Turismo, Danilo Rodrigues, destacou a proposta de valoriza\u00e7\u00e3o da rota das charqueadas. \u201cNosso objetivo \u00e9 adotar uma perspectiva tur\u00edstica que evidencie a relev\u00e2ncia das \u00e1guas do Arroio Pelotas na constru\u00e7\u00e3o da cidade, al\u00e9m de ressaltar o papel das charqueadas no \u00e2mbito hist\u00f3rico, econ\u00f4mico, cultural e no progresso do munic\u00edpio. Tamb\u00e9m almejamos que a cidade seja reconhecida como um destino tur\u00edstico que favore\u00e7a a pr\u00e1tica de atividades n\u00e1uticas e aqu\u00e1ticas\u201d.<\/p>\n<p>Enquanto os caiaques percorrem o trajeto, uma programa\u00e7\u00e3o acontece em solo firme no Centro Portugu\u00eas, oferecendo atividades para toda a fam\u00edlia. Ter\u00e1 mateada, brinquedos para as crian\u00e7as e sorteios de pr\u00eamios ao longo do dia, finalizando com a entrega do principal pr\u00eamio: um caiaque novinho. O evento ser\u00e1 encerrado com a apresenta\u00e7\u00e3o da dupla Claus e Vanessa. Todas as atividades no Centro Portugu\u00eas s\u00e3o abertas ao p\u00fablico, mediante a doa\u00e7\u00e3o de um quilo de alimento n\u00e3o perec\u00edvel.<\/p>\n<p>Foto: Pablo Grigoletti<\/p>\n","protected":false},"excerpt":{"rendered":"<p>O evento ser\u00e1 realizado no dia 16, e combina esportes, cultura e m\u00fasica \u00e0 beira do Arroio Pelotas O munic\u00edpio se prepara para o 1\u00ba Encontro de Caiaqueiros, que ser\u00e1<\/p>\n","protected":false},"author":3,"featured_media":148761,"comment_status":"closed","ping_status":"closed","sticky":false,"template":"","format":"standard","meta":[],"categories":[305,149],"tags":[],"_links":{"self":[{"href":"https:\/\/diariodamanhapelotas.com.br\/site\/wp-json\/wp\/v2\/posts\/148760"}],"collection":[{"href":"https:\/\/diariodamanhapelotas.com.br\/site\/wp-json\/wp\/v2\/posts"}],"about":[{"href":"https:\/\/diariodamanhapelotas.com.br\/site\/wp-json\/wp\/v2\/types\/post"}],"author":[{"embeddable":true,"href":"https:\/\/diariodamanhapelotas.com.br\/site\/wp-json\/wp\/v2\/users\/3"}],"replies":[{"embeddable":true,"href":"https:\/\/diariodamanhapelotas.com.br\/site\/wp-json\/wp\/v2\/comments?post=148760"}],"version-history":[{"count":1,"href":"https:\/\/diariodamanhapelotas.com.br\/site\/wp-json\/wp\/v2\/posts\/148760\/revisions"}],"predecessor-version":[{"id":148762,"href":"https:\/\/diariodamanhapelotas.com.br\/site\/wp-json\/wp\/v2\/posts\/148760\/revisions\/148762"}],"wp:featuredmedia":[{"embeddable":true,"href":"https:\/\/diariodamanhapelotas.com.br\/site\/wp-json\/wp\/v2\/media\/148761"}],"wp:attachment":[{"href":"https:\/\/diariodamanhapelotas.com.br\/site\/wp-json\/wp\/v2\/media?parent=148760"}],"wp:term":[{"taxonomy":"category","embeddable":true,"href":"https:\/\/diariodamanhapelotas.com.br\/site\/wp-json\/wp\/v2\/categories?post=148760"},{"taxonomy":"post_tag","embeddable":true,"href":"https:\/\/diariodamanhapelotas.com.br\/site\/wp-json\/wp\/v2\/tags?post=148760"}],"curies":[{"name":"wp","href":"https:\/\/api.w.org\/{rel}","templated":true}]}}