{"id":148763,"date":"2025-11-04T16:55:48","date_gmt":"2025-11-04T19:55:48","guid":{"rendered":"https:\/\/diariodamanhapelotas.com.br\/site\/?p=148763"},"modified":"2025-11-04T16:55:48","modified_gmt":"2025-11-04T19:55:48","slug":"edital-de-leilao-e-intimacao-de-everaldo-de-avila-ortiz","status":"publish","type":"post","link":"https:\/\/diariodamanhapelotas.com.br\/site\/edital-de-leilao-e-intimacao-de-everaldo-de-avila-ortiz\/","title":{"rendered":"Edital de Leil\u00e3o e Intima\u00e7\u00e3o de Everaldo de \u00c1vila Ortiz"},"content":{"rendered":"<p><strong>Edital publicado em 04 de novembro de 2025.<\/strong><\/p>\n<p><a href=\"http:\/\/www.tonialleiloes.com.br\" target=\"_blank\" rel=\"noopener noreferrer\"><img loading=\"lazy\" class=\"size-full wp-image-148768 aligncenter\" src=\"https:\/\/diariodamanhapelotas.com.br\/site\/wp-content\/uploads\/2025\/11\/edital-everaldo-ortiz-assinado-imagens-01.jpg\" rel=\"lightbox\" title=\"Edital de Leil\u00e3o e Intima\u00e7\u00e3o de Everaldo de \u00c1vila Ortiz\" alt=\"\" width=\"559\" height=\"600\" srcset=\"https:\/\/diariodamanhapelotas.com.br\/site\/wp-content\/uploads\/2025\/11\/edital-everaldo-ortiz-assinado-imagens-01.jpg 559w, https:\/\/diariodamanhapelotas.com.br\/site\/wp-content\/uploads\/2025\/11\/edital-everaldo-ortiz-assinado-imagens-01-280x300.jpg 280w, https:\/\/diariodamanhapelotas.com.br\/site\/wp-content\/uploads\/2025\/11\/edital-everaldo-ortiz-assinado-imagens-01-140x150.jpg 140w\" sizes=\"(max-width: 559px) 100vw, 559px\" \/><\/a><a href=\"http:\/\/www.tonialleiloes.com.br\" target=\"_blank\" rel=\"noopener noreferrer\"><img loading=\"lazy\" class=\"aligncenter wp-image-148767\" src=\"https:\/\/diariodamanhapelotas.com.br\/site\/wp-content\/uploads\/2025\/11\/edital-everaldo-ortiz-assinado-imagens-0.jpg\" rel=\"lightbox\" title=\"Edital de Leil\u00e3o e Intima\u00e7\u00e3o de Everaldo de \u00c1vila Ortiz\" alt=\"\" width=\"559\" height=\"522\" srcset=\"https:\/\/diariodamanhapelotas.com.br\/site\/wp-content\/uploads\/2025\/11\/edital-everaldo-ortiz-assinado-imagens-0.jpg 643w, https:\/\/diariodamanhapelotas.com.br\/site\/wp-content\/uploads\/2025\/11\/edital-everaldo-ortiz-assinado-imagens-0-300x280.jpg 300w, https:\/\/diariodamanhapelotas.com.br\/site\/wp-content\/uploads\/2025\/11\/edital-everaldo-ortiz-assinado-imagens-0-150x140.jpg 150w\" sizes=\"(max-width: 559px) 100vw, 559px\" \/><\/a><a href=\"http:\/\/www.tonialleiloes.com.br\" target=\"_blank\" rel=\"noopener noreferrer\"><img loading=\"lazy\" class=\"aligncenter wp-image-148769\" src=\"https:\/\/diariodamanhapelotas.com.br\/site\/wp-content\/uploads\/2025\/11\/edital-everaldo-ortiz-assinado-imagens-1.jpg\" rel=\"lightbox\" title=\"Edital de Leil\u00e3o e Intima\u00e7\u00e3o de Everaldo de \u00c1vila Ortiz\" alt=\"\" width=\"559\" height=\"380\" srcset=\"https:\/\/diariodamanhapelotas.com.br\/site\/wp-content\/uploads\/2025\/11\/edital-everaldo-ortiz-assinado-imagens-1.jpg 800w, https:\/\/diariodamanhapelotas.com.br\/site\/wp-content\/uploads\/2025\/11\/edital-everaldo-ortiz-assinado-imagens-1-300x204.jpg 300w, https:\/\/diariodamanhapelotas.com.br\/site\/wp-content\/uploads\/2025\/11\/edital-everaldo-ortiz-assinado-imagens-1-150x102.jpg 150w, https:\/\/diariodamanhapelotas.com.br\/site\/wp-content\/uploads\/2025\/11\/edital-everaldo-ortiz-assinado-imagens-1-768x522.jpg 768w\" sizes=\"(max-width: 559px) 100vw, 559px\" \/><\/a><\/p>\n","protected":false},"excerpt":{"rendered":"<p>Edital publicado em 04 de novembro de 2025.<\/p>\n","protected":false},"author":3,"featured_media":116067,"comment_status":"closed","ping_status":"closed","sticky":false,"template":"","format":"standard","meta":[],"categories":[887],"tags":[],"_links":{"self":[{"href":"https:\/\/diariodamanhapelotas.com.br\/site\/wp-json\/wp\/v2\/posts\/148763"}],"collection":[{"href":"https:\/\/diariodamanhapelotas.com.br\/site\/wp-json\/wp\/v2\/posts"}],"about":[{"href":"https:\/\/diariodamanhapelotas.com.br\/site\/wp-json\/wp\/v2\/types\/post"}],"author":[{"embeddable":true,"href":"https:\/\/diariodamanhapelotas.com.br\/site\/wp-json\/wp\/v2\/users\/3"}],"replies":[{"embeddable":true,"href":"https:\/\/diariodamanhapelotas.com.br\/site\/wp-json\/wp\/v2\/comments?post=148763"}],"version-history":[{"count":2,"href":"https:\/\/diariodamanhapelotas.com.br\/site\/wp-json\/wp\/v2\/posts\/148763\/revisions"}],"predecessor-version":[{"id":148770,"href":"https:\/\/diariodamanhapelotas.com.br\/site\/wp-json\/wp\/v2\/posts\/148763\/revisions\/148770"}],"wp:featuredmedia":[{"embeddable":true,"href":"https:\/\/diariodamanhapelotas.com.br\/site\/wp-json\/wp\/v2\/media\/116067"}],"wp:attachment":[{"href":"https:\/\/diariodamanhapelotas.com.br\/site\/wp-json\/wp\/v2\/media?parent=148763"}],"wp:term":[{"taxonomy":"category","embeddable":true,"href":"https:\/\/diariodamanhapelotas.com.br\/site\/wp-json\/wp\/v2\/categories?post=148763"},{"taxonomy":"post_tag","embeddable":true,"href":"https:\/\/diariodamanhapelotas.com.br\/site\/wp-json\/wp\/v2\/tags?post=148763"}],"curies":[{"name":"wp","href":"https:\/\/api.w.org\/{rel}","templated":true}]}}