{"id":148765,"date":"2025-11-04T16:57:42","date_gmt":"2025-11-04T19:57:42","guid":{"rendered":"https:\/\/diariodamanhapelotas.com.br\/site\/?p=148765"},"modified":"2025-11-04T16:57:42","modified_gmt":"2025-11-04T19:57:42","slug":"edital-de-leilao-e-intimacao-de-camila-martins-rita-e-yvani-martins-rita","status":"publish","type":"post","link":"https:\/\/diariodamanhapelotas.com.br\/site\/edital-de-leilao-e-intimacao-de-camila-martins-rita-e-yvani-martins-rita\/","title":{"rendered":"Edital de Leil\u00e3o e Intima\u00e7\u00e3o de Camila Martins Rita e Yvani Martins Rita"},"content":{"rendered":"<p><strong>Edital publicado em 04 de novembro de 2025.<\/strong><\/p>\n<p><a href=\"http:\/\/www.tonialleiloes.com.br\" target=\"_blank\" rel=\"noopener noreferrer\"><img loading=\"lazy\" class=\"aligncenter wp-image-148772\" src=\"https:\/\/diariodamanhapelotas.com.br\/site\/wp-content\/uploads\/2025\/11\/edital-yvani-assinado1.jpg\" rel=\"lightbox\" title=\"Edital de Leil\u00e3o e Intima\u00e7\u00e3o de Camila Martins Rita e Yvani Martins Rita\" alt=\"\" width=\"578\" height=\"580\" srcset=\"https:\/\/diariodamanhapelotas.com.br\/site\/wp-content\/uploads\/2025\/11\/edital-yvani-assinado1.jpg 598w, https:\/\/diariodamanhapelotas.com.br\/site\/wp-content\/uploads\/2025\/11\/edital-yvani-assinado1-300x300.jpg 300w, https:\/\/diariodamanhapelotas.com.br\/site\/wp-content\/uploads\/2025\/11\/edital-yvani-assinado1-150x150.jpg 150w\" sizes=\"(max-width: 578px) 100vw, 578px\" \/><\/a><a href=\"http:\/\/www.tonialleiloes.com.br\" target=\"_blank\" rel=\"noopener noreferrer\"><img loading=\"lazy\" class=\"aligncenter wp-image-148771\" src=\"https:\/\/diariodamanhapelotas.com.br\/site\/wp-content\/uploads\/2025\/11\/edital-yvani-assinado.jpg\" rel=\"lightbox\" title=\"Edital de Leil\u00e3o e Intima\u00e7\u00e3o de Camila Martins Rita e Yvani Martins Rita\" alt=\"\" width=\"578\" height=\"599\" srcset=\"https:\/\/diariodamanhapelotas.com.br\/site\/wp-content\/uploads\/2025\/11\/edital-yvani-assinado.jpg 579w, https:\/\/diariodamanhapelotas.com.br\/site\/wp-content\/uploads\/2025\/11\/edital-yvani-assinado-290x300.jpg 290w, https:\/\/diariodamanhapelotas.com.br\/site\/wp-content\/uploads\/2025\/11\/edital-yvani-assinado-145x150.jpg 145w\" sizes=\"(max-width: 578px) 100vw, 578px\" \/><\/a><\/p>\n","protected":false},"excerpt":{"rendered":"<p>Edital publicado em 04 de novembro de 2025.<\/p>\n","protected":false},"author":3,"featured_media":116067,"comment_status":"closed","ping_status":"closed","sticky":false,"template":"","format":"standard","meta":[],"categories":[887],"tags":[],"_links":{"self":[{"href":"https:\/\/diariodamanhapelotas.com.br\/site\/wp-json\/wp\/v2\/posts\/148765"}],"collection":[{"href":"https:\/\/diariodamanhapelotas.com.br\/site\/wp-json\/wp\/v2\/posts"}],"about":[{"href":"https:\/\/diariodamanhapelotas.com.br\/site\/wp-json\/wp\/v2\/types\/post"}],"author":[{"embeddable":true,"href":"https:\/\/diariodamanhapelotas.com.br\/site\/wp-json\/wp\/v2\/users\/3"}],"replies":[{"embeddable":true,"href":"https:\/\/diariodamanhapelotas.com.br\/site\/wp-json\/wp\/v2\/comments?post=148765"}],"version-history":[{"count":2,"href":"https:\/\/diariodamanhapelotas.com.br\/site\/wp-json\/wp\/v2\/posts\/148765\/revisions"}],"predecessor-version":[{"id":148773,"href":"https:\/\/diariodamanhapelotas.com.br\/site\/wp-json\/wp\/v2\/posts\/148765\/revisions\/148773"}],"wp:featuredmedia":[{"embeddable":true,"href":"https:\/\/diariodamanhapelotas.com.br\/site\/wp-json\/wp\/v2\/media\/116067"}],"wp:attachment":[{"href":"https:\/\/diariodamanhapelotas.com.br\/site\/wp-json\/wp\/v2\/media?parent=148765"}],"wp:term":[{"taxonomy":"category","embeddable":true,"href":"https:\/\/diariodamanhapelotas.com.br\/site\/wp-json\/wp\/v2\/categories?post=148765"},{"taxonomy":"post_tag","embeddable":true,"href":"https:\/\/diariodamanhapelotas.com.br\/site\/wp-json\/wp\/v2\/tags?post=148765"}],"curies":[{"name":"wp","href":"https:\/\/api.w.org\/{rel}","templated":true}]}}