{"id":148774,"date":"2025-11-04T17:04:28","date_gmt":"2025-11-04T20:04:28","guid":{"rendered":"https:\/\/diariodamanhapelotas.com.br\/site\/?p=148774"},"modified":"2025-11-04T17:04:28","modified_gmt":"2025-11-04T20:04:28","slug":"prf-e-pf-prendem-uruguaio-com-skunk-em-arroio-grande","status":"publish","type":"post","link":"https:\/\/diariodamanhapelotas.com.br\/site\/prf-e-pf-prendem-uruguaio-com-skunk-em-arroio-grande\/","title":{"rendered":"PRF e PF prendem uruguaio com skunk em Arroio Grande"},"content":{"rendered":"<h3 style=\"text-align: center;\"><em>Homem de 35 anos trazia 2kg da droga escondido em uma mala<\/em><\/h3>\n<p>Na madrugada desta ter\u00e7a-feira (4), a Pol\u00edcia Rodovi\u00e1ria Federal e a Pol\u00edcia Federal prenderam um uruguaio transportando droga no interior de um \u00f4nibus de linha intermunicipal. A abordagem ocorreu na BR-116, em Arroio Grande.<\/p>\n<p>Durante a\u00e7\u00e3o de combate ao crime, os policiais abordaram um \u00f4nibus que fazia a linha Jaguar\u00e3o\/RS \u2014 Porto Alegre\/RS. Ao vistoriarem o bagageiro do ve\u00edculo, os policiais localizaram 2 kg de skunk escondidos em uma mala. A bagagem era de um homem de 35 anos, de nacionalidade uruguaia.<\/p>\n<p>O homem foi preso em flagrante por tr\u00e1fico de drogas e encaminhado com o entorpecente para a pol\u00edcia judici\u00e1ria.<\/p>\n","protected":false},"excerpt":{"rendered":"<p>Homem de 35 anos trazia 2kg da droga escondido em uma mala Na madrugada desta ter\u00e7a-feira (4), a Pol\u00edcia Rodovi\u00e1ria Federal e a Pol\u00edcia Federal prenderam um uruguaio transportando droga<\/p>\n","protected":false},"author":3,"featured_media":148775,"comment_status":"closed","ping_status":"closed","sticky":false,"template":"","format":"standard","meta":[],"categories":[305,33],"tags":[],"_links":{"self":[{"href":"https:\/\/diariodamanhapelotas.com.br\/site\/wp-json\/wp\/v2\/posts\/148774"}],"collection":[{"href":"https:\/\/diariodamanhapelotas.com.br\/site\/wp-json\/wp\/v2\/posts"}],"about":[{"href":"https:\/\/diariodamanhapelotas.com.br\/site\/wp-json\/wp\/v2\/types\/post"}],"author":[{"embeddable":true,"href":"https:\/\/diariodamanhapelotas.com.br\/site\/wp-json\/wp\/v2\/users\/3"}],"replies":[{"embeddable":true,"href":"https:\/\/diariodamanhapelotas.com.br\/site\/wp-json\/wp\/v2\/comments?post=148774"}],"version-history":[{"count":1,"href":"https:\/\/diariodamanhapelotas.com.br\/site\/wp-json\/wp\/v2\/posts\/148774\/revisions"}],"predecessor-version":[{"id":148776,"href":"https:\/\/diariodamanhapelotas.com.br\/site\/wp-json\/wp\/v2\/posts\/148774\/revisions\/148776"}],"wp:featuredmedia":[{"embeddable":true,"href":"https:\/\/diariodamanhapelotas.com.br\/site\/wp-json\/wp\/v2\/media\/148775"}],"wp:attachment":[{"href":"https:\/\/diariodamanhapelotas.com.br\/site\/wp-json\/wp\/v2\/media?parent=148774"}],"wp:term":[{"taxonomy":"category","embeddable":true,"href":"https:\/\/diariodamanhapelotas.com.br\/site\/wp-json\/wp\/v2\/categories?post=148774"},{"taxonomy":"post_tag","embeddable":true,"href":"https:\/\/diariodamanhapelotas.com.br\/site\/wp-json\/wp\/v2\/tags?post=148774"}],"curies":[{"name":"wp","href":"https:\/\/api.w.org\/{rel}","templated":true}]}}