{"id":148778,"date":"2025-11-05T08:48:27","date_gmt":"2025-11-05T11:48:27","guid":{"rendered":"https:\/\/diariodamanhapelotas.com.br\/site\/?p=148778"},"modified":"2025-11-05T08:48:27","modified_gmt":"2025-11-05T11:48:27","slug":"lunna-beatriz-uma-voz-pequena-reacendendo-a-fe-na-grande-musica-brasileira","status":"publish","type":"post","link":"https:\/\/diariodamanhapelotas.com.br\/site\/lunna-beatriz-uma-voz-pequena-reacendendo-a-fe-na-grande-musica-brasileira\/","title":{"rendered":"Lunna Beatriz, uma voz pequena reacendendo a f\u00e9 na grande m\u00fasica brasileira"},"content":{"rendered":"<h3 style=\"text-align: center;\"><em>Atriz e cantora de 11 anos concorre no Rio Web Fest\u00a0<\/em><\/h3>\n<p style=\"text-align: center;\"><strong>Marcelo Gonzales*<\/strong><\/p>\n<p style=\"text-align: center;\"><strong>@celogonzales @vidadevinil<\/strong><\/p>\n<p>H\u00e1 dias em que o Brasil me surpreende de novo. Dias em que a mem\u00f3ria da nossa m\u00fasica, essa que tem raiz, pulso, voz e v\u00e9u de eternidade, encontra, na realidade, uma fagulha viva daquilo que fomos e ainda podemos ser.<\/p>\n<p>E foi assim que me encontrei com o nome de Lunna Beatriz.<\/p>\n<p>N\u00e3o num palanque publicit\u00e1rio, n\u00e3o na pressa das tend\u00eancias escorregadias, mas naquelas pequenas ondas que o talento verdadeiro faz quest\u00e3o de espalhar em sil\u00eancio, at\u00e9 que algu\u00e9m atento ou\u00e7a.<\/p>\n<p>Ela tem 11 anos. Digo isso e n\u00e3o digo tudo. Porque idade, quando a alma j\u00e1 encontrou caminho, vira apenas n\u00famero. E Lunna encontrou.<\/p>\n<p>Nasceu em Manaus, cruzou cidades como quem costura afetos e sotaques, Jo\u00e3o Pessoa, Macei\u00f3, at\u00e9 se enraizar no Rio. \u00c9 bonito imaginar essa menina atravessando o pa\u00eds antes mesmo de entender o tamanho do mapa&#8230; e ainda assim j\u00e1 carregando dentro o mapa maior: o da m\u00fasica, o da arte, o do pertencimento.<\/p>\n<p>E olha que curioso, ela n\u00e3o chegou at\u00e9 mim por ru\u00eddo, nem por algoritmos berrando. Ela chegou como chegam as boas not\u00edcias, pelas m\u00e3os do trabalho. Pelos olhos atentos de quem assiste ao Rio Web Fest e v\u00ea ali, no meio das telas, uma luz genu\u00edna.<\/p>\n<p><strong>Juju e a Locomotiva Encantada. <\/strong>Um nome doce, quase l\u00fadico demais para um mundo t\u00e3o apressado. Mas que guarda uma mensagem rara de amizade, natureza e gentileza. Pois sim, ainda existem artistas que come\u00e7am pela ess\u00eancia.<\/p>\n<p>E Lunna interpreta. Canta. Vive no palco e na c\u00e2mera com aquele misto puro de entrega infantil e disciplina de quem entende que talento tamb\u00e9m \u00e9 dever.<\/p>\n<p>Ela se organiza, escola pela manh\u00e3, tarefa \u00e0 tarde, brincadeira ao entardecer, arte onde couber e, quando n\u00e3o couber, ela abre espa\u00e7o. N\u00e3o perdeu a inf\u00e2ncia para a carreira, e tempera uma com a outra, como quem faz bolo com a m\u00e3e num domingo. E n\u00e3o est\u00e1 s\u00f3. Carrega fam\u00edlia firme, e isso diz muito. A primeira escola da sensibilidade ainda \u00e9 o afeto.<\/p>\n<p>E se voc\u00ea acha pouco, ela j\u00e1 realizou um desejo que muitos adultos guardam como sonho tardio quando cantou com o grupo Revela\u00e7\u00e3o. E essa frase podia terminar por aqui, e j\u00e1 seria grande. Mas ela vai al\u00e9m. Cresceu ouvindo, imaginando, desejando\u2026 e um dia, sem aviso, aconteceu.<\/p>\n<p>Isso se chama destino chamando pelo nome.<\/p>\n<p>Mas o que me prende nela n\u00e3o \u00e9 o curr\u00edculo. \u00c9 o pressentimento.<\/p>\n<p>Aquela sensa\u00e7\u00e3o rara de que o futuro pode ser bonito apesar de tudo. De que a can\u00e7\u00e3o brasileira ainda tem filhas corajosas, criadas \u00e0 sombra de sambistas, poetas, m\u00e3es firmes e pais que dizem a frase mais importante que uma crian\u00e7a artista pode ouvir: \u201cTeu \u00fanico dever \u00e9 ser feliz com o que faz.\u201d<\/p>\n<p>E quando ela anuncia uma m\u00fasica nova para o dia 7 de novembro, eu n\u00e3o espero hype, n\u00e3o espero n\u00fameros. Eu espero o que tenho aprendido com o tempo, espero verdade.<\/p>\n<p>Lunna \u00e9 pequena no corpo, grande na alma, e imensa na responsabilidade inconsciente que carrega ao lembrar o meu pa\u00eds que, mesmo quando parece tudo desandar, a arte ainda brota, e quando brota no terreno certo, ela n\u00e3o nasce para passar\u2026 nasce para ficar.<\/p>\n<p>E \u00e9 isso. Hoje acordei acreditando de novo. E quem me deu essa coragem foi uma menina que canta.<\/p>\n<p>Que ela siga. Que ela cres\u00e7a sem pressa. E que o Brasil esteja preparado para ouvi-la, porque a esperan\u00e7a, quando encontra voz, n\u00e3o canta sozinha. Ela convoca.<\/p>\n<p style=\"text-align: right;\"><em>*Marcelo Gonzales \u00e9 autor do blog Que Dia \u00e9 Hoje?, vive entre discos de vinil e muita m\u00eddia f\u00edsica, sempre atento \u00e0 m\u00fasica, \u00e0 cultura e ao jornalismo, compartilhando hist\u00f3rias que conectam gera\u00e7\u00f5es. <\/em><\/p>\n","protected":false},"excerpt":{"rendered":"<p>Atriz e cantora de 11 anos concorre no Rio Web Fest\u00a0 Marcelo Gonzales* @celogonzales @vidadevinil H\u00e1 dias em que o Brasil me surpreende de novo. Dias em que a mem\u00f3ria<\/p>\n","protected":false},"author":3,"featured_media":148779,"comment_status":"closed","ping_status":"closed","sticky":false,"template":"","format":"standard","meta":[],"categories":[305,32],"tags":[],"_links":{"self":[{"href":"https:\/\/diariodamanhapelotas.com.br\/site\/wp-json\/wp\/v2\/posts\/148778"}],"collection":[{"href":"https:\/\/diariodamanhapelotas.com.br\/site\/wp-json\/wp\/v2\/posts"}],"about":[{"href":"https:\/\/diariodamanhapelotas.com.br\/site\/wp-json\/wp\/v2\/types\/post"}],"author":[{"embeddable":true,"href":"https:\/\/diariodamanhapelotas.com.br\/site\/wp-json\/wp\/v2\/users\/3"}],"replies":[{"embeddable":true,"href":"https:\/\/diariodamanhapelotas.com.br\/site\/wp-json\/wp\/v2\/comments?post=148778"}],"version-history":[{"count":1,"href":"https:\/\/diariodamanhapelotas.com.br\/site\/wp-json\/wp\/v2\/posts\/148778\/revisions"}],"predecessor-version":[{"id":148780,"href":"https:\/\/diariodamanhapelotas.com.br\/site\/wp-json\/wp\/v2\/posts\/148778\/revisions\/148780"}],"wp:featuredmedia":[{"embeddable":true,"href":"https:\/\/diariodamanhapelotas.com.br\/site\/wp-json\/wp\/v2\/media\/148779"}],"wp:attachment":[{"href":"https:\/\/diariodamanhapelotas.com.br\/site\/wp-json\/wp\/v2\/media?parent=148778"}],"wp:term":[{"taxonomy":"category","embeddable":true,"href":"https:\/\/diariodamanhapelotas.com.br\/site\/wp-json\/wp\/v2\/categories?post=148778"},{"taxonomy":"post_tag","embeddable":true,"href":"https:\/\/diariodamanhapelotas.com.br\/site\/wp-json\/wp\/v2\/tags?post=148778"}],"curies":[{"name":"wp","href":"https:\/\/api.w.org\/{rel}","templated":true}]}}