{"id":148781,"date":"2025-11-05T08:51:45","date_gmt":"2025-11-05T11:51:45","guid":{"rendered":"https:\/\/diariodamanhapelotas.com.br\/site\/?p=148781"},"modified":"2025-11-05T08:51:45","modified_gmt":"2025-11-05T11:51:45","slug":"senac-pelotas-realiza-2a-edicao-do-movimenta-aprendizagem","status":"publish","type":"post","link":"https:\/\/diariodamanhapelotas.com.br\/site\/senac-pelotas-realiza-2a-edicao-do-movimenta-aprendizagem\/","title":{"rendered":"Senac Pelotas realiza 2\u00aa edi\u00e7\u00e3o do Movimenta Aprendizagem"},"content":{"rendered":"<h3 style=\"text-align: center;\"><em>O objetivo do encontro \u00e9 estimular o protagonismo juvenil, o desenvolvimento pessoal e o engajamento dos jovens aprendizes no mundo do trabalho<\/em><\/h3>\n<p>O Senac Pelotas promoveu, no dia 21 de outubro, a 2\u00aa edi\u00e7\u00e3o do Movimenta Aprendizagem, evento que reuniu mais de 500 jovens do Programa Jovem Aprendiz para uma tarde de conex\u00e3o e conhecimento. O encontro aconteceu no Audit\u00f3rio do Sicredi e contou com a presen\u00e7a de representantes de empresas parceiras, convidados especiais e lideran\u00e7as locais, entre elas o presidente do Sindilojas Pelotas, Renzo Antonioli, e o presidente do Secovi Zona Sul\/RS, S\u00e9rgio Cogoy.<\/p>\n<p>Entre as atra\u00e7\u00f5es, o p\u00fablico acompanhou o workshow \u201cConex\u00e3o com a M\u00fasica\u201d, conduzido por Thedy Corr\u00eaa, m\u00fasico, compositor e vocalista da banda Nenhum de N\u00f3s. Em um formato interativo, Thedy compartilhou experi\u00eancias e reflex\u00f5es sobre prop\u00f3sito, criatividade e o poder transformador da arte.<\/p>\n<p>O evento tamb\u00e9m contou com a participa\u00e7\u00e3o do DJ Micha, que al\u00e9m de animar o p\u00fablico com a condu\u00e7\u00e3o do som, compartilhou sua hist\u00f3ria de vida e trajet\u00f3ria no universo musical.<\/p>\n<p>O Movimenta Aprendizagem tem como objetivo estimular o protagonismo juvenil, o desenvolvimento pessoal e o engajamento dos jovens aprendizes no mundo do trabalho, refor\u00e7ando o compromisso do Senac Pelotas com uma forma\u00e7\u00e3o humana, criativa e transformadora.<\/p>\n","protected":false},"excerpt":{"rendered":"<p>O objetivo do encontro \u00e9 estimular o protagonismo juvenil, o desenvolvimento pessoal e o engajamento dos jovens aprendizes no mundo do trabalho O Senac Pelotas promoveu, no dia 21 de<\/p>\n","protected":false},"author":3,"featured_media":148782,"comment_status":"closed","ping_status":"closed","sticky":false,"template":"","format":"standard","meta":[],"categories":[305,149],"tags":[],"_links":{"self":[{"href":"https:\/\/diariodamanhapelotas.com.br\/site\/wp-json\/wp\/v2\/posts\/148781"}],"collection":[{"href":"https:\/\/diariodamanhapelotas.com.br\/site\/wp-json\/wp\/v2\/posts"}],"about":[{"href":"https:\/\/diariodamanhapelotas.com.br\/site\/wp-json\/wp\/v2\/types\/post"}],"author":[{"embeddable":true,"href":"https:\/\/diariodamanhapelotas.com.br\/site\/wp-json\/wp\/v2\/users\/3"}],"replies":[{"embeddable":true,"href":"https:\/\/diariodamanhapelotas.com.br\/site\/wp-json\/wp\/v2\/comments?post=148781"}],"version-history":[{"count":1,"href":"https:\/\/diariodamanhapelotas.com.br\/site\/wp-json\/wp\/v2\/posts\/148781\/revisions"}],"predecessor-version":[{"id":148783,"href":"https:\/\/diariodamanhapelotas.com.br\/site\/wp-json\/wp\/v2\/posts\/148781\/revisions\/148783"}],"wp:featuredmedia":[{"embeddable":true,"href":"https:\/\/diariodamanhapelotas.com.br\/site\/wp-json\/wp\/v2\/media\/148782"}],"wp:attachment":[{"href":"https:\/\/diariodamanhapelotas.com.br\/site\/wp-json\/wp\/v2\/media?parent=148781"}],"wp:term":[{"taxonomy":"category","embeddable":true,"href":"https:\/\/diariodamanhapelotas.com.br\/site\/wp-json\/wp\/v2\/categories?post=148781"},{"taxonomy":"post_tag","embeddable":true,"href":"https:\/\/diariodamanhapelotas.com.br\/site\/wp-json\/wp\/v2\/tags?post=148781"}],"curies":[{"name":"wp","href":"https:\/\/api.w.org\/{rel}","templated":true}]}}