{"id":148854,"date":"2025-11-07T08:38:04","date_gmt":"2025-11-07T11:38:04","guid":{"rendered":"https:\/\/diariodamanhapelotas.com.br\/site\/?p=148854"},"modified":"2025-11-07T08:38:04","modified_gmt":"2025-11-07T11:38:04","slug":"prefeitura-conclui-recapeamento-na-adolfo-fetter","status":"publish","type":"post","link":"https:\/\/diariodamanhapelotas.com.br\/site\/prefeitura-conclui-recapeamento-na-adolfo-fetter\/","title":{"rendered":"Prefeitura conclui recapeamento na Adolfo Fetter"},"content":{"rendered":"<h3 style=\"text-align: center;\"><em>Secretaria de Obras usou 47 toneladas de CBUQ para melhoras as condi\u00e7\u00f5es da via nas proximidades do Recanto de Portugal, sentido Centro-bairro<\/em><\/h3>\n<p>Nesta quinta-feira (6), a Secretaria de Obras e Pavimenta\u00e7\u00e3o (Smop) concluiu a reperfilagem asf\u00e1ltica na avenida Adolfo Fetter,\u00a0no trecho entre a avenida Portugal e a rua Cidade de Viseu, nas proximidades do Recanto de Portugal, sentido Centro-bairro no caminho \u00e0 praia do Laranjal. Foram utilizados 5 m\u00b3 de aterro e\u00a0 47 toneladas de Concreto Betuminoso Usinado a Quente (CBUQ), produzido na Usina do Munic\u00edpio, em tapetes asf\u00e1lticos que cobriram uma \u00e1rea total de 890 m\u00b2, com uma espessura compactada de 2,5 cm. A limpeza da \u00e1rea, preparando-a para receber o material, foi feita na segunda-feira (3) e a reperfilagem, nos dias 4, 5 e 6.<\/p>\n<p>Na semana anterior, a Smop havia melhorados as condi\u00e7\u00f5es vi\u00e1rias da r\u00f3tula localizada na frente do Posto Azeredo, na mesma \u00e1rea.<\/p>\n<p>O secret\u00e1rio titular da Smop, Rog\u00e9rio Salazar, explica que a Secretaria recebe muitas demandas, durante todo o ano, por isso procura manter servi\u00e7os constantes de tapa-puracos e tamb\u00e9m de reperfilamento em alguns trechos de tr\u00e1fego intenso, onde \u00e9 aplicada uma quantidade maior de asfalto, para a sua requalifica\u00e7\u00e3o.<\/p>\n<p>&#8220;A Adolfo Fetter \u00e9 uma destas importantes vias. A avenida \u00e9 o principal acesso a diversos bairros, como o Recanto de Portugal, condom\u00ednios residenciais, balne\u00e1rios do Laranjal e Col\u00f4nia de Pescadores Z3 e, com a proximidade da temporada de veraneio, aumenta ainda mais o fluxo de ve\u00edculos nesta regi\u00e3o, por isso a Secretaria est\u00e1 priorizando esta via ao longo desta semana e nos pr\u00f3ximos dias tamb\u00e9m&#8221;, adianta Salazar.<\/p>\n<p>Uma equipe de monitorados do projeto M\u00e3o de Obra Prisional (MOP) usou cerca de cinco toneladas de CBUQ em tapa-buracos na avenida Duque de Caxias, no Fragata, sentido Centro-bairro. O servi\u00e7o ter\u00e1 continuidade.<\/p>\n","protected":false},"excerpt":{"rendered":"<p>Secretaria de Obras usou 47 toneladas de CBUQ para melhoras as condi\u00e7\u00f5es da via nas proximidades do Recanto de Portugal, sentido Centro-bairro Nesta quinta-feira (6), a Secretaria de Obras e<\/p>\n","protected":false},"author":3,"featured_media":148855,"comment_status":"closed","ping_status":"closed","sticky":false,"template":"","format":"standard","meta":[],"categories":[305,149],"tags":[],"_links":{"self":[{"href":"https:\/\/diariodamanhapelotas.com.br\/site\/wp-json\/wp\/v2\/posts\/148854"}],"collection":[{"href":"https:\/\/diariodamanhapelotas.com.br\/site\/wp-json\/wp\/v2\/posts"}],"about":[{"href":"https:\/\/diariodamanhapelotas.com.br\/site\/wp-json\/wp\/v2\/types\/post"}],"author":[{"embeddable":true,"href":"https:\/\/diariodamanhapelotas.com.br\/site\/wp-json\/wp\/v2\/users\/3"}],"replies":[{"embeddable":true,"href":"https:\/\/diariodamanhapelotas.com.br\/site\/wp-json\/wp\/v2\/comments?post=148854"}],"version-history":[{"count":1,"href":"https:\/\/diariodamanhapelotas.com.br\/site\/wp-json\/wp\/v2\/posts\/148854\/revisions"}],"predecessor-version":[{"id":148857,"href":"https:\/\/diariodamanhapelotas.com.br\/site\/wp-json\/wp\/v2\/posts\/148854\/revisions\/148857"}],"wp:featuredmedia":[{"embeddable":true,"href":"https:\/\/diariodamanhapelotas.com.br\/site\/wp-json\/wp\/v2\/media\/148855"}],"wp:attachment":[{"href":"https:\/\/diariodamanhapelotas.com.br\/site\/wp-json\/wp\/v2\/media?parent=148854"}],"wp:term":[{"taxonomy":"category","embeddable":true,"href":"https:\/\/diariodamanhapelotas.com.br\/site\/wp-json\/wp\/v2\/categories?post=148854"},{"taxonomy":"post_tag","embeddable":true,"href":"https:\/\/diariodamanhapelotas.com.br\/site\/wp-json\/wp\/v2\/tags?post=148854"}],"curies":[{"name":"wp","href":"https:\/\/api.w.org\/{rel}","templated":true}]}}