{"id":149448,"date":"2025-12-02T10:58:16","date_gmt":"2025-12-02T13:58:16","guid":{"rendered":"https:\/\/diariodamanhapelotas.com.br\/site\/?p=149448"},"modified":"2025-12-02T10:58:16","modified_gmt":"2025-12-02T13:58:16","slug":"cremers-da-posse-a-nova-delegada-seccional-em-pelotas-nesta-quarta-feira","status":"publish","type":"post","link":"https:\/\/diariodamanhapelotas.com.br\/site\/cremers-da-posse-a-nova-delegada-seccional-em-pelotas-nesta-quarta-feira\/","title":{"rendered":"Cremers d\u00e1 posse \u00e0 nova delegada seccional em Pelotas nesta quarta-feira"},"content":{"rendered":"<h3 style=\"text-align: center;\"><em>Dra. Clarissa Lisboa Arla da Rocha assume o comando da entidade representativa dos m\u00e9dicos<\/em><\/h3>\n<p>O Conselho Regional de Medicina do Rio Grande do Sul (Cremers) dar\u00e1 posse, nesta quarta-feira (3), \u00e0 nova delegada seccional de Pelotas, Clarissa Lisboa Arla da Rocha. A cerim\u00f4nia ocorre \u00e0s 14h30, na sede da Delegacia Seccional do \u00f3rg\u00e3o no munic\u00edpio.<\/p>\n<p>A unidade est\u00e1 localizada na Rua Suzana Cortez Balreira, 191, sala 1005, no Edif\u00edcio Vanguarda, no bairro Parque Una. A delegada assumir\u00e1 oficialmente a fun\u00e7\u00e3o de representar o Conselho na cidade, atuando no apoio \u00e0 fiscaliza\u00e7\u00e3o profissional e na interlocu\u00e7\u00e3o com m\u00e9dicos e institui\u00e7\u00f5es de sa\u00fade da regi\u00e3o.<\/p>\n<p>A Delegacia Seccional de Pelotas \u00e9 respons\u00e1vel por auxiliar o Cremers nas atividades locais, acolhendo demandas e refor\u00e7ando o cumprimento das normas \u00e9ticas da profiss\u00e3o.<\/p>\n<h4 style=\"text-align: center;\"><strong>Servi\u00e7o<\/strong><\/h4>\n<p>Posse da nova delegada seccional do Cremers em Pelotas<br \/>\nData: Quarta-feira, 3 de dezembro<br \/>\nHor\u00e1rio: 14h30<br \/>\nLocal: Rua Suzana Cortez Balreira, 191\/1005 \u2013 Edif\u00edcio Vanguarda, Parque Una, Pelotas<\/p>\n","protected":false},"excerpt":{"rendered":"<p>Dra. Clarissa Lisboa Arla da Rocha assume o comando da entidade representativa dos m\u00e9dicos O Conselho Regional de Medicina do Rio Grande do Sul (Cremers) dar\u00e1 posse, nesta quarta-feira (3),<\/p>\n","protected":false},"author":3,"featured_media":149449,"comment_status":"closed","ping_status":"closed","sticky":false,"template":"","format":"standard","meta":[],"categories":[305,150],"tags":[],"_links":{"self":[{"href":"https:\/\/diariodamanhapelotas.com.br\/site\/wp-json\/wp\/v2\/posts\/149448"}],"collection":[{"href":"https:\/\/diariodamanhapelotas.com.br\/site\/wp-json\/wp\/v2\/posts"}],"about":[{"href":"https:\/\/diariodamanhapelotas.com.br\/site\/wp-json\/wp\/v2\/types\/post"}],"author":[{"embeddable":true,"href":"https:\/\/diariodamanhapelotas.com.br\/site\/wp-json\/wp\/v2\/users\/3"}],"replies":[{"embeddable":true,"href":"https:\/\/diariodamanhapelotas.com.br\/site\/wp-json\/wp\/v2\/comments?post=149448"}],"version-history":[{"count":1,"href":"https:\/\/diariodamanhapelotas.com.br\/site\/wp-json\/wp\/v2\/posts\/149448\/revisions"}],"predecessor-version":[{"id":149450,"href":"https:\/\/diariodamanhapelotas.com.br\/site\/wp-json\/wp\/v2\/posts\/149448\/revisions\/149450"}],"wp:featuredmedia":[{"embeddable":true,"href":"https:\/\/diariodamanhapelotas.com.br\/site\/wp-json\/wp\/v2\/media\/149449"}],"wp:attachment":[{"href":"https:\/\/diariodamanhapelotas.com.br\/site\/wp-json\/wp\/v2\/media?parent=149448"}],"wp:term":[{"taxonomy":"category","embeddable":true,"href":"https:\/\/diariodamanhapelotas.com.br\/site\/wp-json\/wp\/v2\/categories?post=149448"},{"taxonomy":"post_tag","embeddable":true,"href":"https:\/\/diariodamanhapelotas.com.br\/site\/wp-json\/wp\/v2\/tags?post=149448"}],"curies":[{"name":"wp","href":"https:\/\/api.w.org\/{rel}","templated":true}]}}