{"id":149966,"date":"2025-12-29T16:14:56","date_gmt":"2025-12-29T19:14:56","guid":{"rendered":"https:\/\/diariodamanhapelotas.com.br\/site\/?p=149966"},"modified":"2025-12-29T17:07:29","modified_gmt":"2025-12-29T20:07:29","slug":"mais-de-30-mil-pessoas-sao-esperadas-para-a-festa-da-virada-na-praia-do-laranjal","status":"publish","type":"post","link":"https:\/\/diariodamanhapelotas.com.br\/site\/mais-de-30-mil-pessoas-sao-esperadas-para-a-festa-da-virada-na-praia-do-laranjal\/","title":{"rendered":"Mais de 30 mil pessoas s\u00e3o esperadas para a festa da virada na praia do Laranjal"},"content":{"rendered":"<h3 style=\"text-align: center;\"><em>Prefeitura orienta p\u00fablico para um r\u00e9veillon seguro na orla<\/em><\/h3>\n<p>Com p\u00fablico estimado entre 30 e 40 mil pessoas, a festa de r\u00e9veillon na praia do Laranjal contar\u00e1 com ampla estrutura de seguran\u00e7a para garantir a tranquilidade de quem for aproveitar os shows e celebrar a virada do ano \u00e0 beira da Lagoa. A Prefeitura de Pelotas, por meio da Secretaria de Seguran\u00e7a P\u00fablica (SSP), recomenda ao p\u00fablico que adote medidas simples de precau\u00e7\u00e3o, como n\u00e3o levar objetos de valor, evitar andar com grande quantia de dinheiro e manter aten\u00e7\u00e3o especial \u00e0s crian\u00e7as.<\/p>\n<p>No total, estar\u00e1 presente um efetivo de 150 agentes de seguran\u00e7a. \u201cNosso objetivo \u00e9 proporcionar um ambiente seguro e acolhedor para que todas as fam\u00edlias possam aproveitar a virada com tranquilidade. O planejamento foi feito de forma integrada para garantir a presen\u00e7a ostensiva e a resposta r\u00e1pida em diferentes situa\u00e7\u00f5es\u201d, afirmou o secret\u00e1rio da SSP, M\u00e1rcio Medeiros.<\/p>\n<p>A programa\u00e7\u00e3o, inteiramente gratuita, ter\u00e1 in\u00edcio \u00e0s 17h do dia 31 de dezembro, com apresenta\u00e7\u00f5es musicais que se estendem at\u00e9 a madrugada do dia 1\u00ba de janeiro. O p\u00fablico poder\u00e1 assistir a shows como o do cantor e compositor nativista Joca Martins e da consagrada dupla Kleiton &amp; Kledir. O show do Grupo Aruanda acompanha a contagem regressiva para 2026, que ser\u00e1 exibida em um tel\u00e3o junto a uma retrospectiva da cidade.<\/p>\n<p>O secret\u00e1rio de Seguran\u00e7a P\u00fablica, M\u00e1rcio Medeiros, tamb\u00e9m refor\u00e7ou orienta\u00e7\u00f5es importantes ao p\u00fablico que vai participar da festa da virada. Ele destacou a import\u00e2ncia de n\u00e3o consumir bebida alco\u00f3lica caso v\u00e1 dirigir, respeitar a velocidade das vias, utilizar sempre o cinto de seguran\u00e7a e evitar o uso do celular ao volante. Para quem vai aproveitar o r\u00e9veillon na praia do Laranjal, a recomenda\u00e7\u00e3o \u00e9 redobrar a aten\u00e7\u00e3o em locais com grande circula\u00e7\u00e3o de pessoas, evitar \u00e1reas ermas, n\u00e3o manusear dinheiro de forma descuidada e manter objetos pessoais sempre \u00e0 frente do corpo. O secret\u00e1rio orienta ainda que celulares n\u00e3o sejam guardados no bolso de tr\u00e1s, dando prefer\u00eancia a bolsos com z\u00edper, que aplicativos banc\u00e1rios tenham dupla verifica\u00e7\u00e3o de acesso e que o deslocamento seja feito, sempre que poss\u00edvel, acompanhado. Em caso de necessidade, a popula\u00e7\u00e3o deve procurar a Brigada Militar ou a Guarda Municipal, ou acionar os telefones 190 e 153.<\/p>\n<h4 style=\"text-align: center;\">Confira a programa\u00e7\u00e3o completa do r\u00e9veillon na praia do Laranjal:<\/h4>\n<p>17h \u00e0s 18h \u2013 DJ Bart<br \/>\n18h \u00e0s 19h \u2013 Banda Jukebox Festa<br \/>\n19h \u00e0s 19h20 \u2013 DJ Micha<br \/>\n19h20 \u00e0s 20h20 \u2013 Joca Martins<br \/>\n20h20 \u00e0s 20h40 \u2013 DJ Bart<br \/>\n20h40 \u00e0s 21h30 \u2013 Leh Moraes<br \/>\n21h30 \u00e0s 22h \u2013 DJ Micha<br \/>\n22h \u00e0s 23h15 \u2013 Kleiton &amp; Kledir<br \/>\n23h15 \u00e0s 23h30 \u2013 DJ Bart<br \/>\n23h30 \u2013 V\u00eddeo retrospectiva Pelotas 2025<br \/>\n23h40 &#8211; Grupo Aruanda<br \/>\n23h59 \u2013 Contagem regressiva no tel\u00e3o<br \/>\nA partir de 0h \u2013 Grupo Aruanda segue at\u00e9 1h<br \/>\n1h \u00e0s 1h30 \u2013 DJ Micha<\/p>\n<p>Foto: SECOM<\/p>\n","protected":false},"excerpt":{"rendered":"<p>Prefeitura orienta p\u00fablico para um r\u00e9veillon seguro na orla Com p\u00fablico estimado entre 30 e 40 mil pessoas, a festa de r\u00e9veillon na praia do Laranjal contar\u00e1 com ampla estrutura<\/p>\n","protected":false},"author":34,"featured_media":149968,"comment_status":"closed","ping_status":"closed","sticky":false,"template":"","format":"standard","meta":[],"categories":[305,149],"tags":[],"_links":{"self":[{"href":"https:\/\/diariodamanhapelotas.com.br\/site\/wp-json\/wp\/v2\/posts\/149966"}],"collection":[{"href":"https:\/\/diariodamanhapelotas.com.br\/site\/wp-json\/wp\/v2\/posts"}],"about":[{"href":"https:\/\/diariodamanhapelotas.com.br\/site\/wp-json\/wp\/v2\/types\/post"}],"author":[{"embeddable":true,"href":"https:\/\/diariodamanhapelotas.com.br\/site\/wp-json\/wp\/v2\/users\/34"}],"replies":[{"embeddable":true,"href":"https:\/\/diariodamanhapelotas.com.br\/site\/wp-json\/wp\/v2\/comments?post=149966"}],"version-history":[{"count":2,"href":"https:\/\/diariodamanhapelotas.com.br\/site\/wp-json\/wp\/v2\/posts\/149966\/revisions"}],"predecessor-version":[{"id":149969,"href":"https:\/\/diariodamanhapelotas.com.br\/site\/wp-json\/wp\/v2\/posts\/149966\/revisions\/149969"}],"wp:featuredmedia":[{"embeddable":true,"href":"https:\/\/diariodamanhapelotas.com.br\/site\/wp-json\/wp\/v2\/media\/149968"}],"wp:attachment":[{"href":"https:\/\/diariodamanhapelotas.com.br\/site\/wp-json\/wp\/v2\/media?parent=149966"}],"wp:term":[{"taxonomy":"category","embeddable":true,"href":"https:\/\/diariodamanhapelotas.com.br\/site\/wp-json\/wp\/v2\/categories?post=149966"},{"taxonomy":"post_tag","embeddable":true,"href":"https:\/\/diariodamanhapelotas.com.br\/site\/wp-json\/wp\/v2\/tags?post=149966"}],"curies":[{"name":"wp","href":"https:\/\/api.w.org\/{rel}","templated":true}]}}