{"id":149970,"date":"2025-12-31T18:03:46","date_gmt":"2025-12-31T21:03:46","guid":{"rendered":"https:\/\/diariodamanhapelotas.com.br\/site\/?p=149970"},"modified":"2025-12-31T18:03:46","modified_gmt":"2025-12-31T21:03:46","slug":"onde-curtir-o-verao-no-litoral-sul-do-rio-grande-do-sul","status":"publish","type":"post","link":"https:\/\/diariodamanhapelotas.com.br\/site\/onde-curtir-o-verao-no-litoral-sul-do-rio-grande-do-sul\/","title":{"rendered":"Onde curtir o ver\u00e3o no litoral sul do Rio Grande do Sul"},"content":{"rendered":"<h3 style=\"text-align: center;\"><em>Guia de praias e destinos tur\u00edsticos para aproveitar a esta\u00e7\u00e3o mais quente do ano<\/em><\/h3>\n<p>Com o calor t\u00edpico do ver\u00e3o, as praias do litoral sul do Rio Grande do Sul voltam a ser destino certo para quem busca descanso, lazer e contato com a natureza. A regi\u00e3o re\u00fane alternativas para diferentes perfis de turistas ao longo da temporada.<\/p>\n<div id=\"attachment_149995\" style=\"width: 610px\" class=\"wp-caption aligncenter\"><img aria-describedby=\"caption-attachment-149995\" loading=\"lazy\" class=\"wp-image-149995\" src=\"https:\/\/diariodamanhapelotas.com.br\/site\/wp-content\/uploads\/2025\/12\/exposicao-memorial-das-aguas-8.jpg\" alt=\"\" width=\"600\" height=\"338\" srcset=\"https:\/\/diariodamanhapelotas.com.br\/site\/wp-content\/uploads\/2025\/12\/exposicao-memorial-das-aguas-8.jpg 800w, https:\/\/diariodamanhapelotas.com.br\/site\/wp-content\/uploads\/2025\/12\/exposicao-memorial-das-aguas-8-300x169.jpg 300w, https:\/\/diariodamanhapelotas.com.br\/site\/wp-content\/uploads\/2025\/12\/exposicao-memorial-das-aguas-8-150x84.jpg 150w, https:\/\/diariodamanhapelotas.com.br\/site\/wp-content\/uploads\/2025\/12\/exposicao-memorial-das-aguas-8-768x432.jpg 768w\" sizes=\"(max-width: 600px) 100vw, 600px\" \/><p id=\"caption-attachment-149995\" class=\"wp-caption-text\">Praia do Cassino &#8211; Reprodu\u00e7\u00e3o\/Internet<\/p><\/div>\n<p>&nbsp;<\/p>\n<ul>\n<li><b>Praia do Cassino<\/b><\/li>\n<\/ul>\n<p>Conhecida como a maior praia cont\u00ednua do mundo, a Praia do Cassino em Rio Grande se destaca pela extensa faixa de areia e pela diversidade de atividades ao longo do ver\u00e3o. O destino atrai turistas para caminhadas, banho de mar, pesca e esportes, al\u00e9m de contar com infraestrutura de bares, quiosques e eventos sazonais.<\/p>\n<p>\ud83d\udccd<a href=\"https:\/\/maps.app.goo.gl\/HMDNjdjffbrnKk3L7\" target=\"_blank\" rel=\"noopener noreferrer\">Localiza\u00e7\u00e3o<\/a><\/p>\n<p>&nbsp;<\/p>\n<div id=\"attachment_149998\" style=\"width: 610px\" class=\"wp-caption aligncenter\"><img aria-describedby=\"caption-attachment-149998\" loading=\"lazy\" class=\"wp-image-149998\" src=\"https:\/\/diariodamanhapelotas.com.br\/site\/wp-content\/uploads\/2025\/12\/exposicao-memorial-das-aguas-7-1.jpg\" alt=\"\" width=\"600\" height=\"338\" srcset=\"https:\/\/diariodamanhapelotas.com.br\/site\/wp-content\/uploads\/2025\/12\/exposicao-memorial-das-aguas-7-1.jpg 800w, https:\/\/diariodamanhapelotas.com.br\/site\/wp-content\/uploads\/2025\/12\/exposicao-memorial-das-aguas-7-1-300x169.jpg 300w, https:\/\/diariodamanhapelotas.com.br\/site\/wp-content\/uploads\/2025\/12\/exposicao-memorial-das-aguas-7-1-150x84.jpg 150w, https:\/\/diariodamanhapelotas.com.br\/site\/wp-content\/uploads\/2025\/12\/exposicao-memorial-das-aguas-7-1-768x432.jpg 768w\" sizes=\"(max-width: 600px) 100vw, 600px\" \/><p id=\"caption-attachment-149998\" class=\"wp-caption-text\">Praia do Laranjal &#8211; Foto: Di\u00e1rio da Manh\u00e3<\/p><\/div>\n<p>&nbsp;<\/p>\n<ul>\n<li><b>Praia do Laranjal<\/b><\/li>\n<\/ul>\n<p>\u00c0s margens da Lagoa dos Patos, a Praia do Laranjal \u00e9 um dos principais pontos de lazer de Pelotas durante o ver\u00e3o. Com \u00e1guas mais calmas, o local \u00e9 procurado para banho, pr\u00e1tica de esportes, caminhadas e encontros ao nascer e p\u00f4r do sol, al\u00e9m de concentrar restaurantes, bares e espa\u00e7os para atividades ao ar livre.<\/p>\n<p>\ud83d\udccd<a href=\"https:\/\/maps.app.goo.gl\/H2abAD1XQD1epAxPA\" target=\"_blank\" rel=\"noopener noreferrer\">Localiza\u00e7\u00e3o<\/a><span class=\"Apple-converted-space\">\u00a0<\/span><\/p>\n<p>&nbsp;<\/p>\n<div id=\"attachment_149999\" style=\"width: 610px\" class=\"wp-caption aligncenter\"><img aria-describedby=\"caption-attachment-149999\" loading=\"lazy\" class=\"wp-image-149999\" src=\"https:\/\/diariodamanhapelotas.com.br\/site\/wp-content\/uploads\/2025\/12\/exposicao-memorial-das-aguas-9.jpg\" alt=\"\" width=\"600\" height=\"338\" srcset=\"https:\/\/diariodamanhapelotas.com.br\/site\/wp-content\/uploads\/2025\/12\/exposicao-memorial-das-aguas-9.jpg 800w, https:\/\/diariodamanhapelotas.com.br\/site\/wp-content\/uploads\/2025\/12\/exposicao-memorial-das-aguas-9-300x169.jpg 300w, https:\/\/diariodamanhapelotas.com.br\/site\/wp-content\/uploads\/2025\/12\/exposicao-memorial-das-aguas-9-150x84.jpg 150w, https:\/\/diariodamanhapelotas.com.br\/site\/wp-content\/uploads\/2025\/12\/exposicao-memorial-das-aguas-9-768x432.jpg 768w\" sizes=\"(max-width: 600px) 100vw, 600px\" \/><p id=\"caption-attachment-149999\" class=\"wp-caption-text\">Praia do Hermenegildo &#8211; Foto: willskylle<\/p><\/div>\n<p>&nbsp;<\/p>\n<ul>\n<li><b>Praia do Hermenegildo<\/b><\/li>\n<\/ul>\n<p>Localizada no litoral extremo sul do Estado, em Santa Vit\u00f3ria do Palmar, a Praia do Hermenegildo \u00e9 conhecida pelo ambiente tranquilo e pela forte liga\u00e7\u00e3o com a natureza. O destino atrai visitantes que buscam descanso, caminhadas pela orla e contato direto com o mar.<\/p>\n<p>\ud83d\udccd<a href=\"https:\/\/maps.app.goo.gl\/2wt3ba4KEUarYpyT9\" target=\"_blank\" rel=\"noopener noreferrer\">Localiza\u00e7\u00e3o<\/a><span class=\"Apple-converted-space\">\u00a0<\/span><\/p>\n<p>&nbsp;<\/p>\n<div id=\"attachment_150000\" style=\"width: 610px\" class=\"wp-caption aligncenter\"><img aria-describedby=\"caption-attachment-150000\" loading=\"lazy\" class=\"wp-image-150000\" src=\"https:\/\/diariodamanhapelotas.com.br\/site\/wp-content\/uploads\/2025\/12\/exposicao-memorial-das-aguas-10.jpg\" alt=\"\" width=\"600\" height=\"338\" srcset=\"https:\/\/diariodamanhapelotas.com.br\/site\/wp-content\/uploads\/2025\/12\/exposicao-memorial-das-aguas-10.jpg 800w, https:\/\/diariodamanhapelotas.com.br\/site\/wp-content\/uploads\/2025\/12\/exposicao-memorial-das-aguas-10-300x169.jpg 300w, https:\/\/diariodamanhapelotas.com.br\/site\/wp-content\/uploads\/2025\/12\/exposicao-memorial-das-aguas-10-150x84.jpg 150w, https:\/\/diariodamanhapelotas.com.br\/site\/wp-content\/uploads\/2025\/12\/exposicao-memorial-das-aguas-10-768x432.jpg 768w\" sizes=\"(max-width: 600px) 100vw, 600px\" \/><p id=\"caption-attachment-150000\" class=\"wp-caption-text\">Barra do Chu\u00ed &#8211; Foto: Di\u00e1rio da Manh\u00e3<\/p><\/div>\n<p>&nbsp;<\/p>\n<ul>\n<li><b>Barra do Chu\u00ed<\/b><\/li>\n<\/ul>\n<p>Situada no ponto mais ao sul do Brasil, a Barra do Chu\u00ed chama aten\u00e7\u00e3o pela paisagem natural e pela atmosfera sossegada. A praia \u00e9 procurada por quem busca tranquilidade, longas caminhadas \u00e0 beira-mar e contempla\u00e7\u00e3o da natureza, al\u00e9m da proximidade com os free shops da fronteira, op\u00e7\u00e3o para quem deseja fazer compras.<\/p>\n<p>\ud83d\udccd<a href=\"https:\/\/maps.app.goo.gl\/Ak9LbRTzY6TUr8HU8\" target=\"_blank\" rel=\"noopener noreferrer\">Localiza\u00e7\u00e3o<\/a><\/p>\n<p>&nbsp;<\/p>\n<div id=\"attachment_150001\" style=\"width: 610px\" class=\"wp-caption aligncenter\"><img aria-describedby=\"caption-attachment-150001\" loading=\"lazy\" class=\"wp-image-150001\" src=\"https:\/\/diariodamanhapelotas.com.br\/site\/wp-content\/uploads\/2025\/12\/exposicao-memorial-das-aguas-11.jpg\" alt=\"\" width=\"600\" height=\"338\" srcset=\"https:\/\/diariodamanhapelotas.com.br\/site\/wp-content\/uploads\/2025\/12\/exposicao-memorial-das-aguas-11.jpg 800w, https:\/\/diariodamanhapelotas.com.br\/site\/wp-content\/uploads\/2025\/12\/exposicao-memorial-das-aguas-11-300x169.jpg 300w, https:\/\/diariodamanhapelotas.com.br\/site\/wp-content\/uploads\/2025\/12\/exposicao-memorial-das-aguas-11-150x84.jpg 150w, https:\/\/diariodamanhapelotas.com.br\/site\/wp-content\/uploads\/2025\/12\/exposicao-memorial-das-aguas-11-768x432.jpg 768w\" sizes=\"(max-width: 600px) 100vw, 600px\" \/><p id=\"caption-attachment-150001\" class=\"wp-caption-text\">Praia S\u00e3o Louren\u00e7o do Sul &#8211; Reprodu\u00e7\u00e3o\/Internet<\/p><\/div>\n<p>&nbsp;<\/p>\n<ul>\n<li><b>Praias de S\u00e3o Louren\u00e7o do Sul<\/b><\/li>\n<\/ul>\n<p>Com forte apelo tur\u00edstico, as praias de S\u00e3o Louren\u00e7o do Sul ficam \u00e0s margens da Lagoa dos Patos e se destacam pela infraestrutura voltada ao lazer familiar. O munic\u00edpio oferece balne\u00e1rios organizados, \u00e1reas para esportes n\u00e1uticos, ciclovias, gastronomia e programa\u00e7\u00e3o cultural intensa durante a temporada de ver\u00e3o.<\/p>\n<p>\ud83d\udccd<a href=\"https:\/\/maps.app.goo.gl\/RKeAMgtD9eM8ghwf9\" target=\"_blank\" rel=\"noopener noreferrer\">Localiza\u00e7\u00e3o<\/a><span class=\"Apple-converted-space\">\u00a0<\/span><\/p>\n<p>&nbsp;<\/p>\n<div id=\"attachment_150002\" style=\"width: 610px\" class=\"wp-caption aligncenter\"><img aria-describedby=\"caption-attachment-150002\" loading=\"lazy\" class=\"wp-image-150002\" src=\"https:\/\/diariodamanhapelotas.com.br\/site\/wp-content\/uploads\/2025\/12\/exposicao-memorial-das-aguas-12.jpg\" alt=\"\" width=\"600\" height=\"338\" srcset=\"https:\/\/diariodamanhapelotas.com.br\/site\/wp-content\/uploads\/2025\/12\/exposicao-memorial-das-aguas-12.jpg 800w, https:\/\/diariodamanhapelotas.com.br\/site\/wp-content\/uploads\/2025\/12\/exposicao-memorial-das-aguas-12-300x169.jpg 300w, https:\/\/diariodamanhapelotas.com.br\/site\/wp-content\/uploads\/2025\/12\/exposicao-memorial-das-aguas-12-150x84.jpg 150w, https:\/\/diariodamanhapelotas.com.br\/site\/wp-content\/uploads\/2025\/12\/exposicao-memorial-das-aguas-12-768x432.jpg 768w\" sizes=\"(max-width: 600px) 100vw, 600px\" \/><p id=\"caption-attachment-150002\" class=\"wp-caption-text\">Praia da Capilha &#8211; Foto: Flavio Rizzo<\/p><\/div>\n<p>&nbsp;<\/p>\n<ul>\n<li><b>Praia da Capilha<\/b><\/li>\n<\/ul>\n<p>Localizada \u00e0s margens da Lagoa Mirim, a Praia da Capilha combina paisagens naturais e tranquilidade. O destino \u00e9 conhecido pela comunidade local, pelo contato direto com a lagoa e por atrair visitantes que buscam um ambiente mais calmo, ideal para o descanso.<\/p>\n<p>\ud83d\udccd<a href=\"https:\/\/maps.app.goo.gl\/fS7FEZ6h3FhcbBWPA\" target=\"_blank\" rel=\"noopener noreferrer\">Localiza\u00e7\u00e3o<\/a><\/p>\n<p>&nbsp;<\/p>\n<div id=\"attachment_150003\" style=\"width: 610px\" class=\"wp-caption aligncenter\"><img aria-describedby=\"caption-attachment-150003\" loading=\"lazy\" class=\"wp-image-150003\" src=\"https:\/\/diariodamanhapelotas.com.br\/site\/wp-content\/uploads\/2025\/12\/exposicao-memorial-das-aguas-13.jpg\" alt=\"\" width=\"600\" height=\"338\" srcset=\"https:\/\/diariodamanhapelotas.com.br\/site\/wp-content\/uploads\/2025\/12\/exposicao-memorial-das-aguas-13.jpg 800w, https:\/\/diariodamanhapelotas.com.br\/site\/wp-content\/uploads\/2025\/12\/exposicao-memorial-das-aguas-13-300x169.jpg 300w, https:\/\/diariodamanhapelotas.com.br\/site\/wp-content\/uploads\/2025\/12\/exposicao-memorial-das-aguas-13-150x84.jpg 150w, https:\/\/diariodamanhapelotas.com.br\/site\/wp-content\/uploads\/2025\/12\/exposicao-memorial-das-aguas-13-768x432.jpg 768w\" sizes=\"(max-width: 600px) 100vw, 600px\" \/><p id=\"caption-attachment-150003\" class=\"wp-caption-text\">Cachoeira do Imigrante &#8211; Foto: Di\u00e1rio da Manh\u00e3<\/p><\/div>\n<p>&nbsp;<\/p>\n<ul>\n<li><b>Cachoeiras em Pelotas<\/b><\/li>\n<\/ul>\n<p>As cachoeiras localizadas na zona rural de Pelotas s\u00e3o op\u00e7\u00f5es para quem prefere fugir do calor do litoral. Com trilhas, \u00e1reas verdes e quedas d\u2019\u00e1gua, os locais oferecem contato direto com a natureza e s\u00e3o procurados para passeios, banhos refrescantes e lazer em meio ao ambiente natural.<\/p>\n<p>\ud83d\udccdLocaliza\u00e7\u00e3o de algumas cachoeiras: <a href=\"https:\/\/maps.app.goo.gl\/8xVn4oZcdLGbAuns8\" target=\"_blank\" rel=\"noopener noreferrer\">Cachoeira do Imigrante<\/a>, <a href=\"https:\/\/maps.app.goo.gl\/vy1gU2ATHnpy3p6j6\" target=\"_blank\" rel=\"noopener noreferrer\">Cachoeira do Para\u00edso<\/a> e <a href=\"https:\/\/maps.app.goo.gl\/RQBxShiyz3Rp4VQj9\" target=\"_blank\" rel=\"noopener noreferrer\">Cachoeira do Arco-\u00cdris<\/a>.<\/p>\n","protected":false},"excerpt":{"rendered":"<p>Guia de praias e destinos tur\u00edsticos para aproveitar a esta\u00e7\u00e3o mais quente do ano Com o calor t\u00edpico do ver\u00e3o, as praias do litoral sul do Rio Grande do Sul<\/p>\n","protected":false},"author":34,"featured_media":150004,"comment_status":"closed","ping_status":"closed","sticky":false,"template":"","format":"standard","meta":[],"categories":[305,32],"tags":[],"_links":{"self":[{"href":"https:\/\/diariodamanhapelotas.com.br\/site\/wp-json\/wp\/v2\/posts\/149970"}],"collection":[{"href":"https:\/\/diariodamanhapelotas.com.br\/site\/wp-json\/wp\/v2\/posts"}],"about":[{"href":"https:\/\/diariodamanhapelotas.com.br\/site\/wp-json\/wp\/v2\/types\/post"}],"author":[{"embeddable":true,"href":"https:\/\/diariodamanhapelotas.com.br\/site\/wp-json\/wp\/v2\/users\/34"}],"replies":[{"embeddable":true,"href":"https:\/\/diariodamanhapelotas.com.br\/site\/wp-json\/wp\/v2\/comments?post=149970"}],"version-history":[{"count":6,"href":"https:\/\/diariodamanhapelotas.com.br\/site\/wp-json\/wp\/v2\/posts\/149970\/revisions"}],"predecessor-version":[{"id":150007,"href":"https:\/\/diariodamanhapelotas.com.br\/site\/wp-json\/wp\/v2\/posts\/149970\/revisions\/150007"}],"wp:featuredmedia":[{"embeddable":true,"href":"https:\/\/diariodamanhapelotas.com.br\/site\/wp-json\/wp\/v2\/media\/150004"}],"wp:attachment":[{"href":"https:\/\/diariodamanhapelotas.com.br\/site\/wp-json\/wp\/v2\/media?parent=149970"}],"wp:term":[{"taxonomy":"category","embeddable":true,"href":"https:\/\/diariodamanhapelotas.com.br\/site\/wp-json\/wp\/v2\/categories?post=149970"},{"taxonomy":"post_tag","embeddable":true,"href":"https:\/\/diariodamanhapelotas.com.br\/site\/wp-json\/wp\/v2\/tags?post=149970"}],"curies":[{"name":"wp","href":"https:\/\/api.w.org\/{rel}","templated":true}]}}