{"id":149981,"date":"2025-12-30T08:41:55","date_gmt":"2025-12-30T11:41:55","guid":{"rendered":"https:\/\/diariodamanhapelotas.com.br\/site\/?p=149981"},"modified":"2025-12-30T08:41:55","modified_gmt":"2025-12-30T11:41:55","slug":"prefeitura-revitaliza-ciclofaixa-do-laranjal-e-regula-utilizacao-de-bicicleta","status":"publish","type":"post","link":"https:\/\/diariodamanhapelotas.com.br\/site\/prefeitura-revitaliza-ciclofaixa-do-laranjal-e-regula-utilizacao-de-bicicleta\/","title":{"rendered":"Prefeitura revitaliza ciclofaixa do Laranjal e regula utiliza\u00e7\u00e3o de bicicleta"},"content":{"rendered":"<h3 style=\"text-align: center;\"><em>Instala\u00e7\u00e3o de placas de proibi\u00e7\u00e3o de tr\u00e1fego de bicicletas nos cal\u00e7ad\u00f5es do Laranjal e Andrade Neves p\u00f5e em vigor Lei Municipal n\u00ba 7.450\/2025<\/em><\/h3>\n<p>A Secretaria de Transporte e Tr\u00e2nsito (STT) iniciou, nesta segunda-feira (29), a revitaliza\u00e7\u00e3o da ciclofaixa da avenida Ant\u00f4nio Augusto Assump\u00e7\u00e3o, na orla da Praia do Laranjal. O servi\u00e7o come\u00e7ou pelas imedia\u00e7\u00f5es do centro comercial Mar de Dentro e segue em dire\u00e7\u00e3o ao trapiche, com nova pintura da sinaliza\u00e7\u00e3o vi\u00e1ria, refor\u00e7o em lombadas e faixas de pedestres ao longo da via.<\/p>\n<p>Al\u00e9m da revitaliza\u00e7\u00e3o da ciclofaixa, tamb\u00e9m est\u00e1 sendo instalada sinaliza\u00e7\u00e3o vertical com placas que pro\u00edbem o tr\u00e1fego de bicicletas no cal\u00e7ad\u00e3o da praia, conforme determina a Lei Municipal n\u00ba 7.450\/2025. A medida visa proteger pedestres e garantir o uso adequado dos espa\u00e7os p\u00fablicos.<\/p>\n<p>A ciclofaixa da avenida Ant\u00f4nio Augusto Assump\u00e7\u00e3o \u00e9 uma das principais rotas ciclovi\u00e1rias da cidade, utilizada tanto por moradores quanto por visitantes. Com o aumento do fluxo de pedestres e ciclistas durante o ver\u00e3o, a manuten\u00e7\u00e3o da sinaliza\u00e7\u00e3o e o cumprimento das normas de circula\u00e7\u00e3o s\u00e3o fundamentais para evitar acidentes e organizar o tr\u00e1fego na regi\u00e3o.<\/p>\n<p>A Prefeitura refor\u00e7a que a circula\u00e7\u00e3o de bicicletas deve ocorrer exclusivamente nas \u00e1reas sinalizadas para este fim. A presen\u00e7a de placas de proibi\u00e7\u00e3o tem car\u00e1ter educativo e preventivo, alertando para o respeito \u00e0s normas de tr\u00e2nsito e \u00e0 conviv\u00eancia segura entre ciclistas e pedestres.<\/p>\n<p><img loading=\"lazy\" class=\" wp-image-149982 aligncenter\" src=\"https:\/\/diariodamanhapelotas.com.br\/site\/wp-content\/uploads\/2025\/12\/placa-proibido-bicicleta.jpeg\" alt=\"\" width=\"536\" height=\"594\" srcset=\"https:\/\/diariodamanhapelotas.com.br\/site\/wp-content\/uploads\/2025\/12\/placa-proibido-bicicleta.jpeg 541w, https:\/\/diariodamanhapelotas.com.br\/site\/wp-content\/uploads\/2025\/12\/placa-proibido-bicicleta-271x300.jpeg 271w, https:\/\/diariodamanhapelotas.com.br\/site\/wp-content\/uploads\/2025\/12\/placa-proibido-bicicleta-135x150.jpeg 135w\" sizes=\"(max-width: 536px) 100vw, 536px\" \/><\/p>\n<h4 style=\"text-align: center;\">Cal\u00e7ad\u00e3o da Andrade Neves<\/h4>\n<p>O cal\u00e7ad\u00e3o da Andrade Neves, no centro da cidade, tamb\u00e9m recebeu a sinaliza\u00e7\u00e3o vertical de proibi\u00e7\u00e3o de tr\u00e1fego de bicicletas. A fiscaliza\u00e7\u00e3o ficar\u00e1 a cargo da Guarda Municipal e demais agentes de fiscaliza\u00e7\u00e3o do munic\u00edpio. O descumprimento da acarretar\u00e1 ao infrator advert\u00eancia, multa e apreens\u00e3o do ve\u00edculo, conforme o caso.<\/p>\n","protected":false},"excerpt":{"rendered":"<p>Instala\u00e7\u00e3o de placas de proibi\u00e7\u00e3o de tr\u00e1fego de bicicletas nos cal\u00e7ad\u00f5es do Laranjal e Andrade Neves p\u00f5e em vigor Lei Municipal n\u00ba 7.450\/2025 A Secretaria de Transporte e Tr\u00e2nsito (STT)<\/p>\n","protected":false},"author":3,"featured_media":149983,"comment_status":"closed","ping_status":"closed","sticky":false,"template":"","format":"standard","meta":[],"categories":[305,149],"tags":[],"_links":{"self":[{"href":"https:\/\/diariodamanhapelotas.com.br\/site\/wp-json\/wp\/v2\/posts\/149981"}],"collection":[{"href":"https:\/\/diariodamanhapelotas.com.br\/site\/wp-json\/wp\/v2\/posts"}],"about":[{"href":"https:\/\/diariodamanhapelotas.com.br\/site\/wp-json\/wp\/v2\/types\/post"}],"author":[{"embeddable":true,"href":"https:\/\/diariodamanhapelotas.com.br\/site\/wp-json\/wp\/v2\/users\/3"}],"replies":[{"embeddable":true,"href":"https:\/\/diariodamanhapelotas.com.br\/site\/wp-json\/wp\/v2\/comments?post=149981"}],"version-history":[{"count":1,"href":"https:\/\/diariodamanhapelotas.com.br\/site\/wp-json\/wp\/v2\/posts\/149981\/revisions"}],"predecessor-version":[{"id":149984,"href":"https:\/\/diariodamanhapelotas.com.br\/site\/wp-json\/wp\/v2\/posts\/149981\/revisions\/149984"}],"wp:featuredmedia":[{"embeddable":true,"href":"https:\/\/diariodamanhapelotas.com.br\/site\/wp-json\/wp\/v2\/media\/149983"}],"wp:attachment":[{"href":"https:\/\/diariodamanhapelotas.com.br\/site\/wp-json\/wp\/v2\/media?parent=149981"}],"wp:term":[{"taxonomy":"category","embeddable":true,"href":"https:\/\/diariodamanhapelotas.com.br\/site\/wp-json\/wp\/v2\/categories?post=149981"},{"taxonomy":"post_tag","embeddable":true,"href":"https:\/\/diariodamanhapelotas.com.br\/site\/wp-json\/wp\/v2\/tags?post=149981"}],"curies":[{"name":"wp","href":"https:\/\/api.w.org\/{rel}","templated":true}]}}